{"id":6726,"date":"2015-08-23T09:11:04","date_gmt":"2015-08-23T14:11:04","guid":{"rendered":"http:\/\/www.loquecomemos.com\/?p=6726"},"modified":"2015-08-23T09:11:04","modified_gmt":"2015-08-23T14:11:04","slug":"empanadas-de-los-viejos-manosos","status":"publish","type":"post","link":"https:\/\/le-fort.org\/cocina\/empanadas-de-los-viejos-manosos\/","title":{"rendered":"Empanadas de Los Viejos Ma\u00f1osos"},"content":{"rendered":"<p>Tuvimos una reuni\u00f3n familiar el s\u00e1bado pasado. Comimos como Hotentotes, por supuesto, y hubo varias estrellas gastron\u00f3micas en la reuni\u00f3n. Una de ellas fueron las empanadas de <strong>Los Viejos Ma\u00f1osos.<\/strong><\/p>\n<p><!--more--><\/p>\n<figure id=\"attachment_6729\" aria-describedby=\"caption-attachment-6729\" style=\"width: 960px\" class=\"wp-caption aligncenter\"><img data-recalc-dims=\"1\" loading=\"lazy\" decoding=\"async\" data-attachment-id=\"6729\" data-permalink=\"https:\/\/le-fort.org\/cocina\/empanadas-de-los-viejos-manosos\/varias\/\" data-orig-file=\"https:\/\/i0.wp.com\/le-fort.org\/cocina\/wp-content\/uploads\/2015\/08\/varias.jpg?fit=960%2C600&amp;ssl=1\" data-orig-size=\"960,600\" data-comments-opened=\"0\" data-image-meta=\"{&quot;aperture&quot;:&quot;0&quot;,&quot;credit&quot;:&quot;&quot;,&quot;camera&quot;:&quot;&quot;,&quot;caption&quot;:&quot;&quot;,&quot;created_timestamp&quot;:&quot;0&quot;,&quot;copyright&quot;:&quot;&quot;,&quot;focal_length&quot;:&quot;0&quot;,&quot;iso&quot;:&quot;0&quot;,&quot;shutter_speed&quot;:&quot;0&quot;,&quot;title&quot;:&quot;&quot;,&quot;orientation&quot;:&quot;0&quot;}\" data-image-title=\"Empanadas de los viejos ma\u00f1osos\" data-image-description=\"\" data-image-caption=\"&lt;p&gt;Camar\u00f3n queso, aceituna rocoto queso y otras maravillas&lt;\/p&gt;\n\" data-large-file=\"https:\/\/i0.wp.com\/le-fort.org\/cocina\/wp-content\/uploads\/2015\/08\/varias.jpg?fit=960%2C600&amp;ssl=1\" class=\"size-full wp-image-6729\" src=\"https:\/\/i0.wp.com\/www.le-fort.org\/wp-content\/uploads\/2015\/08\/varias.jpg?resize=960%2C600&#038;ssl=1\" alt=\"Empanadas de los viejos ma\u00f1osos\" width=\"960\" height=\"600\" srcset=\"https:\/\/i0.wp.com\/le-fort.org\/cocina\/wp-content\/uploads\/2015\/08\/varias.jpg?w=960&amp;ssl=1 960w, https:\/\/i0.wp.com\/le-fort.org\/cocina\/wp-content\/uploads\/2015\/08\/varias.jpg?resize=600%2C375&amp;ssl=1 600w\" sizes=\"auto, (max-width: 960px) 100vw, 960px\" \/><figcaption id=\"caption-attachment-6729\" class=\"wp-caption-text\">Camar\u00f3n queso, aceituna rocoto queso y otras maravillas<\/figcaption><\/figure>\n<p><a href=\"https:\/\/www.facebook.com\/pages\/Los-Viejos-Ma%C3%B1osos\/652599614854929\" target=\"_blank\">Los Viejos Ma\u00f1osos<\/a> es una picada de empanadas y pan amasado por encargo que queda entre Batuco y Lampa, Regi\u00f3n Metropolitana, Chile; y son realmente maravillosas. Su tel\u00e9fono es el\u00a009 8158 7592.<\/p>\n<p>Para esta reuni\u00f3n familiar las opciones fueron:<\/p>\n<ul>\n<li>Pino<\/li>\n<li>Queso<\/li>\n<li>Camar\u00f3n-Queso<\/li>\n<li>Aceituna-Rocoto-queso<\/li>\n<li>Espinaca-Queso<\/li>\n<li>Champi\u00f1\u00f3n-Queso<\/li>\n<li>Napolitana<\/li>\n<\/ul>\n<p>Todas recibieron muy buenos comentarios. Por aqu\u00ed &#8220;s\u00f3lo&#8221; probamos las de pino, de champi\u00f1\u00f3n queso, y aceituna rocoto queso. Todas muy buenas y la \u00faltima realmente superlativa.<\/p>\n<figure id=\"attachment_6728\" aria-describedby=\"caption-attachment-6728\" style=\"width: 960px\" class=\"wp-caption aligncenter\"><img data-recalc-dims=\"1\" loading=\"lazy\" decoding=\"async\" data-attachment-id=\"6728\" data-permalink=\"https:\/\/le-fort.org\/cocina\/empanadas-de-los-viejos-manosos\/pino\/\" data-orig-file=\"https:\/\/i0.wp.com\/le-fort.org\/cocina\/wp-content\/uploads\/2015\/08\/pino.jpg?fit=960%2C600&amp;ssl=1\" data-orig-size=\"960,600\" data-comments-opened=\"0\" data-image-meta=\"{&quot;aperture&quot;:&quot;0&quot;,&quot;credit&quot;:&quot;&quot;,&quot;camera&quot;:&quot;&quot;,&quot;caption&quot;:&quot;&quot;,&quot;created_timestamp&quot;:&quot;0&quot;,&quot;copyright&quot;:&quot;&quot;,&quot;focal_length&quot;:&quot;0&quot;,&quot;iso&quot;:&quot;0&quot;,&quot;shutter_speed&quot;:&quot;0&quot;,&quot;title&quot;:&quot;&quot;,&quot;orientation&quot;:&quot;0&quot;}\" data-image-title=\"Empanadas de pino de los viejos ma\u00f1osos\" data-image-description=\"\" data-image-caption=\"&lt;p&gt;\u00bfSe sirve una empanada de pino?&lt;\/p&gt;\n\" data-large-file=\"https:\/\/i0.wp.com\/le-fort.org\/cocina\/wp-content\/uploads\/2015\/08\/pino.jpg?fit=960%2C600&amp;ssl=1\" class=\"size-full wp-image-6728\" src=\"https:\/\/i0.wp.com\/www.le-fort.org\/wp-content\/uploads\/2015\/08\/pino.jpg?resize=960%2C600&#038;ssl=1\" alt=\"Empanadas de pino de los viejos ma\u00f1osos\" width=\"960\" height=\"600\" srcset=\"https:\/\/i0.wp.com\/le-fort.org\/cocina\/wp-content\/uploads\/2015\/08\/pino.jpg?w=960&amp;ssl=1 960w, https:\/\/i0.wp.com\/le-fort.org\/cocina\/wp-content\/uploads\/2015\/08\/pino.jpg?resize=600%2C375&amp;ssl=1 600w\" sizes=\"auto, (max-width: 960px) 100vw, 960px\" \/><figcaption id=\"caption-attachment-6728\" class=\"wp-caption-text\">\u00bfSe sirve una empanada de pino?<\/figcaption><\/figure>\n<p>El precio de las empanadas es razonable: por lo que entendimos fue de alrededor de $1300, y definitivamente lo valen.<\/p>\n<p>Ya sabes: si andas\u00a0entre Batuco y Lampa, aprovecha de pasar por ah\u00ed.<\/p>\n<p><img data-recalc-dims=\"1\" loading=\"lazy\" decoding=\"async\" data-attachment-id=\"6727\" data-permalink=\"https:\/\/le-fort.org\/cocina\/empanadas-de-los-viejos-manosos\/empanadas-2\/\" data-orig-file=\"https:\/\/i0.wp.com\/le-fort.org\/cocina\/wp-content\/uploads\/2015\/08\/empanadas.jpg?fit=960%2C600&amp;ssl=1\" data-orig-size=\"960,600\" data-comments-opened=\"0\" data-image-meta=\"{&quot;aperture&quot;:&quot;0&quot;,&quot;credit&quot;:&quot;&quot;,&quot;camera&quot;:&quot;&quot;,&quot;caption&quot;:&quot;&quot;,&quot;created_timestamp&quot;:&quot;0&quot;,&quot;copyright&quot;:&quot;&quot;,&quot;focal_length&quot;:&quot;0&quot;,&quot;iso&quot;:&quot;0&quot;,&quot;shutter_speed&quot;:&quot;0&quot;,&quot;title&quot;:&quot;&quot;,&quot;orientation&quot;:&quot;0&quot;}\" data-image-title=\"empanadas\" data-image-description=\"\" data-image-caption=\"\" data-large-file=\"https:\/\/i0.wp.com\/le-fort.org\/cocina\/wp-content\/uploads\/2015\/08\/empanadas.jpg?fit=960%2C600&amp;ssl=1\" class=\"aligncenter size-full wp-image-6727\" src=\"https:\/\/i0.wp.com\/www.le-fort.org\/wp-content\/uploads\/2015\/08\/empanadas.jpg?resize=960%2C600&#038;ssl=1\" alt=\"empanadas\" width=\"960\" height=\"600\" srcset=\"https:\/\/i0.wp.com\/le-fort.org\/cocina\/wp-content\/uploads\/2015\/08\/empanadas.jpg?w=960&amp;ssl=1 960w, https:\/\/i0.wp.com\/le-fort.org\/cocina\/wp-content\/uploads\/2015\/08\/empanadas.jpg?resize=600%2C375&amp;ssl=1 600w\" sizes=\"auto, (max-width: 960px) 100vw, 960px\" \/><\/p>\n","protected":false},"excerpt":{"rendered":"<p>Las empanadas de los viejos ma\u00f1osos en Lampa son verdaderamente notables. Pino, queso, camar\u00f3n queso, napolitana y otras maravillas adornan su oferta.<\/p>\n","protected":false},"author":1,"featured_media":6730,"comment_status":"open","ping_status":"closed","sticky":false,"template":"","format":"standard","meta":{"_jetpack_newsletter_access":"","_jetpack_dont_email_post_to_subs":false,"_jetpack_newsletter_tier_id":0,"_jetpack_memberships_contains_paywalled_content":false,"_jetpack_memberships_contains_paid_content":false,"footnotes":""},"categories":[8],"tags":[138,46],"class_list":["post-6726","post","type-post","status-publish","format-standard","has-post-thumbnail","hentry","category-locales","tag-comida-chilena","tag-empanadas","entry","has-media"],"jetpack_featured_media_url":"https:\/\/i0.wp.com\/le-fort.org\/cocina\/wp-content\/uploads\/2015\/08\/viejos-mannosos-hd.jpg?fit=1200%2C400&ssl=1","jetpack_shortlink":"https:\/\/wp.me\/pghKer-1Ku","jetpack_sharing_enabled":true,"jetpack-related-posts":[{"id":11343,"url":"https:\/\/le-fort.org\/cocina\/empanadas-chilenas-en-cuenca\/","url_meta":{"origin":6726,"position":0},"title":"Empanadas Chilenas en Cuenca (I: Trigo Pan)","author":"Le-Fort.org","date":"9 de Enero, 2018","format":false,"excerpt":"Caminando el otro d\u00eda encontramos un caf\u00e9 con buenas empanadas chilenas en Cuenca, Ecuador.\u00a0 Queda en Av. 12 de Abril con Av. Solano, y la verdad es que fue un descubrimiento. El nombre es panader\u00eda trigo pan y lo atienden ecuatorianos que aprendieron de chilenos, y aprendieron muy bien. Ofrecen\u2026","rel":"","context":"En &quot;Ecuador&quot;","block_context":{"text":"Ecuador","link":"https:\/\/le-fort.org\/cocina\/categoria\/ecuador\/"},"img":{"alt_text":"","src":"https:\/\/i0.wp.com\/le-fort.org\/cocina\/wp-content\/uploads\/2018\/01\/empanada-hd.jpg?fit=1200%2C400&ssl=1&resize=350%2C200","width":350,"height":200,"srcset":"https:\/\/i0.wp.com\/le-fort.org\/cocina\/wp-content\/uploads\/2018\/01\/empanada-hd.jpg?fit=1200%2C400&ssl=1&resize=350%2C200 1x, https:\/\/i0.wp.com\/le-fort.org\/cocina\/wp-content\/uploads\/2018\/01\/empanada-hd.jpg?fit=1200%2C400&ssl=1&resize=525%2C300 1.5x, https:\/\/i0.wp.com\/le-fort.org\/cocina\/wp-content\/uploads\/2018\/01\/empanada-hd.jpg?fit=1200%2C400&ssl=1&resize=700%2C400 2x, https:\/\/i0.wp.com\/le-fort.org\/cocina\/wp-content\/uploads\/2018\/01\/empanada-hd.jpg?fit=1200%2C400&ssl=1&resize=1050%2C600 3x"},"classes":[]},{"id":11561,"url":"https:\/\/le-fort.org\/cocina\/taller-de-empanadas-chilenas-nayon\/","url_meta":{"origin":6726,"position":1},"title":"Taller de Empanadas chilenas en Nay\u00f3n","author":"Le-Fort.org","date":"28 de Enero, 2018","format":false,"excerpt":"Dimos un taller de empanadas chilenas a particulares en Nay\u00f3n. Como chilenos nos encanta tener la posibilidad de difundir el patrimonio culinario de Chile (y de comer empanadas, por supuesto). No conoc\u00edamos Nay\u00f3n, as\u00ed es que el curso nos sirvi\u00f3 para ampliar un poco nuestros horizontes. Nos encant\u00f3 la zona,\u2026","rel":"","context":"En &quot;Educaci\u00f3n&quot;","block_context":{"text":"Educaci\u00f3n","link":"https:\/\/le-fort.org\/cocina\/categoria\/educacion\/"},"img":{"alt_text":"","src":"https:\/\/i0.wp.com\/le-fort.org\/cocina\/wp-content\/uploads\/2018\/01\/empanadas-hd.jpg?fit=1200%2C400&ssl=1&resize=350%2C200","width":350,"height":200,"srcset":"https:\/\/i0.wp.com\/le-fort.org\/cocina\/wp-content\/uploads\/2018\/01\/empanadas-hd.jpg?fit=1200%2C400&ssl=1&resize=350%2C200 1x, https:\/\/i0.wp.com\/le-fort.org\/cocina\/wp-content\/uploads\/2018\/01\/empanadas-hd.jpg?fit=1200%2C400&ssl=1&resize=525%2C300 1.5x, https:\/\/i0.wp.com\/le-fort.org\/cocina\/wp-content\/uploads\/2018\/01\/empanadas-hd.jpg?fit=1200%2C400&ssl=1&resize=700%2C400 2x, https:\/\/i0.wp.com\/le-fort.org\/cocina\/wp-content\/uploads\/2018\/01\/empanadas-hd.jpg?fit=1200%2C400&ssl=1&resize=1050%2C600 3x"},"classes":[]},{"id":643,"url":"https:\/\/le-fort.org\/cocina\/empanadas-fritas-de-queso\/","url_meta":{"origin":6726,"position":2},"title":"Empanadas fritas de queso","author":"Le-Fort.org","date":"4 de Agosto, 2011","format":false,"excerpt":"Receta de las empanadas fritas de queso. Son muy simples de hacer.","rel":"","context":"En &quot;Comida&quot;","block_context":{"text":"Comida","link":"https:\/\/le-fort.org\/cocina\/categoria\/cocina-comida\/"},"img":{"alt_text":"","src":"https:\/\/i0.wp.com\/le-fort.org\/cocina\/wp-content\/uploads\/2011\/08\/de-queso-hd.jpg?fit=1200%2C400&ssl=1&resize=350%2C200","width":350,"height":200,"srcset":"https:\/\/i0.wp.com\/le-fort.org\/cocina\/wp-content\/uploads\/2011\/08\/de-queso-hd.jpg?fit=1200%2C400&ssl=1&resize=350%2C200 1x, https:\/\/i0.wp.com\/le-fort.org\/cocina\/wp-content\/uploads\/2011\/08\/de-queso-hd.jpg?fit=1200%2C400&ssl=1&resize=525%2C300 1.5x, https:\/\/i0.wp.com\/le-fort.org\/cocina\/wp-content\/uploads\/2011\/08\/de-queso-hd.jpg?fit=1200%2C400&ssl=1&resize=700%2C400 2x, https:\/\/i0.wp.com\/le-fort.org\/cocina\/wp-content\/uploads\/2011\/08\/de-queso-hd.jpg?fit=1200%2C400&ssl=1&resize=1050%2C600 3x"},"classes":[]},{"id":5379,"url":"https:\/\/le-fort.org\/cocina\/empanadas-de-queso-bam-bam-en-guayaquil\/","url_meta":{"origin":6726,"position":3},"title":"Empanadas Bam-Bam","author":"Le-Fort.org","date":"31 de Marzo, 2014","format":false,"excerpt":"Rese\u00f1a de las empanadas de queso Bam-Bam, en el centro de Guayaquil. Buenas empanadas con relleno abundante.","rel":"","context":"En &quot;Locales&quot;","block_context":{"text":"Locales","link":"https:\/\/le-fort.org\/cocina\/categoria\/locales\/"},"img":{"alt_text":"","src":"https:\/\/i0.wp.com\/le-fort.org\/cocina\/wp-content\/uploads\/2014\/03\/empanadas-hd.jpg?fit=1200%2C400&ssl=1&resize=350%2C200","width":350,"height":200,"srcset":"https:\/\/i0.wp.com\/le-fort.org\/cocina\/wp-content\/uploads\/2014\/03\/empanadas-hd.jpg?fit=1200%2C400&ssl=1&resize=350%2C200 1x, https:\/\/i0.wp.com\/le-fort.org\/cocina\/wp-content\/uploads\/2014\/03\/empanadas-hd.jpg?fit=1200%2C400&ssl=1&resize=525%2C300 1.5x, https:\/\/i0.wp.com\/le-fort.org\/cocina\/wp-content\/uploads\/2014\/03\/empanadas-hd.jpg?fit=1200%2C400&ssl=1&resize=700%2C400 2x, https:\/\/i0.wp.com\/le-fort.org\/cocina\/wp-content\/uploads\/2014\/03\/empanadas-hd.jpg?fit=1200%2C400&ssl=1&resize=1050%2C600 3x"},"classes":[]},{"id":13608,"url":"https:\/\/le-fort.org\/cocina\/empanadas-chilenas-en-loja\/","url_meta":{"origin":6726,"position":4},"title":"Empanadas Chilenas en Loja","author":"Le-Fort.org","date":"2 de Febrero, 2019","format":false,"excerpt":"Taller de empanadas Chilenas en Loja","rel":"","context":"En &quot;Educaci\u00f3n&quot;","block_context":{"text":"Educaci\u00f3n","link":"https:\/\/le-fort.org\/cocina\/categoria\/educacion\/"},"img":{"alt_text":"","src":"https:\/\/i0.wp.com\/le-fort.org\/cocina\/wp-content\/uploads\/2019\/02\/empanadas-de-queso-hd.jpg?fit=1200%2C400&ssl=1&resize=350%2C200","width":350,"height":200,"srcset":"https:\/\/i0.wp.com\/le-fort.org\/cocina\/wp-content\/uploads\/2019\/02\/empanadas-de-queso-hd.jpg?fit=1200%2C400&ssl=1&resize=350%2C200 1x, https:\/\/i0.wp.com\/le-fort.org\/cocina\/wp-content\/uploads\/2019\/02\/empanadas-de-queso-hd.jpg?fit=1200%2C400&ssl=1&resize=525%2C300 1.5x, https:\/\/i0.wp.com\/le-fort.org\/cocina\/wp-content\/uploads\/2019\/02\/empanadas-de-queso-hd.jpg?fit=1200%2C400&ssl=1&resize=700%2C400 2x, https:\/\/i0.wp.com\/le-fort.org\/cocina\/wp-content\/uploads\/2019\/02\/empanadas-de-queso-hd.jpg?fit=1200%2C400&ssl=1&resize=1050%2C600 3x"},"classes":[]},{"id":7546,"url":"https:\/\/le-fort.org\/cocina\/cristobal-bolon-bolones-en-guayaquil\/","url_meta":{"origin":6726,"position":5},"title":"Crist\u00f3bal Bol\u00f3n \u2014 Guayaquil","author":"Le-Fort.org","date":"6 de Febrero, 2016","format":false,"excerpt":"Local de bolones en Guayaquil frente al San Marino.. Nos gust\u00f3 el local y la atenci\u00f3n, y la empanadas fueron una agradable sorpresa extra.","rel":"","context":"En &quot;Ecuador&quot;","block_context":{"text":"Ecuador","link":"https:\/\/le-fort.org\/cocina\/categoria\/ecuador\/"},"img":{"alt_text":"","src":"https:\/\/i0.wp.com\/le-fort.org\/cocina\/wp-content\/uploads\/2016\/02\/bolon-hd.jpg?fit=1200%2C400&ssl=1&resize=350%2C200","width":350,"height":200,"srcset":"https:\/\/i0.wp.com\/le-fort.org\/cocina\/wp-content\/uploads\/2016\/02\/bolon-hd.jpg?fit=1200%2C400&ssl=1&resize=350%2C200 1x, https:\/\/i0.wp.com\/le-fort.org\/cocina\/wp-content\/uploads\/2016\/02\/bolon-hd.jpg?fit=1200%2C400&ssl=1&resize=525%2C300 1.5x, https:\/\/i0.wp.com\/le-fort.org\/cocina\/wp-content\/uploads\/2016\/02\/bolon-hd.jpg?fit=1200%2C400&ssl=1&resize=700%2C400 2x, https:\/\/i0.wp.com\/le-fort.org\/cocina\/wp-content\/uploads\/2016\/02\/bolon-hd.jpg?fit=1200%2C400&ssl=1&resize=1050%2C600 3x"},"classes":[]}],"_links":{"self":[{"href":"https:\/\/le-fort.org\/cocina\/wp-json\/wp\/v2\/posts\/6726","targetHints":{"allow":["GET"]}}],"collection":[{"href":"https:\/\/le-fort.org\/cocina\/wp-json\/wp\/v2\/posts"}],"about":[{"href":"https:\/\/le-fort.org\/cocina\/wp-json\/wp\/v2\/types\/post"}],"author":[{"embeddable":true,"href":"https:\/\/le-fort.org\/cocina\/wp-json\/wp\/v2\/users\/1"}],"replies":[{"embeddable":true,"href":"https:\/\/le-fort.org\/cocina\/wp-json\/wp\/v2\/comments?post=6726"}],"version-history":[{"count":0,"href":"https:\/\/le-fort.org\/cocina\/wp-json\/wp\/v2\/posts\/6726\/revisions"}],"wp:featuredmedia":[{"embeddable":true,"href":"https:\/\/le-fort.org\/cocina\/wp-json\/wp\/v2\/media\/6730"}],"wp:attachment":[{"href":"https:\/\/le-fort.org\/cocina\/wp-json\/wp\/v2\/media?parent=6726"}],"wp:term":[{"taxonomy":"category","embeddable":true,"href":"https:\/\/le-fort.org\/cocina\/wp-json\/wp\/v2\/categories?post=6726"},{"taxonomy":"post_tag","embeddable":true,"href":"https:\/\/le-fort.org\/cocina\/wp-json\/wp\/v2\/tags?post=6726"}],"curies":[{"name":"wp","href":"https:\/\/api.w.org\/{rel}","templated":true}]}}