{"id":6769,"date":"2015-09-23T11:17:19","date_gmt":"2015-09-23T16:17:19","guid":{"rendered":"http:\/\/www.loquecomemos.com\/?p=6769"},"modified":"2020-04-04T11:13:14","modified_gmt":"2020-04-04T16:13:14","slug":"brownies","status":"publish","type":"post","link":"https:\/\/le-fort.org\/cocina\/brownies\/","title":{"rendered":"Brownies"},"content":{"rendered":"<p><a href=\"https:\/\/le-fort.org\/etiqueta\/brownies\/\">Nos gustan los <em>brownies<\/em> y ya hemos hablado de ellos<\/a>.<\/p>\n<p>Hoy volveremos, una vez m\u00e1s, a hablar de ellos. Tenemos una receta nueva, que hasta que nos entusiasmemos con otra, ser\u00e1 nuestra receta est\u00e1ndar de <em>brownies<\/em>, o negritos, si as\u00ed lo prefieres.<\/p>\n<p>Es una receta muy simple, y para variar, la parte m\u00e1s dif\u00edcil es la de esperar que se enfr\u00ede para poder com\u00e9rselo.<!--more--><\/p>\n<p>&nbsp;<\/p>\n<p><img data-recalc-dims=\"1\" loading=\"lazy\" decoding=\"async\" data-attachment-id=\"7556\" data-permalink=\"https:\/\/le-fort.org\/cocina\/brownies\/brownies-azucarflor\/\" data-orig-file=\"https:\/\/i0.wp.com\/le-fort.org\/cocina\/wp-content\/uploads\/2015\/09\/brownies-azucarflor.jpg?fit=960%2C540&amp;ssl=1\" data-orig-size=\"960,540\" data-comments-opened=\"0\" data-image-meta=\"{&quot;aperture&quot;:&quot;0&quot;,&quot;credit&quot;:&quot;&quot;,&quot;camera&quot;:&quot;&quot;,&quot;caption&quot;:&quot;&quot;,&quot;created_timestamp&quot;:&quot;0&quot;,&quot;copyright&quot;:&quot;&quot;,&quot;focal_length&quot;:&quot;0&quot;,&quot;iso&quot;:&quot;0&quot;,&quot;shutter_speed&quot;:&quot;0&quot;,&quot;title&quot;:&quot;&quot;,&quot;orientation&quot;:&quot;0&quot;}\" data-image-title=\"brownies-azucarflor\" data-image-description=\"\" data-image-caption=\"\" data-large-file=\"https:\/\/i0.wp.com\/le-fort.org\/cocina\/wp-content\/uploads\/2015\/09\/brownies-azucarflor.jpg?fit=960%2C540&amp;ssl=1\" class=\"aligncenter size-medium wp-image-7556\" src=\"https:\/\/i0.wp.com\/www.le-fort.org\/wp-content\/uploads\/2015\/09\/brownies-azucarflor-600x338.jpg?resize=600%2C338&#038;ssl=1\" alt=\"Brownies con az\u00facar flor\" width=\"600\" height=\"338\" srcset=\"https:\/\/i0.wp.com\/le-fort.org\/cocina\/wp-content\/uploads\/2015\/09\/brownies-azucarflor.jpg?resize=600%2C338&amp;ssl=1 600w, https:\/\/i0.wp.com\/le-fort.org\/cocina\/wp-content\/uploads\/2015\/09\/brownies-azucarflor.jpg?w=960&amp;ssl=1 960w\" sizes=\"auto, (max-width: 600px) 100vw, 600px\" \/><\/p>\n<p>La parte cr\u00edtica es utilizar un buen cacao en polvo amargo. Aqu\u00ed la hemos probado con distintas marcas locales (estamos en Ecuador) y siempre nos ha salido bien. El cacao es maravilloso en este pa\u00eds.<\/p>\n<p>Manos a la obra.<\/p>\n<h2>Ingredientes<\/h2>\n<p>Estos ingredientes son para un molde de 30 cm. de di\u00e1metro, lo que es manifiestamente insuficiente. Haz 2 \u00f3 3 si tus comensales (o tu misma) lo requieren.<\/p>\n<ul>\n<li>3\/4 taza de az\u00facar (180g)<\/li>\n<li>1\/2 taza de aceite vegetal neutro (110g)<\/li>\n<li>2 huevos (100g)<\/li>\n<li>2\/3 de taza de cacao amargo en polvo (60g)<\/li>\n<li>1 cucharadita de esencia de vainilla (5g)<\/li>\n<li>3\/4 taza de harina (120g)<\/li>\n<li>1,5 cucharaditas de polvos de hornear (7g)<\/li>\n<\/ul>\n<h2>Procedimiento<\/h2>\n<ol>\n<li>Precalentar el horno a 180\u00b0C<\/li>\n<li>Batir aceite, az\u00facar vainilla y huevos hasta que casi no se vean cristales de az\u00facar.<\/li>\n<li>A\u00f1adir el cacao tamizado.<\/li>\n<li>Batir hasta incorporar.<\/li>\n<li>A\u00f1adir la harina tamizada junto con los polvos de hornear e incorporar no batiendo sino que revolviendo suavemente, con movimientos envolventes.<\/li>\n<li>Verter en el molde forrado con papel de hornear.<\/li>\n<li>Hornear a 180\u00b0C por 20 minutos.<\/li>\n<li>Dejar enfriar completamente.<\/li>\n<li>Cortar y comer&#8230; o s\u00f3lo comer.<\/li>\n<\/ol>\n<p><img data-recalc-dims=\"1\" loading=\"lazy\" decoding=\"async\" data-attachment-id=\"11981\" data-permalink=\"https:\/\/le-fort.org\/cocina\/brownies\/brownies-2\/\" data-orig-file=\"https:\/\/i0.wp.com\/le-fort.org\/cocina\/wp-content\/uploads\/2015\/09\/brownies-1.jpg?fit=1280%2C720&amp;ssl=1\" data-orig-size=\"1280,720\" data-comments-opened=\"0\" data-image-meta=\"{&quot;aperture&quot;:&quot;0&quot;,&quot;credit&quot;:&quot;&quot;,&quot;camera&quot;:&quot;&quot;,&quot;caption&quot;:&quot;&quot;,&quot;created_timestamp&quot;:&quot;0&quot;,&quot;copyright&quot;:&quot;&quot;,&quot;focal_length&quot;:&quot;0&quot;,&quot;iso&quot;:&quot;0&quot;,&quot;shutter_speed&quot;:&quot;0&quot;,&quot;title&quot;:&quot;&quot;,&quot;orientation&quot;:&quot;0&quot;}\" data-image-title=\"brownies\" data-image-description=\"\" data-image-caption=\"\" data-large-file=\"https:\/\/i0.wp.com\/le-fort.org\/cocina\/wp-content\/uploads\/2015\/09\/brownies-1.jpg?fit=1200%2C675&amp;ssl=1\" class=\"aligncenter wp-image-11981 size-large\" src=\"https:\/\/i0.wp.com\/www.le-fort.org\/wp-content\/uploads\/2015\/09\/brownies-1-1280x720.jpg?resize=755%2C425&#038;ssl=1\" alt=\"\" width=\"755\" height=\"425\" srcset=\"https:\/\/i0.wp.com\/le-fort.org\/cocina\/wp-content\/uploads\/2015\/09\/brownies-1.jpg?w=1280&amp;ssl=1 1280w, https:\/\/i0.wp.com\/le-fort.org\/cocina\/wp-content\/uploads\/2015\/09\/brownies-1.jpg?resize=600%2C338&amp;ssl=1 600w\" sizes=\"auto, (max-width: 755px) 100vw, 755px\" \/><\/p>\n<p>Una vez que fuimos capaces de no com\u00e9rnoslos todos de una sola sentada, descubrimos que mejoran de un d\u00eda para otro, reposando en una bolsa cerrada herm\u00e9ticamente, por ejemplo, en esas bolsas tipo ziploc.<\/p>\n","protected":false},"excerpt":{"rendered":"<p>Nueva receta de brownies (o negritos, si lo prefieres). Es muy simple y muy buena y muy chocolatosa, y nos quedaremos con ella por un buen tiempo.<\/p>\n","protected":false},"author":1,"featured_media":11979,"comment_status":"closed","ping_status":"closed","sticky":false,"template":"","format":"standard","meta":{"_jetpack_newsletter_access":"","_jetpack_dont_email_post_to_subs":true,"_jetpack_newsletter_tier_id":0,"_jetpack_memberships_contains_paywalled_content":false,"_jetpack_memberships_contains_paid_content":false,"footnotes":""},"categories":[40,2],"tags":[81,358,220,47,30],"class_list":["post-6769","post","type-post","status-publish","format-standard","has-post-thumbnail","hentry","category-chocolate","category-recetas","tag-brownies","tag-chocolate","tag-chocolate-ecuatoriano","tag-dulces","tag-reposteria","entry","has-media"],"jetpack_featured_media_url":"https:\/\/i0.wp.com\/le-fort.org\/cocina\/wp-content\/uploads\/2015\/09\/brownies-hd-1.jpg?fit=1500%2C500&ssl=1","jetpack_shortlink":"https:\/\/wp.me\/sghKer-brownies","jetpack_sharing_enabled":true,"jetpack-related-posts":[{"id":2061,"url":"https:\/\/le-fort.org\/cocina\/receta-de-brownies\/","url_meta":{"origin":6769,"position":0},"title":"Receta de Brownies B\u00e1sica y Chocolatosa","author":"Le-Fort.org","date":"2 de Agosto, 2012","format":false,"excerpt":"Los Brownies \u2013negritos en nuestro idioma\u2013 son un h\u00edbrido entre queque y \u00bfcaluga? de chocolate de origen estadounidense. Aqu\u00ed est\u00e1 la receta de los brownies de chocolate.","rel":"","context":"En &quot;Comida&quot;","block_context":{"text":"Comida","link":"https:\/\/le-fort.org\/cocina\/categoria\/cocina-comida\/"},"img":{"alt_text":"","src":"https:\/\/i0.wp.com\/le-fort.org\/cocina\/wp-content\/uploads\/2012\/08\/brownies-800x288.jpg?fit=800%2C288&ssl=1&resize=350%2C200","width":350,"height":200,"srcset":"https:\/\/i0.wp.com\/le-fort.org\/cocina\/wp-content\/uploads\/2012\/08\/brownies-800x288.jpg?fit=800%2C288&ssl=1&resize=350%2C200 1x, https:\/\/i0.wp.com\/le-fort.org\/cocina\/wp-content\/uploads\/2012\/08\/brownies-800x288.jpg?fit=800%2C288&ssl=1&resize=525%2C300 1.5x, https:\/\/i0.wp.com\/le-fort.org\/cocina\/wp-content\/uploads\/2012\/08\/brownies-800x288.jpg?fit=800%2C288&ssl=1&resize=700%2C400 2x"},"classes":[]},{"id":8909,"url":"https:\/\/le-fort.org\/cocina\/mousse-de-chocolate-de-dos-ingredientes\/","url_meta":{"origin":6769,"position":1},"title":"Mousse de Chocolate de dos Ingredientes","author":"Le-Fort.org","date":"16 de Noviembre, 2016","format":false,"excerpt":"De la emulsi\u00f3n a la espuma","rel":"","context":"En &quot;Reposter\u00eda&quot;","block_context":{"text":"Reposter\u00eda","link":"https:\/\/le-fort.org\/cocina\/categoria\/reposteria\/"},"img":{"alt_text":"","src":"https:\/\/i0.wp.com\/le-fort.org\/cocina\/wp-content\/uploads\/2016\/11\/mousse-hd-1.jpg?fit=1200%2C400&ssl=1&resize=350%2C200","width":350,"height":200,"srcset":"https:\/\/i0.wp.com\/le-fort.org\/cocina\/wp-content\/uploads\/2016\/11\/mousse-hd-1.jpg?fit=1200%2C400&ssl=1&resize=350%2C200 1x, https:\/\/i0.wp.com\/le-fort.org\/cocina\/wp-content\/uploads\/2016\/11\/mousse-hd-1.jpg?fit=1200%2C400&ssl=1&resize=525%2C300 1.5x, https:\/\/i0.wp.com\/le-fort.org\/cocina\/wp-content\/uploads\/2016\/11\/mousse-hd-1.jpg?fit=1200%2C400&ssl=1&resize=700%2C400 2x, https:\/\/i0.wp.com\/le-fort.org\/cocina\/wp-content\/uploads\/2016\/11\/mousse-hd-1.jpg?fit=1200%2C400&ssl=1&resize=1050%2C600 3x"},"classes":[]},{"id":8588,"url":"https:\/\/le-fort.org\/cocina\/brownies-de-banana\/","url_meta":{"origin":6769,"position":2},"title":"Brownies de Banana","author":"Le-Fort.org","date":"8 de Agosto, 2016","format":false,"excerpt":"Receta de brownies de banana f\u00e1cil y deliciosa. Son una excelente forma de aprovechar las bananas un poco pasadas de maduras. Mejoran de un d\u00eda para el otro","rel":"","context":"En &quot;Reposter\u00eda&quot;","block_context":{"text":"Reposter\u00eda","link":"https:\/\/le-fort.org\/cocina\/categoria\/reposteria\/"},"img":{"alt_text":"","src":"https:\/\/i0.wp.com\/le-fort.org\/cocina\/wp-content\/uploads\/2016\/08\/brownies-hd.jpg?fit=1200%2C400&ssl=1&resize=350%2C200","width":350,"height":200,"srcset":"https:\/\/i0.wp.com\/le-fort.org\/cocina\/wp-content\/uploads\/2016\/08\/brownies-hd.jpg?fit=1200%2C400&ssl=1&resize=350%2C200 1x, https:\/\/i0.wp.com\/le-fort.org\/cocina\/wp-content\/uploads\/2016\/08\/brownies-hd.jpg?fit=1200%2C400&ssl=1&resize=525%2C300 1.5x, https:\/\/i0.wp.com\/le-fort.org\/cocina\/wp-content\/uploads\/2016\/08\/brownies-hd.jpg?fit=1200%2C400&ssl=1&resize=700%2C400 2x, https:\/\/i0.wp.com\/le-fort.org\/cocina\/wp-content\/uploads\/2016\/08\/brownies-hd.jpg?fit=1200%2C400&ssl=1&resize=1050%2C600 3x"},"classes":[]},{"id":15578,"url":"https:\/\/le-fort.org\/cocina\/brownies-nueva-receta\/","url_meta":{"origin":6769,"position":3},"title":"Brownies Esponjosos","author":"Le-Fort.org","date":"11 de Abril, 2021","format":false,"excerpt":"Receta de brownie que incorpora algunas novedades","rel":"","context":"En &quot;Reposter\u00eda&quot;","block_context":{"text":"Reposter\u00eda","link":"https:\/\/le-fort.org\/cocina\/categoria\/reposteria\/"},"img":{"alt_text":"","src":"https:\/\/i0.wp.com\/le-fort.org\/cocina\/wp-content\/uploads\/2015\/09\/brownies-hd-1.jpg?fit=1200%2C400&ssl=1&resize=350%2C200","width":350,"height":200,"srcset":"https:\/\/i0.wp.com\/le-fort.org\/cocina\/wp-content\/uploads\/2015\/09\/brownies-hd-1.jpg?fit=1200%2C400&ssl=1&resize=350%2C200 1x, https:\/\/i0.wp.com\/le-fort.org\/cocina\/wp-content\/uploads\/2015\/09\/brownies-hd-1.jpg?fit=1200%2C400&ssl=1&resize=525%2C300 1.5x, https:\/\/i0.wp.com\/le-fort.org\/cocina\/wp-content\/uploads\/2015\/09\/brownies-hd-1.jpg?fit=1200%2C400&ssl=1&resize=700%2C400 2x, https:\/\/i0.wp.com\/le-fort.org\/cocina\/wp-content\/uploads\/2015\/09\/brownies-hd-1.jpg?fit=1200%2C400&ssl=1&resize=1050%2C600 3x"},"classes":[]},{"id":4728,"url":"https:\/\/le-fort.org\/cocina\/brownies-con-naranja-y-nutella\/","url_meta":{"origin":6769,"position":4},"title":"Brownies con Naranja y Nutella","author":"Le-Fort.org","date":"11 de Julio, 2013","format":false,"excerpt":"Receta de Brownies de naranja y Nutella, con trocitos de c\u00e1scara de naranja confitada y una capa de Nutella.","rel":"","context":"En &quot;Recetas&quot;","block_context":{"text":"Recetas","link":"https:\/\/le-fort.org\/cocina\/categoria\/recetas\/"},"img":{"alt_text":"","src":"https:\/\/i0.wp.com\/le-fort.org\/cocina\/wp-content\/uploads\/2013\/07\/brownie-naranja-nutella-hd.jpg?fit=1200%2C401&ssl=1&resize=350%2C200","width":350,"height":200,"srcset":"https:\/\/i0.wp.com\/le-fort.org\/cocina\/wp-content\/uploads\/2013\/07\/brownie-naranja-nutella-hd.jpg?fit=1200%2C401&ssl=1&resize=350%2C200 1x, https:\/\/i0.wp.com\/le-fort.org\/cocina\/wp-content\/uploads\/2013\/07\/brownie-naranja-nutella-hd.jpg?fit=1200%2C401&ssl=1&resize=525%2C300 1.5x, https:\/\/i0.wp.com\/le-fort.org\/cocina\/wp-content\/uploads\/2013\/07\/brownie-naranja-nutella-hd.jpg?fit=1200%2C401&ssl=1&resize=700%2C400 2x, https:\/\/i0.wp.com\/le-fort.org\/cocina\/wp-content\/uploads\/2013\/07\/brownie-naranja-nutella-hd.jpg?fit=1200%2C401&ssl=1&resize=1050%2C600 3x"},"classes":[]},{"id":623,"url":"https:\/\/le-fort.org\/cocina\/nutella-chocolate-avellanas-adiccion\/","url_meta":{"origin":6769,"position":5},"title":"Nutella: chocolate, avellanas y adicci\u00f3n","author":"Le-Fort.org","date":"4 de Agosto, 2011","format":false,"excerpt":"Qu\u00e9 rica es la nutella. Es una pasta de avellanas, chocolate y leche que es adictiva.","rel":"","context":"En &quot;Comida&quot;","block_context":{"text":"Comida","link":"https:\/\/le-fort.org\/cocina\/categoria\/cocina-comida\/"},"img":{"alt_text":"","src":"https:\/\/i0.wp.com\/le-fort.org\/cocina\/wp-content\/uploads\/2011\/08\/nutella1.jpg?fit=620%2C250&ssl=1&resize=350%2C200","width":350,"height":200,"srcset":"https:\/\/i0.wp.com\/le-fort.org\/cocina\/wp-content\/uploads\/2011\/08\/nutella1.jpg?fit=620%2C250&ssl=1&resize=350%2C200 1x, https:\/\/i0.wp.com\/le-fort.org\/cocina\/wp-content\/uploads\/2011\/08\/nutella1.jpg?fit=620%2C250&ssl=1&resize=525%2C300 1.5x"},"classes":[]}],"_links":{"self":[{"href":"https:\/\/le-fort.org\/cocina\/wp-json\/wp\/v2\/posts\/6769","targetHints":{"allow":["GET"]}}],"collection":[{"href":"https:\/\/le-fort.org\/cocina\/wp-json\/wp\/v2\/posts"}],"about":[{"href":"https:\/\/le-fort.org\/cocina\/wp-json\/wp\/v2\/types\/post"}],"author":[{"embeddable":true,"href":"https:\/\/le-fort.org\/cocina\/wp-json\/wp\/v2\/users\/1"}],"replies":[{"embeddable":true,"href":"https:\/\/le-fort.org\/cocina\/wp-json\/wp\/v2\/comments?post=6769"}],"version-history":[{"count":5,"href":"https:\/\/le-fort.org\/cocina\/wp-json\/wp\/v2\/posts\/6769\/revisions"}],"predecessor-version":[{"id":14891,"href":"https:\/\/le-fort.org\/cocina\/wp-json\/wp\/v2\/posts\/6769\/revisions\/14891"}],"wp:featuredmedia":[{"embeddable":true,"href":"https:\/\/le-fort.org\/cocina\/wp-json\/wp\/v2\/media\/11979"}],"wp:attachment":[{"href":"https:\/\/le-fort.org\/cocina\/wp-json\/wp\/v2\/media?parent=6769"}],"wp:term":[{"taxonomy":"category","embeddable":true,"href":"https:\/\/le-fort.org\/cocina\/wp-json\/wp\/v2\/categories?post=6769"},{"taxonomy":"post_tag","embeddable":true,"href":"https:\/\/le-fort.org\/cocina\/wp-json\/wp\/v2\/tags?post=6769"}],"curies":[{"name":"wp","href":"https:\/\/api.w.org\/{rel}","templated":true}]}}