{"id":6944,"date":"2015-11-05T09:15:04","date_gmt":"2015-11-05T14:15:04","guid":{"rendered":"http:\/\/www.loquecomemos.com\/?p=6944"},"modified":"2017-10-15T07:56:38","modified_gmt":"2017-10-15T12:56:38","slug":"anis-estrella","status":"publish","type":"post","link":"https:\/\/le-fort.org\/cocina\/anis-estrella\/","title":{"rendered":"An\u00eds Estrella"},"content":{"rendered":"<p>Hay una serie de vegetales que tienen aroma a an\u00eds, entre ellos este, que es el an\u00eds estrella. Tambi\u00e9n el hinojo y el an\u00eds en grano o espa\u00f1ol tienen el aroma, que se debe a un compuesto qu\u00edmico llamado anetol.<!--more--><\/p>\n<p>El an\u00eds estrella se utiliza ampliamente en la cocina: desde la preparaci\u00f3n de licores anisados, pasando por vino caliente, hasta <a href=\"https:\/\/le-fort.org\/masala-chai-te-con-especias\/\">t\u00e9 chai<\/a>, polvo de cinco sabores y una serie de cocinas tanto europeas como asi\u00e1ticas.<\/p>\n<figure id=\"attachment_6950\" aria-describedby=\"caption-attachment-6950\" style=\"width: 960px\" class=\"wp-caption aligncenter\"><img data-recalc-dims=\"1\" loading=\"lazy\" decoding=\"async\" data-attachment-id=\"6950\" data-permalink=\"https:\/\/le-fort.org\/cocina\/anis-estrella\/masala-entero\/\" data-orig-file=\"https:\/\/i0.wp.com\/le-fort.org\/cocina\/wp-content\/uploads\/2015\/11\/masala-entero.jpg?fit=960%2C600&amp;ssl=1\" data-orig-size=\"960,600\" data-comments-opened=\"0\" data-image-meta=\"{&quot;aperture&quot;:&quot;0&quot;,&quot;credit&quot;:&quot;&quot;,&quot;camera&quot;:&quot;&quot;,&quot;caption&quot;:&quot;&quot;,&quot;created_timestamp&quot;:&quot;0&quot;,&quot;copyright&quot;:&quot;&quot;,&quot;focal_length&quot;:&quot;0&quot;,&quot;iso&quot;:&quot;0&quot;,&quot;shutter_speed&quot;:&quot;0&quot;,&quot;title&quot;:&quot;&quot;,&quot;orientation&quot;:&quot;0&quot;}\" data-image-title=\"masala-entero\" data-image-description=\"\" data-image-caption=\"&lt;p&gt;An\u00eds estrella, cardamomo y canela aromatizando el aceite de un plato indio.&lt;\/p&gt;\n\" data-large-file=\"https:\/\/i0.wp.com\/le-fort.org\/cocina\/wp-content\/uploads\/2015\/11\/masala-entero.jpg?fit=960%2C600&amp;ssl=1\" class=\"size-full wp-image-6950\" src=\"https:\/\/i0.wp.com\/www.le-fort.org\/wp-content\/uploads\/2015\/11\/masala-entero.jpg?resize=960%2C600&#038;ssl=1\" alt=\"An\u00eds estrella, cardamomo y canela aromatizando el aceite de un plato indio.\" width=\"960\" height=\"600\" srcset=\"https:\/\/i0.wp.com\/le-fort.org\/cocina\/wp-content\/uploads\/2015\/11\/masala-entero.jpg?w=960&amp;ssl=1 960w, https:\/\/i0.wp.com\/le-fort.org\/cocina\/wp-content\/uploads\/2015\/11\/masala-entero.jpg?resize=600%2C375&amp;ssl=1 600w\" sizes=\"auto, (max-width: 960px) 100vw, 960px\" \/><figcaption id=\"caption-attachment-6950\" class=\"wp-caption-text\">An\u00eds estrella, cardamomo y <a href=\"https:\/\/le-fort.org\/la-canela-cinamomum-verum\/\">canela <\/a>aromatizando el aceite de un plato indio, al inicio de su preparaci\u00f3n.<\/figcaption><\/figure>\n<p>Debido a su textura\u00a0le\u00f1osa, el an\u00eds estrella se utiliza y luego se bota, o en su defecto se utiliza molido, como por ejemplo en el Garam masala.<\/p>\n<p>Hay una variedad japonesa del an\u00eds estrella que es t\u00f3xica y abortiva, por lo que debemos ser cuidadosos si es que andamos por esas tierras.<\/p>\n<p>El principal uso del an\u00eds estrella, cerca de un 90% de la producci\u00f3n mundial, es la industria farmac\u00e9utica, ya que de an\u00eds estrella se obtiene un precursor de un medicamento contra la influenza. Es por eso que para las gripes asi\u00e1ticas que han habido, ha habido escasez de an\u00eds estrella.<\/p>\n<p><img data-recalc-dims=\"1\" loading=\"lazy\" decoding=\"async\" data-attachment-id=\"6946\" data-permalink=\"https:\/\/le-fort.org\/cocina\/anis-estrella\/anis-estrella\/\" data-orig-file=\"https:\/\/i0.wp.com\/le-fort.org\/cocina\/wp-content\/uploads\/2015\/11\/anis-estrella.jpg?fit=700%2C525&amp;ssl=1\" data-orig-size=\"700,525\" data-comments-opened=\"0\" data-image-meta=\"{&quot;aperture&quot;:&quot;0&quot;,&quot;credit&quot;:&quot;&quot;,&quot;camera&quot;:&quot;&quot;,&quot;caption&quot;:&quot;&quot;,&quot;created_timestamp&quot;:&quot;0&quot;,&quot;copyright&quot;:&quot;&quot;,&quot;focal_length&quot;:&quot;0&quot;,&quot;iso&quot;:&quot;0&quot;,&quot;shutter_speed&quot;:&quot;0&quot;,&quot;title&quot;:&quot;&quot;,&quot;orientation&quot;:&quot;0&quot;}\" data-image-title=\"anis-estrella\" data-image-description=\"\" data-image-caption=\"\" data-large-file=\"https:\/\/i0.wp.com\/le-fort.org\/cocina\/wp-content\/uploads\/2015\/11\/anis-estrella.jpg?fit=700%2C525&amp;ssl=1\" class=\"aligncenter size-full wp-image-6946\" src=\"https:\/\/i0.wp.com\/www.le-fort.org\/wp-content\/uploads\/2015\/11\/anis-estrella.jpg?resize=700%2C525&#038;ssl=1\" alt=\"anis-estrella\" width=\"700\" height=\"525\" srcset=\"https:\/\/i0.wp.com\/le-fort.org\/cocina\/wp-content\/uploads\/2015\/11\/anis-estrella.jpg?w=700&amp;ssl=1 700w, https:\/\/i0.wp.com\/le-fort.org\/cocina\/wp-content\/uploads\/2015\/11\/anis-estrella.jpg?resize=600%2C450&amp;ssl=1 600w\" sizes=\"auto, (max-width: 700px) 100vw, 700px\" \/><\/p>\n","protected":false},"excerpt":{"rendered":"<p>El An\u00eds Estrella es una especia que tiene tambi\u00e9n propiedades medicinales. Cerca del 90% de la producci\u00f3n mundial de an\u00eds estrella  se usa en farmac\u00e9utica.<\/p>\n","protected":false},"author":1,"featured_media":6947,"comment_status":"open","ping_status":"closed","sticky":false,"template":"","format":"standard","meta":{"_jetpack_newsletter_access":"","_jetpack_dont_email_post_to_subs":false,"_jetpack_newsletter_tier_id":0,"_jetpack_memberships_contains_paywalled_content":false,"_jetpack_memberships_contains_paid_content":false,"footnotes":""},"categories":[14],"tags":[],"class_list":["post-6944","post","type-post","status-publish","format-standard","has-post-thumbnail","hentry","category-condimentos-especias","entry","has-media"],"jetpack_featured_media_url":"https:\/\/i0.wp.com\/le-fort.org\/cocina\/wp-content\/uploads\/2015\/11\/estrella-hd.jpg?fit=1200%2C398&ssl=1","jetpack_shortlink":"https:\/\/wp.me\/pghKer-1O0","jetpack_sharing_enabled":true,"jetpack-related-posts":[{"id":8391,"url":"https:\/\/le-fort.org\/cocina\/anis\/","url_meta":{"origin":6944,"position":0},"title":"An\u00eds (semilla)","author":"Le-Fort.org","date":"9 de Julio, 2016","format":false,"excerpt":"El an\u00eds es una especia de la misma familia que el comino, el hinojo y otras. Se usa como planta medicinal, en reposter\u00eda, licores y en platos salados.","rel":"","context":"En &quot;Condimentos y Especias&quot;","block_context":{"text":"Condimentos y Especias","link":"https:\/\/le-fort.org\/cocina\/categoria\/condimentos-especias\/"},"img":{"alt_text":"","src":"https:\/\/i0.wp.com\/le-fort.org\/cocina\/wp-content\/uploads\/2016\/07\/anis-hd.jpg?fit=1200%2C400&ssl=1&resize=350%2C200","width":350,"height":200,"srcset":"https:\/\/i0.wp.com\/le-fort.org\/cocina\/wp-content\/uploads\/2016\/07\/anis-hd.jpg?fit=1200%2C400&ssl=1&resize=350%2C200 1x, https:\/\/i0.wp.com\/le-fort.org\/cocina\/wp-content\/uploads\/2016\/07\/anis-hd.jpg?fit=1200%2C400&ssl=1&resize=525%2C300 1.5x, https:\/\/i0.wp.com\/le-fort.org\/cocina\/wp-content\/uploads\/2016\/07\/anis-hd.jpg?fit=1200%2C400&ssl=1&resize=700%2C400 2x, https:\/\/i0.wp.com\/le-fort.org\/cocina\/wp-content\/uploads\/2016\/07\/anis-hd.jpg?fit=1200%2C400&ssl=1&resize=1050%2C600 3x"},"classes":[]},{"id":4925,"url":"https:\/\/le-fort.org\/cocina\/panch-phoron-mezcla-de-especias-india\/","url_meta":{"origin":6944,"position":1},"title":"Panch Phoron, Mezcla de Especias India","author":"Le-Fort.org","date":"13 de Agosto, 2005","format":false,"excerpt":"El Panch Phoron es una mezcla de especias bengal\u00ed (comida india) compuesta por comino, mostaza negra, an\u00eds, alholva y neguilla.","rel":"","context":"En &quot;Ingredientes&quot;","block_context":{"text":"Ingredientes","link":"https:\/\/le-fort.org\/cocina\/categoria\/ingredientes\/"},"img":{"alt_text":"","src":"https:\/\/i0.wp.com\/le-fort.org\/cocina\/wp-content\/uploads\/2014\/03\/panch-phoron-hd.jpg?fit=1200%2C400&ssl=1&resize=350%2C200","width":350,"height":200,"srcset":"https:\/\/i0.wp.com\/le-fort.org\/cocina\/wp-content\/uploads\/2014\/03\/panch-phoron-hd.jpg?fit=1200%2C400&ssl=1&resize=350%2C200 1x, https:\/\/i0.wp.com\/le-fort.org\/cocina\/wp-content\/uploads\/2014\/03\/panch-phoron-hd.jpg?fit=1200%2C400&ssl=1&resize=525%2C300 1.5x, https:\/\/i0.wp.com\/le-fort.org\/cocina\/wp-content\/uploads\/2014\/03\/panch-phoron-hd.jpg?fit=1200%2C400&ssl=1&resize=700%2C400 2x, https:\/\/i0.wp.com\/le-fort.org\/cocina\/wp-content\/uploads\/2014\/03\/panch-phoron-hd.jpg?fit=1200%2C400&ssl=1&resize=1050%2C600 3x"},"classes":[]},{"id":5684,"url":"https:\/\/le-fort.org\/cocina\/especias-cocina-india\/","url_meta":{"origin":6944,"position":2},"title":"Especias para Cocina India","author":"Le-Fort.org","date":"12 de Enero, 2016","format":false,"excerpt":"Algunas especias esenciales para cocinar comida india.","rel":"","context":"En &quot;Ingredientes&quot;","block_context":{"text":"Ingredientes","link":"https:\/\/le-fort.org\/cocina\/categoria\/ingredientes\/"},"img":{"alt_text":"","src":"https:\/\/i0.wp.com\/le-fort.org\/cocina\/wp-content\/uploads\/2014\/03\/panch-phoron-hd.jpg?fit=1200%2C400&ssl=1&resize=350%2C200","width":350,"height":200,"srcset":"https:\/\/i0.wp.com\/le-fort.org\/cocina\/wp-content\/uploads\/2014\/03\/panch-phoron-hd.jpg?fit=1200%2C400&ssl=1&resize=350%2C200 1x, https:\/\/i0.wp.com\/le-fort.org\/cocina\/wp-content\/uploads\/2014\/03\/panch-phoron-hd.jpg?fit=1200%2C400&ssl=1&resize=525%2C300 1.5x, https:\/\/i0.wp.com\/le-fort.org\/cocina\/wp-content\/uploads\/2014\/03\/panch-phoron-hd.jpg?fit=1200%2C400&ssl=1&resize=700%2C400 2x, https:\/\/i0.wp.com\/le-fort.org\/cocina\/wp-content\/uploads\/2014\/03\/panch-phoron-hd.jpg?fit=1200%2C400&ssl=1&resize=1050%2C600 3x"},"classes":[]},{"id":1674,"url":"https:\/\/le-fort.org\/cocina\/receta-de-garam-masala\/","url_meta":{"origin":6944,"position":3},"title":"Garam Masala","author":"Le-Fort.org","date":"5 de Diciembre, 2011","format":false,"excerpt":"Receta de Garam Masala, mezcla de especias muy com\u00fan \u2013y apreciada\u2013 en cocina de la india","rel":"","context":"En &quot;Comida&quot;","block_context":{"text":"Comida","link":"https:\/\/le-fort.org\/cocina\/categoria\/cocina-comida\/"},"img":{"alt_text":"","src":"https:\/\/i0.wp.com\/le-fort.org\/cocina\/wp-content\/uploads\/2011\/12\/garam-masala-entero-hd.jpg?fit=1200%2C400&ssl=1&resize=350%2C200","width":350,"height":200,"srcset":"https:\/\/i0.wp.com\/le-fort.org\/cocina\/wp-content\/uploads\/2011\/12\/garam-masala-entero-hd.jpg?fit=1200%2C400&ssl=1&resize=350%2C200 1x, https:\/\/i0.wp.com\/le-fort.org\/cocina\/wp-content\/uploads\/2011\/12\/garam-masala-entero-hd.jpg?fit=1200%2C400&ssl=1&resize=525%2C300 1.5x, https:\/\/i0.wp.com\/le-fort.org\/cocina\/wp-content\/uploads\/2011\/12\/garam-masala-entero-hd.jpg?fit=1200%2C400&ssl=1&resize=700%2C400 2x, https:\/\/i0.wp.com\/le-fort.org\/cocina\/wp-content\/uploads\/2011\/12\/garam-masala-entero-hd.jpg?fit=1200%2C400&ssl=1&resize=1050%2C600 3x"},"classes":[]},{"id":5299,"url":"https:\/\/le-fort.org\/cocina\/especias-la-alcaravea\/","url_meta":{"origin":6944,"position":4},"title":"Alcaravea","author":"Le-Fort.org","date":"22 de Febrero, 2015","format":false,"excerpt":"La alcaravea es una especia de la misma familia del comino y el cilantro, com\u00fan en la cocina de Europa oriental y medio oriente.","rel":"","context":"En &quot;Condimentos y Especias&quot;","block_context":{"text":"Condimentos y Especias","link":"https:\/\/le-fort.org\/cocina\/categoria\/condimentos-especias\/"},"img":{"alt_text":"Semillas de Alcaravea","src":"https:\/\/i0.wp.com\/le-fort.org\/cocina\/wp-content\/uploads\/2015\/02\/alcaravea-hd.jpg?fit=1200%2C400&ssl=1&resize=350%2C200","width":350,"height":200,"srcset":"https:\/\/i0.wp.com\/le-fort.org\/cocina\/wp-content\/uploads\/2015\/02\/alcaravea-hd.jpg?fit=1200%2C400&ssl=1&resize=350%2C200 1x, https:\/\/i0.wp.com\/le-fort.org\/cocina\/wp-content\/uploads\/2015\/02\/alcaravea-hd.jpg?fit=1200%2C400&ssl=1&resize=525%2C300 1.5x, https:\/\/i0.wp.com\/le-fort.org\/cocina\/wp-content\/uploads\/2015\/02\/alcaravea-hd.jpg?fit=1200%2C400&ssl=1&resize=700%2C400 2x, https:\/\/i0.wp.com\/le-fort.org\/cocina\/wp-content\/uploads\/2015\/02\/alcaravea-hd.jpg?fit=1200%2C400&ssl=1&resize=1050%2C600 3x"},"classes":[]},{"id":13484,"url":"https:\/\/le-fort.org\/cocina\/especias-de-navidad\/","url_meta":{"origin":6944,"position":5},"title":"Especias de Navidad","author":"Le-Fort.org","date":"22 de Noviembre, 2018","format":false,"excerpt":"Receta de mezcla de especias de navidad alemanas (Lebkuchengew\u00fcrz)","rel":"","context":"En &quot;Recetas&quot;","block_context":{"text":"Recetas","link":"https:\/\/le-fort.org\/cocina\/categoria\/recetas\/"},"img":{"alt_text":"","src":"https:\/\/i0.wp.com\/le-fort.org\/cocina\/wp-content\/uploads\/2018\/11\/especias-lebkuchen-hd.jpg?fit=1200%2C400&ssl=1&resize=350%2C200","width":350,"height":200,"srcset":"https:\/\/i0.wp.com\/le-fort.org\/cocina\/wp-content\/uploads\/2018\/11\/especias-lebkuchen-hd.jpg?fit=1200%2C400&ssl=1&resize=350%2C200 1x, https:\/\/i0.wp.com\/le-fort.org\/cocina\/wp-content\/uploads\/2018\/11\/especias-lebkuchen-hd.jpg?fit=1200%2C400&ssl=1&resize=525%2C300 1.5x, https:\/\/i0.wp.com\/le-fort.org\/cocina\/wp-content\/uploads\/2018\/11\/especias-lebkuchen-hd.jpg?fit=1200%2C400&ssl=1&resize=700%2C400 2x, https:\/\/i0.wp.com\/le-fort.org\/cocina\/wp-content\/uploads\/2018\/11\/especias-lebkuchen-hd.jpg?fit=1200%2C400&ssl=1&resize=1050%2C600 3x"},"classes":[]}],"_links":{"self":[{"href":"https:\/\/le-fort.org\/cocina\/wp-json\/wp\/v2\/posts\/6944","targetHints":{"allow":["GET"]}}],"collection":[{"href":"https:\/\/le-fort.org\/cocina\/wp-json\/wp\/v2\/posts"}],"about":[{"href":"https:\/\/le-fort.org\/cocina\/wp-json\/wp\/v2\/types\/post"}],"author":[{"embeddable":true,"href":"https:\/\/le-fort.org\/cocina\/wp-json\/wp\/v2\/users\/1"}],"replies":[{"embeddable":true,"href":"https:\/\/le-fort.org\/cocina\/wp-json\/wp\/v2\/comments?post=6944"}],"version-history":[{"count":0,"href":"https:\/\/le-fort.org\/cocina\/wp-json\/wp\/v2\/posts\/6944\/revisions"}],"wp:featuredmedia":[{"embeddable":true,"href":"https:\/\/le-fort.org\/cocina\/wp-json\/wp\/v2\/media\/6947"}],"wp:attachment":[{"href":"https:\/\/le-fort.org\/cocina\/wp-json\/wp\/v2\/media?parent=6944"}],"wp:term":[{"taxonomy":"category","embeddable":true,"href":"https:\/\/le-fort.org\/cocina\/wp-json\/wp\/v2\/categories?post=6944"},{"taxonomy":"post_tag","embeddable":true,"href":"https:\/\/le-fort.org\/cocina\/wp-json\/wp\/v2\/tags?post=6944"}],"curies":[{"name":"wp","href":"https:\/\/api.w.org\/{rel}","templated":true}]}}