{"id":7049,"date":"2015-12-08T12:11:32","date_gmt":"2015-12-08T17:11:32","guid":{"rendered":"http:\/\/www.loquecomemos.com\/?p=7049"},"modified":"2017-05-06T09:59:01","modified_gmt":"2017-05-06T14:59:01","slug":"cacio-e-pepe-una-pasta-muy-simple","status":"publish","type":"post","link":"https:\/\/le-fort.org\/cocina\/cacio-e-pepe-una-pasta-muy-simple\/","title":{"rendered":"Cacio e Pepe: Queso y Pimienta"},"content":{"rendered":"<p>Si te gustan la pimienta negra\u00a0y el queso, esta Pasta <em>Cacio e Pepe<\/em> te va a encantar.<!--more--><\/p>\n<figure id=\"attachment_7055\" aria-describedby=\"caption-attachment-7055\" style=\"width: 960px\" class=\"wp-caption aligncenter\"><img data-recalc-dims=\"1\" loading=\"lazy\" decoding=\"async\" data-attachment-id=\"7055\" data-permalink=\"https:\/\/le-fort.org\/cocina\/cacio-e-pepe-una-pasta-muy-simple\/ingredientes-8\/\" data-orig-file=\"https:\/\/i0.wp.com\/le-fort.org\/cocina\/wp-content\/uploads\/2015\/12\/ingredientes.jpg?fit=960%2C599&amp;ssl=1\" data-orig-size=\"960,599\" data-comments-opened=\"0\" data-image-meta=\"{&quot;aperture&quot;:&quot;0&quot;,&quot;credit&quot;:&quot;&quot;,&quot;camera&quot;:&quot;&quot;,&quot;caption&quot;:&quot;&quot;,&quot;created_timestamp&quot;:&quot;0&quot;,&quot;copyright&quot;:&quot;&quot;,&quot;focal_length&quot;:&quot;0&quot;,&quot;iso&quot;:&quot;0&quot;,&quot;shutter_speed&quot;:&quot;0&quot;,&quot;title&quot;:&quot;&quot;,&quot;orientation&quot;:&quot;0&quot;}\" data-image-title=\"ingredientes\" data-image-description=\"\" data-image-caption=\"&lt;p&gt;S\u00f3lo tres ingredientes: pasta, queso, pimienta.&lt;\/p&gt;\n\" data-large-file=\"https:\/\/i0.wp.com\/le-fort.org\/cocina\/wp-content\/uploads\/2015\/12\/ingredientes.jpg?fit=960%2C599&amp;ssl=1\" class=\"size-full wp-image-7055\" src=\"https:\/\/i0.wp.com\/www.le-fort.org\/wp-content\/uploads\/2015\/12\/ingredientes.jpg?resize=960%2C599&#038;ssl=1\" alt=\"S\u00f3lo tres ingredientes: pasta, queso, pimienta.\" width=\"960\" height=\"599\" srcset=\"https:\/\/i0.wp.com\/le-fort.org\/cocina\/wp-content\/uploads\/2015\/12\/ingredientes.jpg?w=960&amp;ssl=1 960w, https:\/\/i0.wp.com\/le-fort.org\/cocina\/wp-content\/uploads\/2015\/12\/ingredientes.jpg?resize=600%2C374&amp;ssl=1 600w\" sizes=\"auto, (max-width: 960px) 100vw, 960px\" \/><figcaption id=\"caption-attachment-7055\" class=\"wp-caption-text\">S\u00f3lo tres ingredientes: pasta, queso, pimienta.<\/figcaption><\/figure>\n<p>Nosotros la conocimos gracias al twitter de <a href=\"https:\/\/twitter.com\/rectaprovincia\" target=\"_blank\">rectaprovincia<\/a>\u00a0y fueron un \u00e9xito.<\/p>\n<p>La l\u00f3gica de este plato es formar una salsa con el agua de cocci\u00f3n de la pasta y un queso que se pueda fundir r\u00e1pida y cremosamente. El queso can\u00f3nico para este plato es el Pecorino romano, que se puede reemplazar por cualquier queso maduro que se derrita r\u00e1pidamente y quede cremoso.<\/p>\n<figure id=\"attachment_7053\" aria-describedby=\"caption-attachment-7053\" style=\"width: 960px\" class=\"wp-caption aligncenter\"><img data-recalc-dims=\"1\" loading=\"lazy\" decoding=\"async\" data-attachment-id=\"7053\" data-permalink=\"https:\/\/le-fort.org\/cocina\/cacio-e-pepe-una-pasta-muy-simple\/cacio-e-pepe-2\/\" data-orig-file=\"https:\/\/i0.wp.com\/le-fort.org\/cocina\/wp-content\/uploads\/2015\/12\/cacio-e-pepe1.jpg?fit=960%2C599&amp;ssl=1\" data-orig-size=\"960,599\" data-comments-opened=\"0\" data-image-meta=\"{&quot;aperture&quot;:&quot;0&quot;,&quot;credit&quot;:&quot;&quot;,&quot;camera&quot;:&quot;&quot;,&quot;caption&quot;:&quot;&quot;,&quot;created_timestamp&quot;:&quot;0&quot;,&quot;copyright&quot;:&quot;&quot;,&quot;focal_length&quot;:&quot;0&quot;,&quot;iso&quot;:&quot;0&quot;,&quot;shutter_speed&quot;:&quot;0&quot;,&quot;title&quot;:&quot;&quot;,&quot;orientation&quot;:&quot;0&quot;}\" data-image-title=\"cacio-e-pepe\" data-image-description=\"\" data-image-caption=\"&lt;p&gt;La idea es usar un queso que se derrita bien y r\u00e1pido&lt;\/p&gt;\n\" data-large-file=\"https:\/\/i0.wp.com\/le-fort.org\/cocina\/wp-content\/uploads\/2015\/12\/cacio-e-pepe1.jpg?fit=960%2C599&amp;ssl=1\" class=\"size-full wp-image-7053\" src=\"https:\/\/i0.wp.com\/www.le-fort.org\/wp-content\/uploads\/2015\/12\/cacio-e-pepe1.jpg?resize=960%2C599&#038;ssl=1\" alt=\"Pasta cacio e pepe\" width=\"960\" height=\"599\" srcset=\"https:\/\/i0.wp.com\/le-fort.org\/cocina\/wp-content\/uploads\/2015\/12\/cacio-e-pepe1.jpg?w=960&amp;ssl=1 960w, https:\/\/i0.wp.com\/le-fort.org\/cocina\/wp-content\/uploads\/2015\/12\/cacio-e-pepe1.jpg?resize=600%2C374&amp;ssl=1 600w\" sizes=\"auto, (max-width: 960px) 100vw, 960px\" \/><figcaption id=\"caption-attachment-7053\" class=\"wp-caption-text\">La idea es usar un queso que se derrita bien y r\u00e1pido<\/figcaption><\/figure>\n<p>Es un plato de origen italiano, m\u00e1s exactamente de Roma, y <em>Cacio<\/em> es queso en varios dialectos de Italia central: de ah\u00ed el nombre. Se suele comer con pasta larga, pero aqu\u00ed la preparamos con lo que hab\u00eda.<\/p>\n<h2>Receta de la Pasta Cacio e Pepe<\/h2>\n<p>Esta pasta es de preparaci\u00f3n muy simple.<\/p>\n<h3>Ingredientes<\/h3>\n<ul>\n<li>400 grs. de pasta<\/li>\n<li>2 tazas de queso Pecorino o similar, rallado<\/li>\n<li>Abundante pimienta negra reci\u00e9n molida<\/li>\n<\/ul>\n<h3>Procedimiento<\/h3>\n<p><img data-recalc-dims=\"1\" loading=\"lazy\" decoding=\"async\" data-attachment-id=\"7054\" data-permalink=\"https:\/\/le-fort.org\/cocina\/cacio-e-pepe-una-pasta-muy-simple\/hirviendo\/\" data-orig-file=\"https:\/\/i0.wp.com\/le-fort.org\/cocina\/wp-content\/uploads\/2015\/12\/hirviendo.jpg?fit=960%2C599&amp;ssl=1\" data-orig-size=\"960,599\" data-comments-opened=\"0\" data-image-meta=\"{&quot;aperture&quot;:&quot;0&quot;,&quot;credit&quot;:&quot;&quot;,&quot;camera&quot;:&quot;&quot;,&quot;caption&quot;:&quot;&quot;,&quot;created_timestamp&quot;:&quot;0&quot;,&quot;copyright&quot;:&quot;&quot;,&quot;focal_length&quot;:&quot;0&quot;,&quot;iso&quot;:&quot;0&quot;,&quot;shutter_speed&quot;:&quot;0&quot;,&quot;title&quot;:&quot;&quot;,&quot;orientation&quot;:&quot;0&quot;}\" data-image-title=\"hirviendo\" data-image-description=\"\" data-image-caption=\"\" data-large-file=\"https:\/\/i0.wp.com\/le-fort.org\/cocina\/wp-content\/uploads\/2015\/12\/hirviendo.jpg?fit=960%2C599&amp;ssl=1\" class=\"aligncenter size-full wp-image-7054\" src=\"https:\/\/i0.wp.com\/www.le-fort.org\/wp-content\/uploads\/2015\/12\/hirviendo.jpg?resize=960%2C599&#038;ssl=1\" alt=\"hirviendo\" width=\"960\" height=\"599\" srcset=\"https:\/\/i0.wp.com\/le-fort.org\/cocina\/wp-content\/uploads\/2015\/12\/hirviendo.jpg?w=960&amp;ssl=1 960w, https:\/\/i0.wp.com\/le-fort.org\/cocina\/wp-content\/uploads\/2015\/12\/hirviendo.jpg?resize=600%2C374&amp;ssl=1 600w\" sizes=\"auto, (max-width: 960px) 100vw, 960px\" \/><\/p>\n<p>Mientras se cuece la pasta, mezclemos el queso con la pimienta.<\/p>\n<p><img data-recalc-dims=\"1\" loading=\"lazy\" decoding=\"async\" data-attachment-id=\"7056\" data-permalink=\"https:\/\/le-fort.org\/cocina\/cacio-e-pepe-una-pasta-muy-simple\/queso-pimienta\/\" data-orig-file=\"https:\/\/i0.wp.com\/le-fort.org\/cocina\/wp-content\/uploads\/2015\/12\/queso-pimienta.jpg?fit=960%2C599&amp;ssl=1\" data-orig-size=\"960,599\" data-comments-opened=\"0\" data-image-meta=\"{&quot;aperture&quot;:&quot;0&quot;,&quot;credit&quot;:&quot;&quot;,&quot;camera&quot;:&quot;&quot;,&quot;caption&quot;:&quot;&quot;,&quot;created_timestamp&quot;:&quot;0&quot;,&quot;copyright&quot;:&quot;&quot;,&quot;focal_length&quot;:&quot;0&quot;,&quot;iso&quot;:&quot;0&quot;,&quot;shutter_speed&quot;:&quot;0&quot;,&quot;title&quot;:&quot;&quot;,&quot;orientation&quot;:&quot;0&quot;}\" data-image-title=\"queso-pimienta\" data-image-description=\"\" data-image-caption=\"\" data-large-file=\"https:\/\/i0.wp.com\/le-fort.org\/cocina\/wp-content\/uploads\/2015\/12\/queso-pimienta.jpg?fit=960%2C599&amp;ssl=1\" class=\"aligncenter size-full wp-image-7056\" src=\"https:\/\/i0.wp.com\/www.le-fort.org\/wp-content\/uploads\/2015\/12\/queso-pimienta.jpg?resize=960%2C599&#038;ssl=1\" alt=\"Pasta cacio e pepe: queso mezclado con pimienta\" width=\"960\" height=\"599\" srcset=\"https:\/\/i0.wp.com\/le-fort.org\/cocina\/wp-content\/uploads\/2015\/12\/queso-pimienta.jpg?w=960&amp;ssl=1 960w, https:\/\/i0.wp.com\/le-fort.org\/cocina\/wp-content\/uploads\/2015\/12\/queso-pimienta.jpg?resize=600%2C374&amp;ssl=1 600w\" sizes=\"auto, (max-width: 960px) 100vw, 960px\" \/><\/p>\n<p>Una vez cocida la pasta, col\u00e9mosla y reservemos dos tazas \u00a0del agua de cocci\u00f3n.<\/p>\n<p>En nuestra experiencia, lo mejor es mezclar la pasta con el agua en un bol grande, e ir a\u00f1adiendo el queso de a poco, mezclando con cuidado de no romper la pasta, hasta que el queso se haya derretido y emulsionado con el agua caliente con almid\u00f3n de la cocci\u00f3n y haya formado una salsa.<\/p>\n<p>A\u00f1adir m\u00e1s pimienta si el ojo y el gusto as\u00ed lo aconsejan.<\/p>\n<p>Servir y comer.<\/p>\n<p><img data-recalc-dims=\"1\" loading=\"lazy\" decoding=\"async\" data-attachment-id=\"7051\" data-permalink=\"https:\/\/le-fort.org\/cocina\/cacio-e-pepe-una-pasta-muy-simple\/cacio-e-pepe\/\" data-orig-file=\"https:\/\/i0.wp.com\/le-fort.org\/cocina\/wp-content\/uploads\/2015\/12\/cacio-e-pepe.jpg?fit=960%2C599&amp;ssl=1\" data-orig-size=\"960,599\" data-comments-opened=\"0\" data-image-meta=\"{&quot;aperture&quot;:&quot;0&quot;,&quot;credit&quot;:&quot;&quot;,&quot;camera&quot;:&quot;&quot;,&quot;caption&quot;:&quot;&quot;,&quot;created_timestamp&quot;:&quot;0&quot;,&quot;copyright&quot;:&quot;&quot;,&quot;focal_length&quot;:&quot;0&quot;,&quot;iso&quot;:&quot;0&quot;,&quot;shutter_speed&quot;:&quot;0&quot;,&quot;title&quot;:&quot;&quot;,&quot;orientation&quot;:&quot;0&quot;}\" data-image-title=\"cacio-e-pepe\" data-image-description=\"\" data-image-caption=\"\" data-large-file=\"https:\/\/i0.wp.com\/le-fort.org\/cocina\/wp-content\/uploads\/2015\/12\/cacio-e-pepe.jpg?fit=960%2C599&amp;ssl=1\" class=\"aligncenter size-full wp-image-7051\" src=\"https:\/\/i0.wp.com\/www.le-fort.org\/wp-content\/uploads\/2015\/12\/cacio-e-pepe.jpg?resize=960%2C599&#038;ssl=1\" alt=\"pasta cacio e pepe (queso y pimienta)\" width=\"960\" height=\"599\" srcset=\"https:\/\/i0.wp.com\/le-fort.org\/cocina\/wp-content\/uploads\/2015\/12\/cacio-e-pepe.jpg?w=960&amp;ssl=1 960w, https:\/\/i0.wp.com\/le-fort.org\/cocina\/wp-content\/uploads\/2015\/12\/cacio-e-pepe.jpg?resize=600%2C374&amp;ssl=1 600w\" sizes=\"auto, (max-width: 960px) 100vw, 960px\" \/><\/p>\n<p>Es un plato muy simple y realmente delicioso. Definitivamente se incluye en nuestros cl\u00e1sicos, y aqu\u00ed viene la etapa de ir probando distintos quesos para ver c\u00f3mo queda.<\/p>\n<p>Nos encant\u00f3.<\/p>\n","protected":false},"excerpt":{"rendered":"<p>Si te gustan la pimienta negra\u00a0y el queso, esta Pasta Cacio e Pepe te va a encantar.<\/p>\n","protected":false},"author":1,"featured_media":7052,"comment_status":"closed","ping_status":"closed","sticky":false,"template":"","format":"standard","meta":{"_jetpack_newsletter_access":"","_jetpack_dont_email_post_to_subs":false,"_jetpack_newsletter_tier_id":0,"_jetpack_memberships_contains_paywalled_content":false,"_jetpack_memberships_contains_paid_content":false,"footnotes":""},"categories":[2],"tags":[70,61,36,644,64],"class_list":["post-7049","post","type-post","status-publish","format-standard","has-post-thumbnail","hentry","category-recetas","tag-comida-italiana","tag-pasta","tag-pimienta","tag-quesos","tag-salsas-para-pasta","entry","has-media"],"jetpack_featured_media_url":"https:\/\/i0.wp.com\/le-fort.org\/cocina\/wp-content\/uploads\/2015\/12\/cacio-e-pepe-hd.jpg?fit=1200%2C400&ssl=1","jetpack_shortlink":"https:\/\/wp.me\/pghKer-1PH","jetpack_sharing_enabled":true,"jetpack-related-posts":[{"id":2107,"url":"https:\/\/le-fort.org\/cocina\/fettuccine-alfredo-de-temas-y-variaciones\/","url_meta":{"origin":7049,"position":0},"title":"Fettuccine Alfredo: de temas y variaciones","author":"Le-Fort.org","date":"17 de Septiembre, 2012","format":false,"excerpt":"La salsa Alfredo es quiz\u00e1 la salsa que m\u00e1s modificaciones ha recibido manteniendo un nombre. Aqu\u00ed les contamos algo de su historia y ofrecemos una receta no del todo can\u00f3nica.","rel":"","context":"En &quot;Recetas&quot;","block_context":{"text":"Recetas","link":"https:\/\/le-fort.org\/cocina\/categoria\/recetas\/"},"img":{"alt_text":"","src":"https:\/\/i0.wp.com\/le-fort.org\/cocina\/wp-content\/uploads\/2012\/09\/heder.jpg?fit=1000%2C288&ssl=1&resize=350%2C200","width":350,"height":200,"srcset":"https:\/\/i0.wp.com\/le-fort.org\/cocina\/wp-content\/uploads\/2012\/09\/heder.jpg?fit=1000%2C288&ssl=1&resize=350%2C200 1x, https:\/\/i0.wp.com\/le-fort.org\/cocina\/wp-content\/uploads\/2012\/09\/heder.jpg?fit=1000%2C288&ssl=1&resize=525%2C300 1.5x, https:\/\/i0.wp.com\/le-fort.org\/cocina\/wp-content\/uploads\/2012\/09\/heder.jpg?fit=1000%2C288&ssl=1&resize=700%2C400 2x"},"classes":[]},{"id":1569,"url":"https:\/\/le-fort.org\/cocina\/receta-de-tallarines-a-la-carbonara\/","url_meta":{"origin":7049,"position":1},"title":"Receta de tallarines a la Carbonara","author":"Le-Fort.org","date":"8 de Noviembre, 2011","format":false,"excerpt":"Receta de tallarines a la carbonara, salsa compuesta por tocino, huevos, crema y queso rallado","rel":"","context":"En &quot;Comida&quot;","block_context":{"text":"Comida","link":"https:\/\/le-fort.org\/cocina\/categoria\/cocina-comida\/"},"img":{"alt_text":"","src":"https:\/\/i0.wp.com\/le-fort.org\/cocina\/wp-content\/uploads\/2011\/11\/hd.jpg?fit=614%2C225&ssl=1&resize=350%2C200","width":350,"height":200,"srcset":"https:\/\/i0.wp.com\/le-fort.org\/cocina\/wp-content\/uploads\/2011\/11\/hd.jpg?fit=614%2C225&ssl=1&resize=350%2C200 1x, https:\/\/i0.wp.com\/le-fort.org\/cocina\/wp-content\/uploads\/2011\/11\/hd.jpg?fit=614%2C225&ssl=1&resize=525%2C300 1.5x"},"classes":[]},{"id":1588,"url":"https:\/\/le-fort.org\/cocina\/receta-de-pasta-a-la-puttanesca\/","url_meta":{"origin":7049,"position":2},"title":"Receta de Pasta a la Puttanesca","author":"Le-Fort.org","date":"12 de Noviembre, 2011","format":false,"excerpt":"La salsa puttanesca es la salsa de las putas, pero no por una cosa afrodis\u00edaca. Aprende m\u00e1s aqu\u00ed","rel":"","context":"En &quot;Comida&quot;","block_context":{"text":"Comida","link":"https:\/\/le-fort.org\/cocina\/categoria\/cocina-comida\/"},"img":{"alt_text":"","src":"https:\/\/i0.wp.com\/le-fort.org\/cocina\/wp-content\/uploads\/2011\/11\/puttanesca-hd.jpg?fit=1200%2C400&ssl=1&resize=350%2C200","width":350,"height":200,"srcset":"https:\/\/i0.wp.com\/le-fort.org\/cocina\/wp-content\/uploads\/2011\/11\/puttanesca-hd.jpg?fit=1200%2C400&ssl=1&resize=350%2C200 1x, https:\/\/i0.wp.com\/le-fort.org\/cocina\/wp-content\/uploads\/2011\/11\/puttanesca-hd.jpg?fit=1200%2C400&ssl=1&resize=525%2C300 1.5x, https:\/\/i0.wp.com\/le-fort.org\/cocina\/wp-content\/uploads\/2011\/11\/puttanesca-hd.jpg?fit=1200%2C400&ssl=1&resize=700%2C400 2x, https:\/\/i0.wp.com\/le-fort.org\/cocina\/wp-content\/uploads\/2011\/11\/puttanesca-hd.jpg?fit=1200%2C400&ssl=1&resize=1050%2C600 3x"},"classes":[]},{"id":6791,"url":"https:\/\/le-fort.org\/cocina\/tallarines-a-la-caruso\/","url_meta":{"origin":7049,"position":3},"title":"Tallarines a la Caruso","author":"Le-Fort.org","date":"5 de Octubre, 2015","format":false,"excerpt":"La salsa Caruso es una salsa para pastas de origen uruguayo, que tiene champi\u00f1ones, jam\u00f3n, nueces y crema, principalmente. Esta versi\u00f3n es con tallarines","rel":"","context":"En &quot;Recetas&quot;","block_context":{"text":"Recetas","link":"https:\/\/le-fort.org\/cocina\/categoria\/recetas\/"},"img":{"alt_text":"","src":"https:\/\/i0.wp.com\/le-fort.org\/cocina\/wp-content\/uploads\/2015\/10\/salsa-caruso-hd.jpg?fit=1200%2C400&ssl=1&resize=350%2C200","width":350,"height":200,"srcset":"https:\/\/i0.wp.com\/le-fort.org\/cocina\/wp-content\/uploads\/2015\/10\/salsa-caruso-hd.jpg?fit=1200%2C400&ssl=1&resize=350%2C200 1x, https:\/\/i0.wp.com\/le-fort.org\/cocina\/wp-content\/uploads\/2015\/10\/salsa-caruso-hd.jpg?fit=1200%2C400&ssl=1&resize=525%2C300 1.5x, https:\/\/i0.wp.com\/le-fort.org\/cocina\/wp-content\/uploads\/2015\/10\/salsa-caruso-hd.jpg?fit=1200%2C400&ssl=1&resize=700%2C400 2x, https:\/\/i0.wp.com\/le-fort.org\/cocina\/wp-content\/uploads\/2015\/10\/salsa-caruso-hd.jpg?fit=1200%2C400&ssl=1&resize=1050%2C600 3x"},"classes":[]},{"id":4633,"url":"https:\/\/le-fort.org\/cocina\/mantequilla-nueces-y-salvia-salsa-para-pasta\/","url_meta":{"origin":7049,"position":4},"title":"Mantequilla, Nueces y Salvia \u2013 Salsa para Pasta","author":"Le-Fort.org","date":"7 de Julio, 2013","format":false,"excerpt":"La salsa de mantequilla nueces y salvia\u2026 y queso rallado es una excelente forma de servir \u00f1oquis.","rel":"","context":"En &quot;Recetas&quot;","block_context":{"text":"Recetas","link":"https:\/\/le-fort.org\/cocina\/categoria\/recetas\/"},"img":{"alt_text":"","src":"https:\/\/i0.wp.com\/le-fort.org\/cocina\/wp-content\/uploads\/2013\/07\/salvia-hd.jpg?fit=700%2C350&ssl=1&resize=350%2C200","width":350,"height":200,"srcset":"https:\/\/i0.wp.com\/le-fort.org\/cocina\/wp-content\/uploads\/2013\/07\/salvia-hd.jpg?fit=700%2C350&ssl=1&resize=350%2C200 1x, https:\/\/i0.wp.com\/le-fort.org\/cocina\/wp-content\/uploads\/2013\/07\/salvia-hd.jpg?fit=700%2C350&ssl=1&resize=525%2C300 1.5x, https:\/\/i0.wp.com\/le-fort.org\/cocina\/wp-content\/uploads\/2013\/07\/salvia-hd.jpg?fit=700%2C350&ssl=1&resize=700%2C400 2x"},"classes":[]},{"id":5956,"url":"https:\/\/le-fort.org\/cocina\/como-preparar-una-lasana-clasica-con-amor-y-algunos-detalles\/","url_meta":{"origin":7049,"position":5},"title":"C\u00f3mo Preparar una Lasa\u00f1a Cl\u00e1sica: con Amor y Algunos Detalles","author":"Le-Fort.org","date":"14 de Enero, 2015","format":false,"excerpt":"Algunas reflexiones sobre qu\u00e9 constituye una buena lasa\u00f1a: salsa con cari\u00f1o, buena salsa blanca, y queso generoso, adem\u00e1s de otros detalles.","rel":"","context":"En &quot;Disquisiciones&quot;","block_context":{"text":"Disquisiciones","link":"https:\/\/le-fort.org\/cocina\/categoria\/disquisiciones\/"},"img":{"alt_text":"","src":"https:\/\/i0.wp.com\/le-fort.org\/cocina\/wp-content\/uploads\/2015\/01\/lasagna-hd.jpg?fit=1200%2C400&ssl=1&resize=350%2C200","width":350,"height":200,"srcset":"https:\/\/i0.wp.com\/le-fort.org\/cocina\/wp-content\/uploads\/2015\/01\/lasagna-hd.jpg?fit=1200%2C400&ssl=1&resize=350%2C200 1x, https:\/\/i0.wp.com\/le-fort.org\/cocina\/wp-content\/uploads\/2015\/01\/lasagna-hd.jpg?fit=1200%2C400&ssl=1&resize=525%2C300 1.5x, https:\/\/i0.wp.com\/le-fort.org\/cocina\/wp-content\/uploads\/2015\/01\/lasagna-hd.jpg?fit=1200%2C400&ssl=1&resize=700%2C400 2x, https:\/\/i0.wp.com\/le-fort.org\/cocina\/wp-content\/uploads\/2015\/01\/lasagna-hd.jpg?fit=1200%2C400&ssl=1&resize=1050%2C600 3x"},"classes":[]}],"_links":{"self":[{"href":"https:\/\/le-fort.org\/cocina\/wp-json\/wp\/v2\/posts\/7049","targetHints":{"allow":["GET"]}}],"collection":[{"href":"https:\/\/le-fort.org\/cocina\/wp-json\/wp\/v2\/posts"}],"about":[{"href":"https:\/\/le-fort.org\/cocina\/wp-json\/wp\/v2\/types\/post"}],"author":[{"embeddable":true,"href":"https:\/\/le-fort.org\/cocina\/wp-json\/wp\/v2\/users\/1"}],"replies":[{"embeddable":true,"href":"https:\/\/le-fort.org\/cocina\/wp-json\/wp\/v2\/comments?post=7049"}],"version-history":[{"count":0,"href":"https:\/\/le-fort.org\/cocina\/wp-json\/wp\/v2\/posts\/7049\/revisions"}],"wp:featuredmedia":[{"embeddable":true,"href":"https:\/\/le-fort.org\/cocina\/wp-json\/wp\/v2\/media\/7052"}],"wp:attachment":[{"href":"https:\/\/le-fort.org\/cocina\/wp-json\/wp\/v2\/media?parent=7049"}],"wp:term":[{"taxonomy":"category","embeddable":true,"href":"https:\/\/le-fort.org\/cocina\/wp-json\/wp\/v2\/categories?post=7049"},{"taxonomy":"post_tag","embeddable":true,"href":"https:\/\/le-fort.org\/cocina\/wp-json\/wp\/v2\/tags?post=7049"}],"curies":[{"name":"wp","href":"https:\/\/api.w.org\/{rel}","templated":true}]}}