{"id":7189,"date":"2015-12-31T18:07:25","date_gmt":"2015-12-31T23:07:25","guid":{"rendered":"http:\/\/www.loquecomemos.com\/?p=7189"},"modified":"2022-01-25T21:22:10","modified_gmt":"2022-01-26T02:22:10","slug":"pie-de-limon","status":"publish","type":"post","link":"https:\/\/le-fort.org\/cocina\/pie-de-limon\/","title":{"rendered":"Pie de Lim\u00f3n"},"content":{"rendered":"<p>El <strong>pie de lim\u00f3n<\/strong> es un cl\u00e1sico de la reposter\u00eda: un \u00e9xito seguro que tiene mayor variedad de la que creemos, por suerte.<\/p>\n<p>Exploremos un poco.<!--more--><\/p>\n<h2>Nuestra Historia<\/h2>\n<p>Todo comenz\u00f3 con el pie cl\u00e1sico\u00a0de leche condensada, por a\u00f1os el \u00fanico pie de lim\u00f3n. Luego la Nena \u2013que trabajaba en un colegio\u00a0<em>soi dissant<\/em>\u00a0brit\u00e1nico\u2013 lleg\u00f3 con la primera desviaci\u00f3n de la norma: el &#8220;<a title=\"Receta de Pie de lim\u00f3n con relleno de Maicena\" href=\"https:\/\/www.le-fort.org\/receta-pie-de-limon-relleno-maicena\/\">pie de lim\u00f3n de maicena<\/a>&#8221; cuyo relleno utiliza maicena, y no la reacci\u00f3n entre el \u00e1cido del lim\u00f3n y la prote\u00edna de la leche, para espesarse. Adem\u00e1s incorpora las yemas en el relleno, lo que permite no hacer mayonesa casera para aprovecharlas. Una ganancia o una p\u00e9rdida seg\u00fan se prefiera.<\/p>\n<p>Pasaron los a\u00f1os, y la siguiente versi\u00f3n en aparecer, de la mano de la Cuqui, fue el pie de lim\u00f3n que combina la leche condensada con leche evaporada batida. El relleno queda espumoso, y por lo tanto ya no es ese alud de az\u00facar que te cae encima con cada tajada.<\/p>\n<div class=\"linkses\">\n<figure id=\"attachment_6177\" aria-describedby=\"caption-attachment-6177\" style=\"width: 150px\" class=\"wp-caption alignleft\"><a href=\"https:\/\/le-fort.org\/pie-de-limon-mezclado\/\"><img data-recalc-dims=\"1\" loading=\"lazy\" decoding=\"async\" data-attachment-id=\"6177\" data-permalink=\"https:\/\/le-fort.org\/cocina\/pie-de-limon-mezclado\/pie-4\/\" data-orig-file=\"https:\/\/i0.wp.com\/le-fort.org\/cocina\/wp-content\/uploads\/2015\/04\/pie.jpg?fit=960%2C600&amp;ssl=1\" data-orig-size=\"960,600\" data-comments-opened=\"0\" data-image-meta=\"{&quot;aperture&quot;:&quot;0&quot;,&quot;credit&quot;:&quot;&quot;,&quot;camera&quot;:&quot;&quot;,&quot;caption&quot;:&quot;&quot;,&quot;created_timestamp&quot;:&quot;0&quot;,&quot;copyright&quot;:&quot;&quot;,&quot;focal_length&quot;:&quot;0&quot;,&quot;iso&quot;:&quot;0&quot;,&quot;shutter_speed&quot;:&quot;0&quot;,&quot;title&quot;:&quot;&quot;,&quot;orientation&quot;:&quot;0&quot;}\" data-image-title=\"pie\" data-image-description=\"\" data-image-caption=\"\" data-large-file=\"https:\/\/i0.wp.com\/le-fort.org\/cocina\/wp-content\/uploads\/2015\/04\/pie.jpg?fit=960%2C600&amp;ssl=1\" class=\"wp-image-6177 size-thumbnail\" src=\"https:\/\/i0.wp.com\/www.le-fort.org\/wp-content\/uploads\/2015\/04\/pie-150x150.jpg?resize=150%2C150&#038;ssl=1\" alt=\"pie\" width=\"150\" height=\"150\" srcset=\"https:\/\/i0.wp.com\/le-fort.org\/cocina\/wp-content\/uploads\/2015\/04\/pie.jpg?resize=150%2C150&amp;ssl=1 150w, https:\/\/i0.wp.com\/le-fort.org\/cocina\/wp-content\/uploads\/2015\/04\/pie.jpg?zoom=2&amp;resize=150%2C150&amp;ssl=1 300w, https:\/\/i0.wp.com\/le-fort.org\/cocina\/wp-content\/uploads\/2015\/04\/pie.jpg?zoom=3&amp;resize=150%2C150&amp;ssl=1 450w\" sizes=\"auto, (max-width: 150px) 100vw, 150px\" \/><\/a><figcaption id=\"caption-attachment-6177\" class=\"wp-caption-text\"><a href=\"https:\/\/le-fort.org\/pie-de-limon-mezclado\/\">Mezclado<\/a><\/figcaption><\/figure>\n<figure id=\"attachment_5548\" aria-describedby=\"caption-attachment-5548\" style=\"width: 150px\" class=\"wp-caption alignleft\"><a href=\"https:\/\/le-fort.org\/disquisiciones\/pie-de-limon-con-lemon-curd\/\"><img data-recalc-dims=\"1\" loading=\"lazy\" decoding=\"async\" data-attachment-id=\"5548\" data-permalink=\"https:\/\/le-fort.org\/cocina\/pie-de-limon-con-lemon-curd\/pie-agar\/\" data-orig-file=\"https:\/\/i0.wp.com\/le-fort.org\/cocina\/wp-content\/uploads\/2014\/07\/pie-agar.jpg?fit=700%2C500&amp;ssl=1\" data-orig-size=\"700,500\" data-comments-opened=\"0\" data-image-meta=\"{&quot;aperture&quot;:&quot;0&quot;,&quot;credit&quot;:&quot;&quot;,&quot;camera&quot;:&quot;&quot;,&quot;caption&quot;:&quot;&quot;,&quot;created_timestamp&quot;:&quot;0&quot;,&quot;copyright&quot;:&quot;&quot;,&quot;focal_length&quot;:&quot;0&quot;,&quot;iso&quot;:&quot;0&quot;,&quot;shutter_speed&quot;:&quot;0&quot;,&quot;title&quot;:&quot;&quot;,&quot;orientation&quot;:&quot;0&quot;}\" data-image-title=\"pie-agar\" data-image-description=\"\" data-image-caption=\"\" data-large-file=\"https:\/\/i0.wp.com\/le-fort.org\/cocina\/wp-content\/uploads\/2014\/07\/pie-agar.jpg?fit=700%2C500&amp;ssl=1\" class=\"wp-image-5548 size-thumbnail\" src=\"https:\/\/i0.wp.com\/www.le-fort.org\/wp-content\/uploads\/2014\/07\/pie-agar-150x150.jpg?resize=150%2C150&#038;ssl=1\" alt=\"pie-agar\" width=\"150\" height=\"150\" srcset=\"https:\/\/i0.wp.com\/le-fort.org\/cocina\/wp-content\/uploads\/2014\/07\/pie-agar.jpg?resize=150%2C150&amp;ssl=1 150w, https:\/\/i0.wp.com\/le-fort.org\/cocina\/wp-content\/uploads\/2014\/07\/pie-agar.jpg?zoom=2&amp;resize=150%2C150&amp;ssl=1 300w, https:\/\/i0.wp.com\/le-fort.org\/cocina\/wp-content\/uploads\/2014\/07\/pie-agar.jpg?zoom=3&amp;resize=150%2C150&amp;ssl=1 450w\" sizes=\"auto, (max-width: 150px) 100vw, 150px\" \/><\/a><figcaption id=\"caption-attachment-5548\" class=\"wp-caption-text\"><a href=\"https:\/\/le-fort.org\/disquisiciones\/pie-de-limon-con-lemon-curd\/\">Con agar<\/a><\/figcaption><\/figure>\n<figure id=\"attachment_5047\" aria-describedby=\"caption-attachment-5047\" style=\"width: 150px\" class=\"wp-caption alignleft\"><a href=\"https:\/\/le-fort.org\/pie-de-limon-con-leche-evaporada-pie-de-espuma-de-limon\/\"><img data-recalc-dims=\"1\" loading=\"lazy\" decoding=\"async\" data-attachment-id=\"5047\" data-permalink=\"https:\/\/le-fort.org\/cocina\/pie-de-limon-con-leche-evaporada-pie-de-espuma-de-limon\/trozo-de-pie2\/\" data-orig-file=\"https:\/\/i0.wp.com\/le-fort.org\/cocina\/wp-content\/uploads\/2013\/12\/trozo-de-pie2.jpg?fit=700%2C500&amp;ssl=1\" data-orig-size=\"700,500\" data-comments-opened=\"0\" data-image-meta=\"{&quot;aperture&quot;:&quot;0&quot;,&quot;credit&quot;:&quot;&quot;,&quot;camera&quot;:&quot;&quot;,&quot;caption&quot;:&quot;&quot;,&quot;created_timestamp&quot;:&quot;0&quot;,&quot;copyright&quot;:&quot;&quot;,&quot;focal_length&quot;:&quot;0&quot;,&quot;iso&quot;:&quot;0&quot;,&quot;shutter_speed&quot;:&quot;0&quot;,&quot;title&quot;:&quot;&quot;,&quot;orientation&quot;:&quot;0&quot;}\" data-image-title=\"trozo-de-pie2\" data-image-description=\"\" data-image-caption=\"\" data-large-file=\"https:\/\/i0.wp.com\/le-fort.org\/cocina\/wp-content\/uploads\/2013\/12\/trozo-de-pie2.jpg?fit=700%2C500&amp;ssl=1\" class=\"wp-image-5047 size-thumbnail\" src=\"https:\/\/i0.wp.com\/www.le-fort.org\/wp-content\/uploads\/2013\/12\/trozo-de-pie2-150x150.jpg?resize=150%2C150&#038;ssl=1\" alt=\"trozo-de-pie2\" width=\"150\" height=\"150\" srcset=\"https:\/\/i0.wp.com\/le-fort.org\/cocina\/wp-content\/uploads\/2013\/12\/trozo-de-pie2.jpg?resize=150%2C150&amp;ssl=1 150w, https:\/\/i0.wp.com\/le-fort.org\/cocina\/wp-content\/uploads\/2013\/12\/trozo-de-pie2.jpg?zoom=2&amp;resize=150%2C150&amp;ssl=1 300w, https:\/\/i0.wp.com\/le-fort.org\/cocina\/wp-content\/uploads\/2013\/12\/trozo-de-pie2.jpg?zoom=3&amp;resize=150%2C150&amp;ssl=1 450w\" sizes=\"auto, (max-width: 150px) 100vw, 150px\" \/><\/a><figcaption id=\"caption-attachment-5047\" class=\"wp-caption-text\"><a href=\"https:\/\/le-fort.org\/pie-de-limon-con-leche-evaporada-pie-de-espuma-de-limon\/\">Espuma<\/a><\/figcaption><\/figure>\n<figure id=\"attachment_3959\" aria-describedby=\"caption-attachment-3959\" style=\"width: 150px\" class=\"wp-caption alignleft\"><a href=\"https:\/\/www.le-fort.org\/receta-pie-de-limon-relleno-maicena\/\"><img data-recalc-dims=\"1\" loading=\"lazy\" decoding=\"async\" data-attachment-id=\"3959\" data-permalink=\"https:\/\/le-fort.org\/cocina\/receta-pie-de-limon-relleno-maicena\/pie\/\" data-orig-file=\"https:\/\/i0.wp.com\/le-fort.org\/cocina\/wp-content\/uploads\/2011\/07\/pie.jpg?fit=600%2C450&amp;ssl=1\" data-orig-size=\"600,450\" data-comments-opened=\"0\" data-image-meta=\"{&quot;aperture&quot;:&quot;0&quot;,&quot;credit&quot;:&quot;&quot;,&quot;camera&quot;:&quot;&quot;,&quot;caption&quot;:&quot;&quot;,&quot;created_timestamp&quot;:&quot;0&quot;,&quot;copyright&quot;:&quot;&quot;,&quot;focal_length&quot;:&quot;0&quot;,&quot;iso&quot;:&quot;0&quot;,&quot;shutter_speed&quot;:&quot;0&quot;,&quot;title&quot;:&quot;&quot;,&quot;orientation&quot;:&quot;0&quot;}\" data-image-title=\"pie\" data-image-description=\"\" data-image-caption=\"\" data-large-file=\"https:\/\/i0.wp.com\/le-fort.org\/cocina\/wp-content\/uploads\/2011\/07\/pie.jpg?fit=600%2C450&amp;ssl=1\" class=\"wp-image-3959 size-thumbnail\" src=\"https:\/\/i0.wp.com\/www.le-fort.org\/wp-content\/uploads\/2011\/07\/pie-150x150.jpg?resize=150%2C150&#038;ssl=1\" alt=\"pie\" width=\"150\" height=\"150\" srcset=\"https:\/\/i0.wp.com\/le-fort.org\/cocina\/wp-content\/uploads\/2011\/07\/pie.jpg?resize=150%2C150&amp;ssl=1 150w, https:\/\/i0.wp.com\/le-fort.org\/cocina\/wp-content\/uploads\/2011\/07\/pie.jpg?zoom=2&amp;resize=150%2C150&amp;ssl=1 300w, https:\/\/i0.wp.com\/le-fort.org\/cocina\/wp-content\/uploads\/2011\/07\/pie.jpg?zoom=3&amp;resize=150%2C150&amp;ssl=1 450w\" sizes=\"auto, (max-width: 150px) 100vw, 150px\" \/><\/a><figcaption id=\"caption-attachment-3959\" class=\"wp-caption-text\"><a href=\"https:\/\/www.le-fort.org\/receta-pie-de-limon-relleno-maicena\/\">Con maicena<\/a><\/figcaption><\/figure>\n<\/div>\n<div class=\"clear\"><\/div>\n<p>El siguiente fue el\u00a0<a title=\"Pie de Lim\u00f3n Shaker \u2013 Receta\" href=\"https:\/\/le-fort.org\/receta-de-pie-de-limon-shaker\/\">Shaker lemon pie<\/a>, de los extintos (porque se les olvid\u00f3 reproducirse) cu\u00e1queros. Extra\u00f1o\u00a0<em>a priori<\/em>\u00a0pero muy bueno.<\/p>\n<p>Entre medio, el\u00a0<a title=\"Receta de Lemon Curd, o cuajada de lim\u00f3n\" href=\"https:\/\/le-fort.org\/receta-de-lemon-curd-o-cuajada-de-limon\/\">Lemon Curd<\/a>\u00a0o cuajada de lim\u00f3n en nuestra lengua es lo que probablemente intentaba emular el pie de lim\u00f3n de maicena pero en una versi\u00f3n menos pateadora. El\u00a0<em>Lemon Curd<\/em>\u00a0es una excelente alternativa de relleno de pie, y al igual que en el caso del relleno de leche condensada, es para tajadas delgad\u00edsimas.<\/p>\n<h2>Nuestros Pie de Lim\u00f3n<\/h2>\n<p>Aqu\u00ed algunas de nuestras recetas del mencionado pie.<\/p>\n<div class=\"display-posts-listing\"><div class=\"listing-item\"><a class=\"image\" href=\"https:\/\/le-fort.org\/cocina\/pie-de-limon-mezclado\/\"><img loading=\"lazy\" decoding=\"async\" width=\"150\" height=\"150\" src=\"https:\/\/i0.wp.com\/le-fort.org\/cocina\/wp-content\/uploads\/2015\/04\/pie-mezclado.jpg?resize=150%2C150&amp;ssl=1\" class=\"attachment-thumbnail size-thumbnail wp-post-image\" alt=\"\" srcset=\"https:\/\/i0.wp.com\/le-fort.org\/cocina\/wp-content\/uploads\/2015\/04\/pie-mezclado.jpg?resize=150%2C150&amp;ssl=1 150w, https:\/\/i0.wp.com\/le-fort.org\/cocina\/wp-content\/uploads\/2015\/04\/pie-mezclado.jpg?zoom=2&amp;resize=150%2C150&amp;ssl=1 300w, https:\/\/i0.wp.com\/le-fort.org\/cocina\/wp-content\/uploads\/2015\/04\/pie-mezclado.jpg?zoom=3&amp;resize=150%2C150&amp;ssl=1 450w\" sizes=\"auto, (max-width: 150px) 100vw, 150px\" data-attachment-id=\"6526\" data-permalink=\"https:\/\/le-fort.org\/cocina\/pie-de-limon-mezclado\/pie-mezclado\/\" data-orig-file=\"https:\/\/i0.wp.com\/le-fort.org\/cocina\/wp-content\/uploads\/2015\/04\/pie-mezclado.jpg?fit=1200%2C400&amp;ssl=1\" data-orig-size=\"1200,400\" data-comments-opened=\"0\" data-image-meta=\"{&quot;aperture&quot;:&quot;0&quot;,&quot;credit&quot;:&quot;&quot;,&quot;camera&quot;:&quot;&quot;,&quot;caption&quot;:&quot;&quot;,&quot;created_timestamp&quot;:&quot;0&quot;,&quot;copyright&quot;:&quot;&quot;,&quot;focal_length&quot;:&quot;0&quot;,&quot;iso&quot;:&quot;0&quot;,&quot;shutter_speed&quot;:&quot;0&quot;,&quot;title&quot;:&quot;&quot;,&quot;orientation&quot;:&quot;0&quot;}\" data-image-title=\"pie-mezclado\" data-image-description=\"\" data-image-caption=\"\" data-large-file=\"https:\/\/i0.wp.com\/le-fort.org\/cocina\/wp-content\/uploads\/2015\/04\/pie-mezclado.jpg?fit=1200%2C400&amp;ssl=1\" \/><\/a> <a class=\"title\" href=\"https:\/\/le-fort.org\/cocina\/pie-de-limon-mezclado\/\">Pie de Lim\u00f3n Mezclado<\/a> <span class=\"excerpt-dash\">-<\/span> <span class=\"excerpt\">Pie de Lim\u00f3n con un cambio. En vez de que el merengue vaya encima, va integrado en el relleno. Queda m\u00e1s suave y menos dulce. \u00a1Pru\u00e9balo!<\/span><\/div><div class=\"listing-item\"><a class=\"image\" href=\"https:\/\/le-fort.org\/cocina\/pie-de-limon-con-lemon-curd\/\"><img loading=\"lazy\" decoding=\"async\" width=\"150\" height=\"150\" src=\"https:\/\/i0.wp.com\/le-fort.org\/cocina\/wp-content\/uploads\/2014\/07\/pie-limon-curd-agar-hd.jpg?resize=150%2C150&amp;ssl=1\" class=\"attachment-thumbnail size-thumbnail wp-post-image\" alt=\"Pie de lim\u00f3n\" srcset=\"https:\/\/i0.wp.com\/le-fort.org\/cocina\/wp-content\/uploads\/2014\/07\/pie-limon-curd-agar-hd.jpg?resize=150%2C150&amp;ssl=1 150w, https:\/\/i0.wp.com\/le-fort.org\/cocina\/wp-content\/uploads\/2014\/07\/pie-limon-curd-agar-hd.jpg?zoom=2&amp;resize=150%2C150&amp;ssl=1 300w, https:\/\/i0.wp.com\/le-fort.org\/cocina\/wp-content\/uploads\/2014\/07\/pie-limon-curd-agar-hd.jpg?zoom=3&amp;resize=150%2C150&amp;ssl=1 450w\" sizes=\"auto, (max-width: 150px) 100vw, 150px\" data-attachment-id=\"5550\" data-permalink=\"https:\/\/le-fort.org\/cocina\/pie-de-limon-con-lemon-curd\/pie-limon-curd-agar-hd\/\" data-orig-file=\"https:\/\/i0.wp.com\/le-fort.org\/cocina\/wp-content\/uploads\/2014\/07\/pie-limon-curd-agar-hd.jpg?fit=1200%2C400&amp;ssl=1\" data-orig-size=\"1200,400\" data-comments-opened=\"0\" data-image-meta=\"{&quot;aperture&quot;:&quot;0&quot;,&quot;credit&quot;:&quot;&quot;,&quot;camera&quot;:&quot;&quot;,&quot;caption&quot;:&quot;&quot;,&quot;created_timestamp&quot;:&quot;0&quot;,&quot;copyright&quot;:&quot;&quot;,&quot;focal_length&quot;:&quot;0&quot;,&quot;iso&quot;:&quot;0&quot;,&quot;shutter_speed&quot;:&quot;0&quot;,&quot;title&quot;:&quot;&quot;,&quot;orientation&quot;:&quot;0&quot;}\" data-image-title=\"pie-limon-curd-agar-hd\" data-image-description=\"\" data-image-caption=\"\" data-large-file=\"https:\/\/i0.wp.com\/le-fort.org\/cocina\/wp-content\/uploads\/2014\/07\/pie-limon-curd-agar-hd.jpg?fit=1200%2C400&amp;ssl=1\" \/><\/a> <a class=\"title\" href=\"https:\/\/le-fort.org\/cocina\/pie-de-limon-con-lemon-curd\/\">Pie de Lim\u00f3n con Lemon Curd<\/a> <span class=\"excerpt-dash\">-<\/span> <span class=\"excerpt\">Pie de lim\u00f3n relleno con cuajada de lim\u00f3n (Lemon Curd) solidificado con un poco de Agar agar. Deliciosa y limonosamente recomendable.<\/span><\/div><div class=\"listing-item\"><a class=\"image\" href=\"https:\/\/le-fort.org\/cocina\/cheesecake-de-limon-con-ganache-de-chocolate-blanco\/\"><img loading=\"lazy\" decoding=\"async\" width=\"150\" height=\"150\" src=\"https:\/\/i0.wp.com\/le-fort.org\/cocina\/wp-content\/uploads\/2014\/02\/cheesecake-hd.jpg?resize=150%2C150&amp;ssl=1\" class=\"attachment-thumbnail size-thumbnail wp-post-image\" alt=\"\" srcset=\"https:\/\/i0.wp.com\/le-fort.org\/cocina\/wp-content\/uploads\/2014\/02\/cheesecake-hd.jpg?resize=150%2C150&amp;ssl=1 150w, https:\/\/i0.wp.com\/le-fort.org\/cocina\/wp-content\/uploads\/2014\/02\/cheesecake-hd.jpg?zoom=2&amp;resize=150%2C150&amp;ssl=1 300w, https:\/\/i0.wp.com\/le-fort.org\/cocina\/wp-content\/uploads\/2014\/02\/cheesecake-hd.jpg?zoom=3&amp;resize=150%2C150&amp;ssl=1 450w\" sizes=\"auto, (max-width: 150px) 100vw, 150px\" data-attachment-id=\"5313\" data-permalink=\"https:\/\/le-fort.org\/cocina\/cheesecake-de-limon-con-ganache-de-chocolate-blanco\/cheesecake-hd-2\/\" data-orig-file=\"https:\/\/i0.wp.com\/le-fort.org\/cocina\/wp-content\/uploads\/2014\/02\/cheesecake-hd.jpg?fit=1200%2C400&amp;ssl=1\" data-orig-size=\"1200,400\" data-comments-opened=\"0\" data-image-meta=\"{&quot;aperture&quot;:&quot;0&quot;,&quot;credit&quot;:&quot;&quot;,&quot;camera&quot;:&quot;&quot;,&quot;caption&quot;:&quot;&quot;,&quot;created_timestamp&quot;:&quot;0&quot;,&quot;copyright&quot;:&quot;&quot;,&quot;focal_length&quot;:&quot;0&quot;,&quot;iso&quot;:&quot;0&quot;,&quot;shutter_speed&quot;:&quot;0&quot;,&quot;title&quot;:&quot;&quot;,&quot;orientation&quot;:&quot;0&quot;}\" data-image-title=\"cheesecake-hd\" data-image-description=\"\" data-image-caption=\"\" data-large-file=\"https:\/\/i0.wp.com\/le-fort.org\/cocina\/wp-content\/uploads\/2014\/02\/cheesecake-hd.jpg?fit=1200%2C400&amp;ssl=1\" \/><\/a> <a class=\"title\" href=\"https:\/\/le-fort.org\/cocina\/cheesecake-de-limon-con-ganache-de-chocolate-blanco\/\">Cheesecake de Lim\u00f3n con Ganache de Chocolate Blanco<\/a> <span class=\"excerpt-dash\">-<\/span> <span class=\"excerpt\">Receta de cheesecake de lim\u00f3n cubierto con ganache de chocolate blanco. Es una combinaci\u00f3n exquisita que les recomendamos con mucho entusiasmo.<\/span><\/div><div class=\"listing-item\"><a class=\"image\" href=\"https:\/\/le-fort.org\/cocina\/cheesecake-de-limon\/\"><img loading=\"lazy\" decoding=\"async\" width=\"150\" height=\"150\" src=\"https:\/\/i0.wp.com\/le-fort.org\/cocina\/wp-content\/uploads\/2014\/02\/cheesecake-limon-hd.jpg?resize=150%2C150&amp;ssl=1\" class=\"attachment-thumbnail size-thumbnail wp-post-image\" alt=\"\" srcset=\"https:\/\/i0.wp.com\/le-fort.org\/cocina\/wp-content\/uploads\/2014\/02\/cheesecake-limon-hd.jpg?resize=150%2C150&amp;ssl=1 150w, https:\/\/i0.wp.com\/le-fort.org\/cocina\/wp-content\/uploads\/2014\/02\/cheesecake-limon-hd.jpg?zoom=2&amp;resize=150%2C150&amp;ssl=1 300w, https:\/\/i0.wp.com\/le-fort.org\/cocina\/wp-content\/uploads\/2014\/02\/cheesecake-limon-hd.jpg?zoom=3&amp;resize=150%2C150&amp;ssl=1 450w\" sizes=\"auto, (max-width: 150px) 100vw, 150px\" data-attachment-id=\"5276\" data-permalink=\"https:\/\/le-fort.org\/cocina\/cheesecake-de-limon\/cheesecake-limon-hd\/\" data-orig-file=\"https:\/\/i0.wp.com\/le-fort.org\/cocina\/wp-content\/uploads\/2014\/02\/cheesecake-limon-hd.jpg?fit=1200%2C400&amp;ssl=1\" data-orig-size=\"1200,400\" data-comments-opened=\"0\" data-image-meta=\"{&quot;aperture&quot;:&quot;0&quot;,&quot;credit&quot;:&quot;&quot;,&quot;camera&quot;:&quot;&quot;,&quot;caption&quot;:&quot;&quot;,&quot;created_timestamp&quot;:&quot;0&quot;,&quot;copyright&quot;:&quot;&quot;,&quot;focal_length&quot;:&quot;0&quot;,&quot;iso&quot;:&quot;0&quot;,&quot;shutter_speed&quot;:&quot;0&quot;,&quot;title&quot;:&quot;&quot;,&quot;orientation&quot;:&quot;0&quot;}\" data-image-title=\"cheesecake-limon-hd\" data-image-description=\"\" data-image-caption=\"\" data-large-file=\"https:\/\/i0.wp.com\/le-fort.org\/cocina\/wp-content\/uploads\/2014\/02\/cheesecake-limon-hd.jpg?fit=1200%2C400&amp;ssl=1\" \/><\/a> <a class=\"title\" href=\"https:\/\/le-fort.org\/cocina\/cheesecake-de-limon\/\">Cheesecake de Lim\u00f3n<\/a> <span class=\"excerpt-dash\">-<\/span> <span class=\"excerpt\">Receta de cheesecake de lim\u00f3n, un pie que es a la vez un cheesecake y un pie de lim\u00f3n, con masa de galletas y cubierto de merengue. Nos encant\u00f3 y lo recomendamos.<\/span><\/div><div class=\"listing-item\"><a class=\"image\" href=\"https:\/\/le-fort.org\/cocina\/pie-de-limon-con-leche-condensada-y-yemas-horneado\/\"><img loading=\"lazy\" decoding=\"async\" width=\"150\" height=\"150\" src=\"https:\/\/i0.wp.com\/le-fort.org\/cocina\/wp-content\/uploads\/2013\/12\/pie-limon-hd.jpg?resize=150%2C150&amp;ssl=1\" class=\"attachment-thumbnail size-thumbnail wp-post-image\" alt=\"\" srcset=\"https:\/\/i0.wp.com\/le-fort.org\/cocina\/wp-content\/uploads\/2013\/12\/pie-limon-hd.jpg?resize=150%2C150&amp;ssl=1 150w, https:\/\/i0.wp.com\/le-fort.org\/cocina\/wp-content\/uploads\/2013\/12\/pie-limon-hd.jpg?zoom=2&amp;resize=150%2C150&amp;ssl=1 300w, https:\/\/i0.wp.com\/le-fort.org\/cocina\/wp-content\/uploads\/2013\/12\/pie-limon-hd.jpg?zoom=3&amp;resize=150%2C150&amp;ssl=1 450w\" sizes=\"auto, (max-width: 150px) 100vw, 150px\" data-attachment-id=\"5067\" data-permalink=\"https:\/\/le-fort.org\/cocina\/pie-de-limon-con-leche-condensada-y-yemas-horneado\/pie-limon-hd\/\" data-orig-file=\"https:\/\/i0.wp.com\/le-fort.org\/cocina\/wp-content\/uploads\/2013\/12\/pie-limon-hd.jpg?fit=960%2C400&amp;ssl=1\" data-orig-size=\"960,400\" data-comments-opened=\"0\" data-image-meta=\"{&quot;aperture&quot;:&quot;0&quot;,&quot;credit&quot;:&quot;&quot;,&quot;camera&quot;:&quot;&quot;,&quot;caption&quot;:&quot;&quot;,&quot;created_timestamp&quot;:&quot;0&quot;,&quot;copyright&quot;:&quot;&quot;,&quot;focal_length&quot;:&quot;0&quot;,&quot;iso&quot;:&quot;0&quot;,&quot;shutter_speed&quot;:&quot;0&quot;,&quot;title&quot;:&quot;&quot;,&quot;orientation&quot;:&quot;0&quot;}\" data-image-title=\"pie-limon-hd\" data-image-description=\"\" data-image-caption=\"\" data-large-file=\"https:\/\/i0.wp.com\/le-fort.org\/cocina\/wp-content\/uploads\/2013\/12\/pie-limon-hd.jpg?fit=960%2C400&amp;ssl=1\" \/><\/a> <a class=\"title\" href=\"https:\/\/le-fort.org\/cocina\/pie-de-limon-con-leche-condensada-y-yemas-horneado\/\">Pie de Lim\u00f3n con Leche Condensada y Yemas (horneado)<\/a> <span class=\"excerpt-dash\">-<\/span> <span class=\"excerpt\">Receta de pie de lim\u00f3n horneado con relleno de leche condensada, jugo de lim\u00f3n y yemas. En este caso utilizamos merenguitos comprados para decorar. Es f\u00e1cil y r\u00e1pido.<\/span><\/div><div class=\"listing-item\"><a class=\"image\" href=\"https:\/\/le-fort.org\/cocina\/pie-de-limon-con-leche-evaporada-pie-de-espuma-de-limon\/\"><img loading=\"lazy\" decoding=\"async\" width=\"150\" height=\"150\" src=\"https:\/\/i0.wp.com\/le-fort.org\/cocina\/wp-content\/uploads\/2013\/12\/hd.jpg?resize=150%2C150&amp;ssl=1\" class=\"attachment-thumbnail size-thumbnail wp-post-image\" alt=\"\" srcset=\"https:\/\/i0.wp.com\/le-fort.org\/cocina\/wp-content\/uploads\/2013\/12\/hd.jpg?resize=150%2C150&amp;ssl=1 150w, https:\/\/i0.wp.com\/le-fort.org\/cocina\/wp-content\/uploads\/2013\/12\/hd.jpg?zoom=2&amp;resize=150%2C150&amp;ssl=1 300w, https:\/\/i0.wp.com\/le-fort.org\/cocina\/wp-content\/uploads\/2013\/12\/hd.jpg?zoom=3&amp;resize=150%2C150&amp;ssl=1 450w\" sizes=\"auto, (max-width: 150px) 100vw, 150px\" data-attachment-id=\"5048\" data-permalink=\"https:\/\/le-fort.org\/cocina\/pie-de-limon-con-leche-evaporada-pie-de-espuma-de-limon\/hd-21\/\" data-orig-file=\"https:\/\/i0.wp.com\/le-fort.org\/cocina\/wp-content\/uploads\/2013\/12\/hd.jpg?fit=1024%2C400&amp;ssl=1\" data-orig-size=\"1024,400\" data-comments-opened=\"0\" data-image-meta=\"{&quot;aperture&quot;:&quot;0&quot;,&quot;credit&quot;:&quot;&quot;,&quot;camera&quot;:&quot;&quot;,&quot;caption&quot;:&quot;&quot;,&quot;created_timestamp&quot;:&quot;0&quot;,&quot;copyright&quot;:&quot;&quot;,&quot;focal_length&quot;:&quot;0&quot;,&quot;iso&quot;:&quot;0&quot;,&quot;shutter_speed&quot;:&quot;0&quot;,&quot;title&quot;:&quot;&quot;,&quot;orientation&quot;:&quot;0&quot;}\" data-image-title=\"hd\" data-image-description=\"\" data-image-caption=\"\" data-large-file=\"https:\/\/i0.wp.com\/le-fort.org\/cocina\/wp-content\/uploads\/2013\/12\/hd.jpg?fit=1024%2C400&amp;ssl=1\" \/><\/a> <a class=\"title\" href=\"https:\/\/le-fort.org\/cocina\/pie-de-limon-con-leche-evaporada-pie-de-espuma-de-limon\/\">Pie de Espuma de Lim\u00f3n<\/a> <span class=\"excerpt-dash\">-<\/span> <span class=\"excerpt\">Receta de pie de lim\u00f3n con leche condensada y leche evaporada. Es un pie m\u00e1s ligero que el cl\u00e1sico de leche condensada.<\/span><\/div><div class=\"listing-item\"><a class=\"image\" href=\"https:\/\/le-fort.org\/cocina\/pie-de-natillas-de-limon\/\"><img loading=\"lazy\" decoding=\"async\" width=\"150\" height=\"150\" src=\"https:\/\/i0.wp.com\/le-fort.org\/cocina\/wp-content\/uploads\/2013\/05\/hd-pie-natillas.jpg?resize=150%2C150&amp;ssl=1\" class=\"attachment-thumbnail size-thumbnail wp-post-image\" alt=\"\" srcset=\"https:\/\/i0.wp.com\/le-fort.org\/cocina\/wp-content\/uploads\/2013\/05\/hd-pie-natillas.jpg?resize=150%2C150&amp;ssl=1 150w, https:\/\/i0.wp.com\/le-fort.org\/cocina\/wp-content\/uploads\/2013\/05\/hd-pie-natillas.jpg?zoom=2&amp;resize=150%2C150&amp;ssl=1 300w, https:\/\/i0.wp.com\/le-fort.org\/cocina\/wp-content\/uploads\/2013\/05\/hd-pie-natillas.jpg?zoom=3&amp;resize=150%2C150&amp;ssl=1 450w\" sizes=\"auto, (max-width: 150px) 100vw, 150px\" data-attachment-id=\"3938\" data-permalink=\"https:\/\/le-fort.org\/cocina\/?attachment_id=3938\" data-orig-file=\"https:\/\/i0.wp.com\/le-fort.org\/cocina\/wp-content\/uploads\/2013\/05\/hd-pie-natillas.jpg?fit=600%2C225&amp;ssl=1\" data-orig-size=\"600,225\" data-comments-opened=\"0\" data-image-meta=\"{&quot;aperture&quot;:&quot;0&quot;,&quot;credit&quot;:&quot;&quot;,&quot;camera&quot;:&quot;&quot;,&quot;caption&quot;:&quot;&quot;,&quot;created_timestamp&quot;:&quot;0&quot;,&quot;copyright&quot;:&quot;&quot;,&quot;focal_length&quot;:&quot;0&quot;,&quot;iso&quot;:&quot;0&quot;,&quot;shutter_speed&quot;:&quot;0&quot;,&quot;title&quot;:&quot;&quot;,&quot;orientation&quot;:&quot;0&quot;}\" data-image-title=\"hd-pie-natillas\" data-image-description=\"\" data-image-caption=\"\" data-large-file=\"https:\/\/i0.wp.com\/le-fort.org\/cocina\/wp-content\/uploads\/2013\/05\/hd-pie-natillas.jpg?fit=600%2C225&amp;ssl=1\" \/><\/a> <a class=\"title\" href=\"https:\/\/le-fort.org\/cocina\/pie-de-natillas-de-limon\/\">Pie de Natillas de Lim\u00f3n: Otro Pie de Lim\u00f3n M\u00e1s<\/a> <span class=\"excerpt-dash\">-<\/span> <span class=\"excerpt\">Otra receta m\u00e1s de Pie de Lim\u00f3n. Esta es una receta de natillas de lim\u00f3n y es menos dulce y menos firme que la de leche condensada o de Lemon Curd.<\/span><\/div><div class=\"listing-item\"><a class=\"image\" href=\"https:\/\/le-fort.org\/cocina\/receta-de-lemon-curd-o-cuajada-de-limon\/\"><img loading=\"lazy\" decoding=\"async\" width=\"150\" height=\"150\" src=\"https:\/\/i0.wp.com\/le-fort.org\/cocina\/wp-content\/uploads\/2012\/07\/header.jpg?resize=150%2C150&amp;ssl=1\" class=\"attachment-thumbnail size-thumbnail wp-post-image\" alt=\"\" srcset=\"https:\/\/i0.wp.com\/le-fort.org\/cocina\/wp-content\/uploads\/2012\/07\/header.jpg?resize=150%2C150&amp;ssl=1 150w, https:\/\/i0.wp.com\/le-fort.org\/cocina\/wp-content\/uploads\/2012\/07\/header.jpg?zoom=2&amp;resize=150%2C150&amp;ssl=1 300w, https:\/\/i0.wp.com\/le-fort.org\/cocina\/wp-content\/uploads\/2012\/07\/header.jpg?zoom=3&amp;resize=150%2C150&amp;ssl=1 450w\" sizes=\"auto, (max-width: 150px) 100vw, 150px\" data-attachment-id=\"3926\" data-permalink=\"https:\/\/le-fort.org\/cocina\/receta-de-lemon-curd-o-cuajada-de-limon\/header\/\" data-orig-file=\"https:\/\/i0.wp.com\/le-fort.org\/cocina\/wp-content\/uploads\/2012\/07\/header.jpg?fit=1000%2C288&amp;ssl=1\" data-orig-size=\"1000,288\" data-comments-opened=\"0\" data-image-meta=\"{&quot;aperture&quot;:&quot;0&quot;,&quot;credit&quot;:&quot;&quot;,&quot;camera&quot;:&quot;&quot;,&quot;caption&quot;:&quot;&quot;,&quot;created_timestamp&quot;:&quot;0&quot;,&quot;copyright&quot;:&quot;&quot;,&quot;focal_length&quot;:&quot;0&quot;,&quot;iso&quot;:&quot;0&quot;,&quot;shutter_speed&quot;:&quot;0&quot;,&quot;title&quot;:&quot;&quot;,&quot;orientation&quot;:&quot;0&quot;}\" data-image-title=\"header\" data-image-description=\"\" data-image-caption=\"\" data-large-file=\"https:\/\/i0.wp.com\/le-fort.org\/cocina\/wp-content\/uploads\/2012\/07\/header.jpg?fit=1000%2C288&amp;ssl=1\" \/><\/a> <a class=\"title\" href=\"https:\/\/le-fort.org\/cocina\/receta-de-lemon-curd-o-cuajada-de-limon\/\">Receta de Lemon Curd, o cuajada de lim\u00f3n<\/a> <span class=\"excerpt-dash\">-<\/span> <span class=\"excerpt\">El \"Lemon Curd\" o cuajada de lim\u00f3n es una pasta sumamente brit\u00e1nica hecha de lim\u00f3n, huevos, az\u00facar y mantequilla. \u00bfQui\u00e9n dijo riesgo cardiovascular?<\/span><\/div><div class=\"listing-item\"><a class=\"image\" href=\"https:\/\/le-fort.org\/cocina\/receta-de-pie-de-limon-shaker\/\"><img loading=\"lazy\" decoding=\"async\" width=\"150\" height=\"150\" src=\"https:\/\/i0.wp.com\/le-fort.org\/cocina\/wp-content\/uploads\/2011\/07\/amish.jpg?resize=150%2C150&amp;ssl=1\" class=\"attachment-thumbnail size-thumbnail wp-post-image\" alt=\"\" srcset=\"https:\/\/i0.wp.com\/le-fort.org\/cocina\/wp-content\/uploads\/2011\/07\/amish.jpg?resize=150%2C150&amp;ssl=1 150w, https:\/\/i0.wp.com\/le-fort.org\/cocina\/wp-content\/uploads\/2011\/07\/amish.jpg?zoom=2&amp;resize=150%2C150&amp;ssl=1 300w, https:\/\/i0.wp.com\/le-fort.org\/cocina\/wp-content\/uploads\/2011\/07\/amish.jpg?zoom=3&amp;resize=150%2C150&amp;ssl=1 450w\" sizes=\"auto, (max-width: 150px) 100vw, 150px\" data-attachment-id=\"3946\" data-permalink=\"https:\/\/le-fort.org\/cocina\/receta-de-pie-de-limon-shaker\/amish\/\" data-orig-file=\"https:\/\/i0.wp.com\/le-fort.org\/cocina\/wp-content\/uploads\/2011\/07\/amish.jpg?fit=960%2C250&amp;ssl=1\" data-orig-size=\"960,250\" data-comments-opened=\"0\" data-image-meta=\"{&quot;aperture&quot;:&quot;0&quot;,&quot;credit&quot;:&quot;&quot;,&quot;camera&quot;:&quot;&quot;,&quot;caption&quot;:&quot;&quot;,&quot;created_timestamp&quot;:&quot;0&quot;,&quot;copyright&quot;:&quot;&quot;,&quot;focal_length&quot;:&quot;0&quot;,&quot;iso&quot;:&quot;0&quot;,&quot;shutter_speed&quot;:&quot;0&quot;,&quot;title&quot;:&quot;&quot;,&quot;orientation&quot;:&quot;0&quot;}\" data-image-title=\"amish\" data-image-description=\"\" data-image-caption=\"\" data-large-file=\"https:\/\/i0.wp.com\/le-fort.org\/cocina\/wp-content\/uploads\/2011\/07\/amish.jpg?fit=960%2C250&amp;ssl=1\" \/><\/a> <a class=\"title\" href=\"https:\/\/le-fort.org\/cocina\/receta-de-pie-de-limon-shaker\/\">Pie de Lim\u00f3n Shaker \u2013 Receta<\/a> <span class=\"excerpt-dash\">-<\/span> <span class=\"excerpt\">El Pie de Lim\u00f3n Shaker se hace con tajadas de lim\u00f3n maceradas en az\u00facar y huevo. Es una especie de pie de lim\u00f3n confitado.<\/span><\/div><div class=\"listing-item\"><a class=\"image\" href=\"https:\/\/le-fort.org\/cocina\/receta-pie-de-limon-relleno-maicena\/\"><img loading=\"lazy\" decoding=\"async\" width=\"150\" height=\"150\" src=\"https:\/\/i0.wp.com\/le-fort.org\/cocina\/wp-content\/uploads\/2011\/07\/pie-limon-hd.jpg?resize=150%2C150&amp;ssl=1\" class=\"attachment-thumbnail size-thumbnail wp-post-image\" alt=\"\" srcset=\"https:\/\/i0.wp.com\/le-fort.org\/cocina\/wp-content\/uploads\/2011\/07\/pie-limon-hd.jpg?resize=150%2C150&amp;ssl=1 150w, https:\/\/i0.wp.com\/le-fort.org\/cocina\/wp-content\/uploads\/2011\/07\/pie-limon-hd.jpg?zoom=2&amp;resize=150%2C150&amp;ssl=1 300w, https:\/\/i0.wp.com\/le-fort.org\/cocina\/wp-content\/uploads\/2011\/07\/pie-limon-hd.jpg?zoom=3&amp;resize=150%2C150&amp;ssl=1 450w\" sizes=\"auto, (max-width: 150px) 100vw, 150px\" data-attachment-id=\"16376\" data-permalink=\"https:\/\/le-fort.org\/cocina\/receta-pie-de-limon-relleno-maicena\/pie-limon-hd-2\/\" data-orig-file=\"https:\/\/i0.wp.com\/le-fort.org\/cocina\/wp-content\/uploads\/2011\/07\/pie-limon-hd.jpg?fit=1500%2C500&amp;ssl=1\" data-orig-size=\"1500,500\" data-comments-opened=\"0\" data-image-meta=\"{&quot;aperture&quot;:&quot;0&quot;,&quot;credit&quot;:&quot;&quot;,&quot;camera&quot;:&quot;&quot;,&quot;caption&quot;:&quot;&quot;,&quot;created_timestamp&quot;:&quot;0&quot;,&quot;copyright&quot;:&quot;&quot;,&quot;focal_length&quot;:&quot;0&quot;,&quot;iso&quot;:&quot;0&quot;,&quot;shutter_speed&quot;:&quot;0&quot;,&quot;title&quot;:&quot;&quot;,&quot;orientation&quot;:&quot;0&quot;}\" data-image-title=\"pie&amp;#8211;limon-hd\" data-image-description=\"\" data-image-caption=\"\" data-large-file=\"https:\/\/i0.wp.com\/le-fort.org\/cocina\/wp-content\/uploads\/2011\/07\/pie-limon-hd.jpg?fit=1200%2C400&amp;ssl=1\" \/><\/a> <a class=\"title\" href=\"https:\/\/le-fort.org\/cocina\/receta-pie-de-limon-relleno-maicena\/\">Pie de lim\u00f3n con relleno de Maicena<\/a> <span class=\"excerpt-dash\">-<\/span> <span class=\"excerpt\">Receta de Pie de lim\u00f3n con relleno de maicena, menos dulce que el de leche condensada, y m\u00e1s adecuado para los intolerantes a la lactosa.<\/span><\/div><\/div>\n<p>\u2026y estos son nuestros pie. \u00bfTienes alguna receta notable que se nos escape? \u00a1por favor cu\u00e9ntanosla!<\/p>\n<hr style=\"clear: both;\" \/>\n","protected":false},"excerpt":{"rendered":"<p>El pie de lim\u00f3n es un cl\u00e1sico de la reposter\u00eda: un \u00e9xito seguro que tiene mayor variedad de la que creemos, por suerte. Exploremos un poco.<\/p>\n","protected":false},"author":1,"featured_media":5550,"comment_status":"closed","ping_status":"closed","sticky":false,"template":"","format":"standard","meta":{"_jetpack_newsletter_access":"","_jetpack_dont_email_post_to_subs":false,"_jetpack_newsletter_tier_id":0,"_jetpack_memberships_contains_paywalled_content":false,"_jetpack_memberships_contains_paid_content":false,"footnotes":""},"categories":[206],"tags":[201,362,724],"class_list":["post-7189","post","type-post","status-publish","format-standard","has-post-thumbnail","hentry","category-recopilaciones","tag-recopilacion","tag-recopilaciones","tag-top","entry","has-media"],"jetpack_featured_media_url":"https:\/\/i0.wp.com\/le-fort.org\/cocina\/wp-content\/uploads\/2014\/07\/pie-limon-curd-agar-hd.jpg?fit=1200%2C400&ssl=1","jetpack_shortlink":"https:\/\/wp.me\/pghKer-1RX","jetpack_sharing_enabled":true,"jetpack-related-posts":[{"id":73,"url":"https:\/\/le-fort.org\/cocina\/receta-pie-de-limon-relleno-maicena\/","url_meta":{"origin":7189,"position":0},"title":"Pie de lim\u00f3n con relleno de Maicena","author":"Le-Fort.org","date":"26 de Julio, 2011","format":false,"excerpt":"Receta de Pie de lim\u00f3n con relleno de maicena, menos dulce que el de leche condensada, y m\u00e1s adecuado para los intolerantes a la lactosa.","rel":"","context":"En &quot;Reposter\u00eda&quot;","block_context":{"text":"Reposter\u00eda","link":"https:\/\/le-fort.org\/cocina\/categoria\/reposteria\/"},"img":{"alt_text":"","src":"https:\/\/i0.wp.com\/le-fort.org\/cocina\/wp-content\/uploads\/2011\/07\/pie-limon-hd.jpg?fit=1200%2C400&ssl=1&resize=350%2C200","width":350,"height":200,"srcset":"https:\/\/i0.wp.com\/le-fort.org\/cocina\/wp-content\/uploads\/2011\/07\/pie-limon-hd.jpg?fit=1200%2C400&ssl=1&resize=350%2C200 1x, https:\/\/i0.wp.com\/le-fort.org\/cocina\/wp-content\/uploads\/2011\/07\/pie-limon-hd.jpg?fit=1200%2C400&ssl=1&resize=525%2C300 1.5x, https:\/\/i0.wp.com\/le-fort.org\/cocina\/wp-content\/uploads\/2011\/07\/pie-limon-hd.jpg?fit=1200%2C400&ssl=1&resize=700%2C400 2x, https:\/\/i0.wp.com\/le-fort.org\/cocina\/wp-content\/uploads\/2011\/07\/pie-limon-hd.jpg?fit=1200%2C400&ssl=1&resize=1050%2C600 3x"},"classes":[]},{"id":5042,"url":"https:\/\/le-fort.org\/cocina\/pie-de-limon-con-leche-evaporada-pie-de-espuma-de-limon\/","url_meta":{"origin":7189,"position":1},"title":"Pie de Espuma de Lim\u00f3n","author":"Le-Fort.org","date":"3 de Diciembre, 2013","format":false,"excerpt":"Receta de pie de lim\u00f3n con leche condensada y leche evaporada. Es un pie m\u00e1s ligero que el cl\u00e1sico de leche condensada.","rel":"","context":"En &quot;Recetas&quot;","block_context":{"text":"Recetas","link":"https:\/\/le-fort.org\/cocina\/categoria\/recetas\/"},"img":{"alt_text":"","src":"https:\/\/i0.wp.com\/le-fort.org\/cocina\/wp-content\/uploads\/2013\/12\/hd.jpg?fit=1024%2C400&ssl=1&resize=350%2C200","width":350,"height":200,"srcset":"https:\/\/i0.wp.com\/le-fort.org\/cocina\/wp-content\/uploads\/2013\/12\/hd.jpg?fit=1024%2C400&ssl=1&resize=350%2C200 1x, https:\/\/i0.wp.com\/le-fort.org\/cocina\/wp-content\/uploads\/2013\/12\/hd.jpg?fit=1024%2C400&ssl=1&resize=525%2C300 1.5x, https:\/\/i0.wp.com\/le-fort.org\/cocina\/wp-content\/uploads\/2013\/12\/hd.jpg?fit=1024%2C400&ssl=1&resize=700%2C400 2x"},"classes":[]},{"id":5065,"url":"https:\/\/le-fort.org\/cocina\/pie-de-limon-con-leche-condensada-y-yemas-horneado\/","url_meta":{"origin":7189,"position":2},"title":"Pie de Lim\u00f3n con Leche Condensada y Yemas (horneado)","author":"Le-Fort.org","date":"22 de Diciembre, 2013","format":false,"excerpt":"Receta de pie de lim\u00f3n horneado con relleno de leche condensada, jugo de lim\u00f3n y yemas. En este caso utilizamos merenguitos comprados para decorar. Es f\u00e1cil y r\u00e1pido.","rel":"","context":"En &quot;Recetas&quot;","block_context":{"text":"Recetas","link":"https:\/\/le-fort.org\/cocina\/categoria\/recetas\/"},"img":{"alt_text":"","src":"https:\/\/i0.wp.com\/le-fort.org\/cocina\/wp-content\/uploads\/2013\/12\/pie-limon-hd.jpg?fit=960%2C400&ssl=1&resize=350%2C200","width":350,"height":200,"srcset":"https:\/\/i0.wp.com\/le-fort.org\/cocina\/wp-content\/uploads\/2013\/12\/pie-limon-hd.jpg?fit=960%2C400&ssl=1&resize=350%2C200 1x, https:\/\/i0.wp.com\/le-fort.org\/cocina\/wp-content\/uploads\/2013\/12\/pie-limon-hd.jpg?fit=960%2C400&ssl=1&resize=525%2C300 1.5x, https:\/\/i0.wp.com\/le-fort.org\/cocina\/wp-content\/uploads\/2013\/12\/pie-limon-hd.jpg?fit=960%2C400&ssl=1&resize=700%2C400 2x"},"classes":[]},{"id":2897,"url":"https:\/\/le-fort.org\/cocina\/pie-de-natillas-de-limon\/","url_meta":{"origin":7189,"position":3},"title":"Pie de Natillas de Lim\u00f3n: Otro Pie de Lim\u00f3n M\u00e1s","author":"Le-Fort.org","date":"21 de Enero, 2013","format":false,"excerpt":"Otra receta m\u00e1s de Pie de Lim\u00f3n. Esta es una receta de natillas de lim\u00f3n y es menos dulce y menos firme que la de leche condensada o de Lemon Curd.","rel":"","context":"En &quot;Comida&quot;","block_context":{"text":"Comida","link":"https:\/\/le-fort.org\/cocina\/categoria\/cocina-comida\/"},"img":{"alt_text":"","src":"https:\/\/i0.wp.com\/le-fort.org\/cocina\/wp-content\/uploads\/2013\/05\/hd-pie-natillas.jpg?fit=600%2C225&ssl=1&resize=350%2C200","width":350,"height":200,"srcset":"https:\/\/i0.wp.com\/le-fort.org\/cocina\/wp-content\/uploads\/2013\/05\/hd-pie-natillas.jpg?fit=600%2C225&ssl=1&resize=350%2C200 1x, https:\/\/i0.wp.com\/le-fort.org\/cocina\/wp-content\/uploads\/2013\/05\/hd-pie-natillas.jpg?fit=600%2C225&ssl=1&resize=525%2C300 1.5x"},"classes":[]},{"id":5544,"url":"https:\/\/le-fort.org\/cocina\/pie-de-limon-con-lemon-curd\/","url_meta":{"origin":7189,"position":4},"title":"Pie de Lim\u00f3n con Lemon Curd","author":"Le-Fort.org","date":"3 de Julio, 2014","format":false,"excerpt":"Pie de lim\u00f3n relleno con cuajada de lim\u00f3n (Lemon Curd) solidificado con un poco de Agar agar. Deliciosa y limonosamente recomendable.","rel":"","context":"En &quot;Disquisiciones&quot;","block_context":{"text":"Disquisiciones","link":"https:\/\/le-fort.org\/cocina\/categoria\/disquisiciones\/"},"img":{"alt_text":"Pie de lim\u00f3n","src":"https:\/\/i0.wp.com\/le-fort.org\/cocina\/wp-content\/uploads\/2014\/07\/pie-limon-curd-agar-hd.jpg?fit=1200%2C400&ssl=1&resize=350%2C200","width":350,"height":200,"srcset":"https:\/\/i0.wp.com\/le-fort.org\/cocina\/wp-content\/uploads\/2014\/07\/pie-limon-curd-agar-hd.jpg?fit=1200%2C400&ssl=1&resize=350%2C200 1x, https:\/\/i0.wp.com\/le-fort.org\/cocina\/wp-content\/uploads\/2014\/07\/pie-limon-curd-agar-hd.jpg?fit=1200%2C400&ssl=1&resize=525%2C300 1.5x, https:\/\/i0.wp.com\/le-fort.org\/cocina\/wp-content\/uploads\/2014\/07\/pie-limon-curd-agar-hd.jpg?fit=1200%2C400&ssl=1&resize=700%2C400 2x, https:\/\/i0.wp.com\/le-fort.org\/cocina\/wp-content\/uploads\/2014\/07\/pie-limon-curd-agar-hd.jpg?fit=1200%2C400&ssl=1&resize=1050%2C600 3x"},"classes":[]},{"id":61,"url":"https:\/\/le-fort.org\/cocina\/receta-de-pie-de-limon-sin-horno\/","url_meta":{"origin":7189,"position":5},"title":"Receta de Pie de Lim\u00f3n sin horno","author":"Le-Fort.org","date":"23 de Julio, 2011","format":false,"excerpt":"Receta r\u00e1pida de pie de lim\u00f3n sin horno, con masa de galletas molidas y mantequilla y relleno de leche condensada. Mejora al dejarlo reposar, pero se puede comer inmediatamente sin problemas.","rel":"","context":"En &quot;Comida&quot;","block_context":{"text":"Comida","link":"https:\/\/le-fort.org\/cocina\/categoria\/cocina-comida\/"},"img":{"alt_text":"","src":"https:\/\/i0.wp.com\/le-fort.org\/cocina\/wp-content\/uploads\/2011\/07\/trozo.jpg?fit=620%2C350&ssl=1&resize=350%2C200","width":350,"height":200,"srcset":"https:\/\/i0.wp.com\/le-fort.org\/cocina\/wp-content\/uploads\/2011\/07\/trozo.jpg?fit=620%2C350&ssl=1&resize=350%2C200 1x, https:\/\/i0.wp.com\/le-fort.org\/cocina\/wp-content\/uploads\/2011\/07\/trozo.jpg?fit=620%2C350&ssl=1&resize=525%2C300 1.5x"},"classes":[]}],"_links":{"self":[{"href":"https:\/\/le-fort.org\/cocina\/wp-json\/wp\/v2\/posts\/7189","targetHints":{"allow":["GET"]}}],"collection":[{"href":"https:\/\/le-fort.org\/cocina\/wp-json\/wp\/v2\/posts"}],"about":[{"href":"https:\/\/le-fort.org\/cocina\/wp-json\/wp\/v2\/types\/post"}],"author":[{"embeddable":true,"href":"https:\/\/le-fort.org\/cocina\/wp-json\/wp\/v2\/users\/1"}],"replies":[{"embeddable":true,"href":"https:\/\/le-fort.org\/cocina\/wp-json\/wp\/v2\/comments?post=7189"}],"version-history":[{"count":1,"href":"https:\/\/le-fort.org\/cocina\/wp-json\/wp\/v2\/posts\/7189\/revisions"}],"predecessor-version":[{"id":16377,"href":"https:\/\/le-fort.org\/cocina\/wp-json\/wp\/v2\/posts\/7189\/revisions\/16377"}],"wp:featuredmedia":[{"embeddable":true,"href":"https:\/\/le-fort.org\/cocina\/wp-json\/wp\/v2\/media\/5550"}],"wp:attachment":[{"href":"https:\/\/le-fort.org\/cocina\/wp-json\/wp\/v2\/media?parent=7189"}],"wp:term":[{"taxonomy":"category","embeddable":true,"href":"https:\/\/le-fort.org\/cocina\/wp-json\/wp\/v2\/categories?post=7189"},{"taxonomy":"post_tag","embeddable":true,"href":"https:\/\/le-fort.org\/cocina\/wp-json\/wp\/v2\/tags?post=7189"}],"curies":[{"name":"wp","href":"https:\/\/api.w.org\/{rel}","templated":true}]}}