{"id":7346,"date":"2016-01-15T10:15:30","date_gmt":"2016-01-15T15:15:30","guid":{"rendered":"http:\/\/www.loquecomemos.com\/?p=7346"},"modified":"2022-01-28T22:49:00","modified_gmt":"2022-01-29T03:49:00","slug":"prevencion-cancer-dieta-antiangiogenica","status":"publish","type":"post","link":"https:\/\/le-fort.org\/cocina\/prevencion-cancer-dieta-antiangiogenica\/","title":{"rendered":"Dieta Antiangiog\u00e9nica"},"content":{"rendered":"<p>Por razones familiares nos hemos visto en el tema de la prevenci\u00f3n y manejo del c\u00e1ncer mediante la dieta. Queremos comenzar diciendo que cualquier cambio a la dieta <em><strong>no reemplaza al tratamiento m\u00e9dico especializado<\/strong><\/em>.\u00a0<!--more--><\/p>\n<p>Una amiga bioqu\u00edmica nos sugiri\u00f3 echarle un vistazo a la <em>dieta antiangiog\u00e9nica<\/em> porque ten\u00eda &#8220;ciencia s\u00f3lida en su base&#8221; y eso hicimos. Hay buena informaci\u00f3n aqu\u00ed y <a href=\"http:\/\/www.hindawi.com\/journals\/jo\/2012\/879623\/\" target=\"_blank\" rel=\"noopener noreferrer\">aqu\u00ed<\/a>. En resumen, la idea es que hay mol\u00e9culas (factores antiangiog\u00e9nicos) que impiden que un tumor pueda generar los vasos sangu\u00edneos que requiere para alimentarse y de esa forma se afecta su crecimiento.<\/p>\n<p>\u00bfCu\u00e1les son estos alimentos?<\/p>\n<h2>Alimentos con propiedades Antiangiog\u00e9nicas<\/h2>\n<p>Los siguientes alimentos contienen mol\u00e9culas con comportamiento antiangiog\u00e9nico y podr\u00edan servir en la prevenci\u00f3n\/control del c\u00e1ncer. Por favor recordemos que nada de esto hace magia, y que son los h\u00e1bitos saludables los que nos mantienen as\u00ed.<\/p>\n<p>En algunos de los casos mencionados, la actividad antitumoral se ha detectado in vitro o en modelos animales, por lo que no hay que tomar esta informaci\u00f3n como definitiva. Es un campo en el que a\u00fan sabemos poco. <a href=\"http:\/\/www.eattobeat.org\/evidence\" target=\"_blank\" rel=\"noopener noreferrer\">Aqu\u00ed hay ejemplos de la evidencia disponible<\/a>.<\/p>\n<p><img data-recalc-dims=\"1\" loading=\"lazy\" decoding=\"async\" data-attachment-id=\"7357\" data-permalink=\"https:\/\/le-fort.org\/cocina\/prevencion-cancer-dieta-antiangiogenica\/te-2\/\" data-orig-file=\"https:\/\/i0.wp.com\/le-fort.org\/cocina\/wp-content\/uploads\/2016\/01\/te.jpg?fit=600%2C399&amp;ssl=1\" data-orig-size=\"600,399\" data-comments-opened=\"0\" data-image-meta=\"{&quot;aperture&quot;:&quot;0&quot;,&quot;credit&quot;:&quot;&quot;,&quot;camera&quot;:&quot;&quot;,&quot;caption&quot;:&quot;&quot;,&quot;created_timestamp&quot;:&quot;0&quot;,&quot;copyright&quot;:&quot;&quot;,&quot;focal_length&quot;:&quot;0&quot;,&quot;iso&quot;:&quot;0&quot;,&quot;shutter_speed&quot;:&quot;0&quot;,&quot;title&quot;:&quot;&quot;,&quot;orientation&quot;:&quot;0&quot;}\" data-image-title=\"te\" data-image-description=\"\" data-image-caption=\"\" data-large-file=\"https:\/\/i0.wp.com\/le-fort.org\/cocina\/wp-content\/uploads\/2016\/01\/te.jpg?fit=600%2C399&amp;ssl=1\" class=\"aligncenter size-medium wp-image-7357\" src=\"https:\/\/i0.wp.com\/www.le-fort.org\/wp-content\/uploads\/2016\/01\/te-600x399.jpg?resize=600%2C399&#038;ssl=1\" alt=\"El t\u00e9 verde puede prevenir el c\u00e1ncer\" width=\"600\" height=\"399\" \/><\/p>\n<h3>T\u00e9 Verde \u2014\u00a0Catequinas<\/h3>\n<p>Las catequinas son polifenoles que est\u00e1n presentes en el t\u00e9 verde pero no en el t\u00e9 negro, y est\u00e1n asociadas a <a href=\"http:\/\/jnci.oxfordjournals.org\/content\/85\/13\/1038.short\" target=\"_blank\" rel=\"noopener noreferrer\">un menor riesgo de c\u00e1ncer<\/a> del tracto digestivo, pulm\u00f3n y pr\u00f3stata. Al parecer 2 a 3 tazas de t\u00e9 verde al d\u00eda proporcionan una protecci\u00f3n adecuada.<\/p>\n<h3>Soya \u2014\u00a0Geniste\u00edna<\/h3>\n<p>La Soya, leche de soya y tofu contienen geniste\u00edna que ha mostrado poseer propiedades antiangiog\u00e9nicas. Hay estudios de c\u00e1ncer de mama y pr\u00f3stata que muestran la efectividad de la soya en su prevenci\u00f3n.<\/p>\n<h3>Uva \u2014\u00a0Resveratrol<\/h3>\n<p>El resveratrol\u00a0est\u00e1 presente en m\u00e1s de 70 especies vegetales, notablemente en\u00a0el man\u00ed y las uvas, particularmente la c\u00e1scara. El vino tinto es tambi\u00e9n rico en resveratrol, mientras que el vino blanco no lo es. Se ha mostrado una relaci\u00f3n inversa entre consumo de vino tinto y c\u00e1ncer de pulm\u00f3n.<\/p>\n<h3>Tomate y Papaya \u2014 Licopeno<\/h3>\n<p>El licopeno es el pigmento rojo del tomate y de la papaya. El licopeno ha mostrado propiedades preventivas de c\u00e1ncer de pr\u00f3stata.<\/p>\n<p>Adicionalmente, la papaya contiene criptoxantinas, que tambi\u00e9n tienen actividad antiangiog\u00e9nica, como se ha mostrado en estudios en Brasil.<\/p>\n<h3>Pescado \u2014 \u00c1cidos Grasos Omega-3<\/h3>\n<p>Los peces grasos como el salm\u00f3n, arenque, jurel y anchoa contienen \u00e1cidos grasos poliinsaturados omega-3 que han mostrado, aparte de bajar el colesterol &#8220;malo&#8221; y elevar el &#8220;bueno&#8221; tienen efecto de prevenci\u00f3n del c\u00e1ncer, tales como p\u00e1ncreas, colon, mama y pr\u00f3stata.<\/p>\n<h3>Cruc\u00edferas \u2014\u00a0Isotiocianatos<\/h3>\n<p>Las cruc\u00edferas (mostaza, repollo, br\u00f3coli, repollo rizado, col de bruselas, <em>pak choi<\/em> y otros) tienen una serie de propiedades saludables entre las que se encuentran la prevenci\u00f3n de<\/p>\n<h3>Cebolla Roja \u2014 Flavonoides<\/h3>\n<p>No s\u00f3lo la cebolla roja contiene flavonoides. Estos son\u00a0una familia de pigmentos vegetales que exhiben actividad preventiva\u00a0una serie de c\u00e1nceres. Adem\u00e1s de la cebolla roja (o cebolla morada) hay una serie de otros alimentos ricos en flavonoides, tales como la espinaca, la betarraga, el tomillo, el perejil. La lechuga, r\u00facula y achicoria tambi\u00e9n son ricas en flavonoides.<\/p>\n<h4>Bayas (berries) \u2014 Antocianinas<\/h4>\n<p>Las antocianinas son pigmentos que le dan su color oscuro a bayas tales como ar\u00e1ndanos, moras y otras, y han resultado eficaces contra el c\u00e1ncer de es\u00f3fago,<\/p>\n<h4>Cacao y canela \u2014 Proantocianidinas<\/h4>\n<p>Las proantocianidinas, presentes en el cacao y la canela son\u00a0quiz\u00e1 los\u00a0flavonoides m\u00e1s consumidos a nivel mundial. Se ha reportado actividad contra los melanomas.<\/p>\n<h3>Queso \u2014 Vitamina K2<\/h3>\n<p>La menaquinona o vitamina K2 est\u00e1 presente en algunos quesos: Emmental, Gouda y Jarlsberg, adem\u00e1s de en otros productos fermentados de leche y de soya. Hay estudios que asocian el consumo de 40 grs. o m\u00e1s de queso al d\u00eda con un riesgo reducido de muerte por c\u00e1ncer.<\/p>\n<h3><a name=\"curcumina\"><\/a>Curry\u2014 Curcumina<\/h3>\n<p><img data-recalc-dims=\"1\" loading=\"lazy\" decoding=\"async\" data-attachment-id=\"5131\" data-permalink=\"https:\/\/le-fort.org\/cocina\/diferencias-entre-la-curcuma-y-el-curry\/curcuma-curry\/\" data-orig-file=\"https:\/\/i0.wp.com\/le-fort.org\/cocina\/wp-content\/uploads\/2014\/01\/curcuma-curry.jpg?fit=700%2C500&amp;ssl=1\" data-orig-size=\"700,500\" data-comments-opened=\"0\" data-image-meta=\"{&quot;aperture&quot;:&quot;0&quot;,&quot;credit&quot;:&quot;&quot;,&quot;camera&quot;:&quot;&quot;,&quot;caption&quot;:&quot;&quot;,&quot;created_timestamp&quot;:&quot;0&quot;,&quot;copyright&quot;:&quot;&quot;,&quot;focal_length&quot;:&quot;0&quot;,&quot;iso&quot;:&quot;0&quot;,&quot;shutter_speed&quot;:&quot;0&quot;,&quot;title&quot;:&quot;&quot;,&quot;orientation&quot;:&quot;0&quot;}\" data-image-title=\"curcuma-curry\" data-image-description=\"\" data-image-caption=\"\" data-large-file=\"https:\/\/i0.wp.com\/le-fort.org\/cocina\/wp-content\/uploads\/2014\/01\/curcuma-curry.jpg?fit=700%2C500&amp;ssl=1\" class=\"aligncenter size-medium wp-image-5131\" src=\"https:\/\/i0.wp.com\/www.le-fort.org\/wp-content\/uploads\/2014\/01\/curcuma-curry-600x429.jpg?resize=600%2C429&#038;ssl=1\" alt=\"curcuma-curry\" width=\"600\" height=\"429\" srcset=\"https:\/\/i0.wp.com\/le-fort.org\/cocina\/wp-content\/uploads\/2014\/01\/curcuma-curry.jpg?resize=600%2C429&amp;ssl=1 600w, https:\/\/i0.wp.com\/le-fort.org\/cocina\/wp-content\/uploads\/2014\/01\/curcuma-curry.jpg?w=700&amp;ssl=1 700w\" sizes=\"auto, (max-width: 600px) 100vw, 600px\" \/><\/p>\n<p>La curcumina es el pigmento amarillo de la <a href=\"https:\/\/le-fort.org\/ingredientes\/diferencias-entre-la-curcuma-y-el-curry\/\">c\u00farcuma<\/a>. No se absorbe muy bien por el cuerpo, pero al mezclarse con pimienta negra, su absorci\u00f3n aumenta por un factor de 2000. Quiz\u00e1 por eso tenemos el curry. La curcumina exhibe actividad preventiva de c\u00e1ncer de colon y oral, entre otros.<\/p>\n<h3>Otros alimentos que puden prevenir el c\u00e1ncer<\/h3>\n<p>La lista de arriba no es exhaustiva y hay muchos alimentos m\u00e1s que contienen compuestos con actividad antitumoral. Algunos de ellos son: ajos, alcachofas, granada, etc. <a href=\"http:\/\/www.eattobeat.org\/food\" target=\"_blank\" rel=\"noopener noreferrer\">Si quieres una lista m\u00e1s completa la puedes ver en este sitio dedicado a ello<\/a>.<\/p>\n<p>&nbsp;<\/p>\n","protected":false},"excerpt":{"rendered":"<p>Por razones familiares nos hemos visto en el tema de la prevenci\u00f3n y manejo del c\u00e1ncer mediante la dieta. Queremos comenzar diciendo que cualquier cambio a la dieta no reemplaza al tratamiento m\u00e9dico especializado.\u00a0<\/p>\n","protected":false},"author":1,"featured_media":7350,"comment_status":"closed","ping_status":"closed","sticky":false,"template":"","format":"standard","meta":{"_jetpack_newsletter_access":"","_jetpack_dont_email_post_to_subs":false,"_jetpack_newsletter_tier_id":0,"_jetpack_memberships_contains_paywalled_content":false,"_jetpack_memberships_contains_paid_content":false,"footnotes":""},"categories":[625],"tags":[626],"class_list":["post-7346","post","type-post","status-publish","format-standard","has-post-thumbnail","hentry","category-salud","tag-dieta-saludable","entry","has-media"],"jetpack_featured_media_url":"https:\/\/i0.wp.com\/le-fort.org\/cocina\/wp-content\/uploads\/2016\/01\/antiangio-hd.jpg?fit=1200%2C400&ssl=1","jetpack_shortlink":"https:\/\/wp.me\/pghKer-1Uu","jetpack_sharing_enabled":true,"jetpack-related-posts":[{"id":13786,"url":"https:\/\/le-fort.org\/cocina\/acidez-falsa-esperanza-ph\/","url_meta":{"origin":7346,"position":0},"title":"De Acidez y (falsa) Esperanza: Hablemos del pH","author":"Rod","date":"14 de Junio, 2018","format":false,"excerpt":"\u00bfQu\u00e9 es el pH y por qu\u00e9 intentan enga\u00f1arnos con \u00e9l? Spoiler: La dieta alcalina no cura el c\u00e1ncer... ni nada.","rel":"","context":"En &quot;Qu\u00edmica&quot;","block_context":{"text":"Qu\u00edmica","link":"https:\/\/le-fort.org\/cocina\/categoria\/quimica\/"},"img":{"alt_text":"","src":"https:\/\/i0.wp.com\/le-fort.org\/cocina\/wp-content\/uploads\/2018\/06\/rotkohl-hd.jpg?fit=1200%2C400&ssl=1&resize=350%2C200","width":350,"height":200,"srcset":"https:\/\/i0.wp.com\/le-fort.org\/cocina\/wp-content\/uploads\/2018\/06\/rotkohl-hd.jpg?fit=1200%2C400&ssl=1&resize=350%2C200 1x, https:\/\/i0.wp.com\/le-fort.org\/cocina\/wp-content\/uploads\/2018\/06\/rotkohl-hd.jpg?fit=1200%2C400&ssl=1&resize=525%2C300 1.5x, https:\/\/i0.wp.com\/le-fort.org\/cocina\/wp-content\/uploads\/2018\/06\/rotkohl-hd.jpg?fit=1200%2C400&ssl=1&resize=700%2C400 2x, https:\/\/i0.wp.com\/le-fort.org\/cocina\/wp-content\/uploads\/2018\/06\/rotkohl-hd.jpg?fit=1200%2C400&ssl=1&resize=1050%2C600 3x"},"classes":[]},{"id":378,"url":"https:\/\/le-fort.org\/cocina\/acidos-bases-ph\/","url_meta":{"origin":7346,"position":1},"title":"\u00c1cidos, Bases y pH","author":"Rod","date":"28 de Julio, 2021","format":false,"excerpt":"Entendamos el pH y la acidez","rel":"","context":"En &quot;Sin categor\u00eda&quot;","block_context":{"text":"Sin categor\u00eda","link":"https:\/\/le-fort.org\/cocina\/categoria\/sin-categoria\/"},"img":{"alt_text":"Lim\u00f3n y pH","src":"https:\/\/i0.wp.com\/le-fort.org\/wp-content\/uploads\/2021\/07\/limon-fhd.jpg?resize=350%2C200&ssl=1","width":350,"height":200,"srcset":"https:\/\/i0.wp.com\/le-fort.org\/wp-content\/uploads\/2021\/07\/limon-fhd.jpg?resize=350%2C200&ssl=1 1x, https:\/\/i0.wp.com\/le-fort.org\/wp-content\/uploads\/2021\/07\/limon-fhd.jpg?resize=525%2C300&ssl=1 1.5x, https:\/\/i0.wp.com\/le-fort.org\/wp-content\/uploads\/2021\/07\/limon-fhd.jpg?resize=700%2C400&ssl=1 2x, https:\/\/i0.wp.com\/le-fort.org\/wp-content\/uploads\/2021\/07\/limon-fhd.jpg?resize=1050%2C600&ssl=1 3x, https:\/\/i0.wp.com\/le-fort.org\/wp-content\/uploads\/2021\/07\/limon-fhd.jpg?resize=1400%2C800&ssl=1 4x"},"classes":[]},{"id":83,"url":"https:\/\/le-fort.org\/cocina\/libros-de-gastrofisica-en-espanol\/","url_meta":{"origin":7346,"position":2},"title":"Libros de Gastrof\u00edsica en Espa\u00f1ol","author":"Rod","date":"1 de Mayo, 2018","format":false,"excerpt":"Algunos libros de inter\u00e9s para entrar en -y profundizar- el tema de la gastrof\u00edsica.","rel":"","context":"En &quot;Libros&quot;","block_context":{"text":"Libros","link":"https:\/\/le-fort.org\/cocina\/categoria\/libros\/"},"img":{"alt_text":"","src":"https:\/\/i0.wp.com\/le-fort.org\/cocina\/wp-content\/uploads\/2018\/05\/libro.jpg?fit=1200%2C675&ssl=1&resize=350%2C200","width":350,"height":200,"srcset":"https:\/\/i0.wp.com\/le-fort.org\/cocina\/wp-content\/uploads\/2018\/05\/libro.jpg?fit=1200%2C675&ssl=1&resize=350%2C200 1x, https:\/\/i0.wp.com\/le-fort.org\/cocina\/wp-content\/uploads\/2018\/05\/libro.jpg?fit=1200%2C675&ssl=1&resize=525%2C300 1.5x, https:\/\/i0.wp.com\/le-fort.org\/cocina\/wp-content\/uploads\/2018\/05\/libro.jpg?fit=1200%2C675&ssl=1&resize=700%2C400 2x, https:\/\/i0.wp.com\/le-fort.org\/cocina\/wp-content\/uploads\/2018\/05\/libro.jpg?fit=1200%2C675&ssl=1&resize=1050%2C600 3x"},"classes":[]},{"id":6967,"url":"https:\/\/le-fort.org\/cocina\/sobre-la-dieta-victoriana\/","url_meta":{"origin":7346,"position":3},"title":"Sobre la Dieta Victoriana","author":"Le-Fort.org","date":"14 de Noviembre, 2015","format":false,"excerpt":"La dieta victoriana amenaza con convertirse en moda, pero lo importante es la l\u00f3gica que hay detr\u00e1s.","rel":"","context":"En &quot;Disquisiciones&quot;","block_context":{"text":"Disquisiciones","link":"https:\/\/le-fort.org\/cocina\/categoria\/disquisiciones\/"},"img":{"alt_text":"","src":"https:\/\/i0.wp.com\/le-fort.org\/cocina\/wp-content\/uploads\/2015\/11\/oliver-twist-hd.jpg?fit=1200%2C400&ssl=1&resize=350%2C200","width":350,"height":200,"srcset":"https:\/\/i0.wp.com\/le-fort.org\/cocina\/wp-content\/uploads\/2015\/11\/oliver-twist-hd.jpg?fit=1200%2C400&ssl=1&resize=350%2C200 1x, https:\/\/i0.wp.com\/le-fort.org\/cocina\/wp-content\/uploads\/2015\/11\/oliver-twist-hd.jpg?fit=1200%2C400&ssl=1&resize=525%2C300 1.5x, https:\/\/i0.wp.com\/le-fort.org\/cocina\/wp-content\/uploads\/2015\/11\/oliver-twist-hd.jpg?fit=1200%2C400&ssl=1&resize=700%2C400 2x, https:\/\/i0.wp.com\/le-fort.org\/cocina\/wp-content\/uploads\/2015\/11\/oliver-twist-hd.jpg?fit=1200%2C400&ssl=1&resize=1050%2C600 3x"},"classes":[]},{"id":14348,"url":"https:\/\/le-fort.org\/cocina\/manipulacion-nutricion-azogues\/","url_meta":{"origin":7346,"position":4},"title":"Manipulaci\u00f3n, Nutrici\u00f3n y Cocina de Aprovechamiento en Azogues","author":"Le-Fort.org","date":"22 de Agosto, 2019","format":false,"excerpt":"Los d\u00edas 19, 20 y 21 de agosto estuvimos en la ciudad de Azogues impartiendo un curso de manipulaci\u00f3n de alimentos, nutrici\u00f3n y sostenibilidad y cocina de aprovechamiento en la C\u00e1mara de Comercio de Industrias de Azogues. Fue un placer volver despu\u00e9s de casi un a\u00f1o. Nos encant\u00f3 el nivel\u2026","rel":"","context":"En &quot;Educaci\u00f3n&quot;","block_context":{"text":"Educaci\u00f3n","link":"https:\/\/le-fort.org\/cocina\/categoria\/educacion\/"},"img":{"alt_text":"","src":"https:\/\/i0.wp.com\/le-fort.org\/cocina\/wp-content\/uploads\/2019\/08\/azogues-hd.jpg?fit=1200%2C400&ssl=1&resize=350%2C200","width":350,"height":200,"srcset":"https:\/\/i0.wp.com\/le-fort.org\/cocina\/wp-content\/uploads\/2019\/08\/azogues-hd.jpg?fit=1200%2C400&ssl=1&resize=350%2C200 1x, https:\/\/i0.wp.com\/le-fort.org\/cocina\/wp-content\/uploads\/2019\/08\/azogues-hd.jpg?fit=1200%2C400&ssl=1&resize=525%2C300 1.5x, https:\/\/i0.wp.com\/le-fort.org\/cocina\/wp-content\/uploads\/2019\/08\/azogues-hd.jpg?fit=1200%2C400&ssl=1&resize=700%2C400 2x, https:\/\/i0.wp.com\/le-fort.org\/cocina\/wp-content\/uploads\/2019\/08\/azogues-hd.jpg?fit=1200%2C400&ssl=1&resize=1050%2C600 3x"},"classes":[]},{"id":516,"url":"https:\/\/le-fort.org\/cocina\/consumo-saludable-grasas\/","url_meta":{"origin":7346,"position":5},"title":"Grasas: Consideraciones Nutricionales","author":"Rod","date":"31 de Agosto, 2021","format":false,"excerpt":"El patr\u00f3n dietario occidental incluye el consumo no saludable de grasas. Algunas consideraciones nutricionales para un consumo m\u00e1s saludable.","rel":"","context":"En &quot;Mol\u00e9culas&quot;","block_context":{"text":"Mol\u00e9culas","link":"https:\/\/le-fort.org\/cocina\/categoria\/moleculas\/"},"img":{"alt_text":"Hamburguesa: consumo saludable de grasas","src":"https:\/\/i0.wp.com\/le-fort.org\/wp-content\/uploads\/2021\/08\/hamburguesa.jpg?resize=350%2C200&ssl=1","width":350,"height":200,"srcset":"https:\/\/i0.wp.com\/le-fort.org\/wp-content\/uploads\/2021\/08\/hamburguesa.jpg?resize=350%2C200&ssl=1 1x, https:\/\/i0.wp.com\/le-fort.org\/wp-content\/uploads\/2021\/08\/hamburguesa.jpg?resize=525%2C300&ssl=1 1.5x, https:\/\/i0.wp.com\/le-fort.org\/wp-content\/uploads\/2021\/08\/hamburguesa.jpg?resize=700%2C400&ssl=1 2x, https:\/\/i0.wp.com\/le-fort.org\/wp-content\/uploads\/2021\/08\/hamburguesa.jpg?resize=1050%2C600&ssl=1 3x, https:\/\/i0.wp.com\/le-fort.org\/wp-content\/uploads\/2021\/08\/hamburguesa.jpg?resize=1400%2C800&ssl=1 4x"},"classes":[]}],"_links":{"self":[{"href":"https:\/\/le-fort.org\/cocina\/wp-json\/wp\/v2\/posts\/7346","targetHints":{"allow":["GET"]}}],"collection":[{"href":"https:\/\/le-fort.org\/cocina\/wp-json\/wp\/v2\/posts"}],"about":[{"href":"https:\/\/le-fort.org\/cocina\/wp-json\/wp\/v2\/types\/post"}],"author":[{"embeddable":true,"href":"https:\/\/le-fort.org\/cocina\/wp-json\/wp\/v2\/users\/1"}],"replies":[{"embeddable":true,"href":"https:\/\/le-fort.org\/cocina\/wp-json\/wp\/v2\/comments?post=7346"}],"version-history":[{"count":2,"href":"https:\/\/le-fort.org\/cocina\/wp-json\/wp\/v2\/posts\/7346\/revisions"}],"predecessor-version":[{"id":16426,"href":"https:\/\/le-fort.org\/cocina\/wp-json\/wp\/v2\/posts\/7346\/revisions\/16426"}],"wp:featuredmedia":[{"embeddable":true,"href":"https:\/\/le-fort.org\/cocina\/wp-json\/wp\/v2\/media\/7350"}],"wp:attachment":[{"href":"https:\/\/le-fort.org\/cocina\/wp-json\/wp\/v2\/media?parent=7346"}],"wp:term":[{"taxonomy":"category","embeddable":true,"href":"https:\/\/le-fort.org\/cocina\/wp-json\/wp\/v2\/categories?post=7346"},{"taxonomy":"post_tag","embeddable":true,"href":"https:\/\/le-fort.org\/cocina\/wp-json\/wp\/v2\/tags?post=7346"}],"curies":[{"name":"wp","href":"https:\/\/api.w.org\/{rel}","templated":true}]}}