{"id":746,"date":"2011-08-10T21:29:02","date_gmt":"2011-08-11T01:29:02","guid":{"rendered":"http:\/\/www.duarte.cl\/?p=746"},"modified":"2016-11-20T21:44:04","modified_gmt":"2016-11-21T02:44:04","slug":"sushi-de-platano-en-guayaquil","status":"publish","type":"post","link":"https:\/\/le-fort.org\/cocina\/sushi-de-platano-en-guayaquil\/","title":{"rendered":"Sushi de pl\u00e1tano en Guayaquil"},"content":{"rendered":"<p>Ecuador es la capital mundial del pl\u00e1tano en todas sus formas, lo que se agradece.<\/p>\n<p>Hoy fuimos, tras casi nueve meses de abstinencia, a comer sushi. Escogimos un peque\u00f1o local llamado <strong>Topi Sushi<\/strong>. Escogimos el men\u00fa de almuerzo (muy bueno, entre par\u00e9ntesis) pero loque llam\u00f3 nuestra atenci\u00f3n fue el sushi de maduro (pl\u00e1tano barraganete maduro).<\/p>\n<p>Pedimos uno, y miren lo que nos lleg\u00f3.<!--more--><\/p>\n<p><a href=\"https:\/\/i0.wp.com\/le-fort.org\/wp-content\/uploads\/2011\/08\/MG_3213.jpg?ssl=1\"><img data-recalc-dims=\"1\" loading=\"lazy\" decoding=\"async\" data-attachment-id=\"4556\" data-permalink=\"https:\/\/le-fort.org\/cocina\/sushi-de-platano-en-guayaquil\/mg_3213\/\" data-orig-file=\"https:\/\/i0.wp.com\/le-fort.org\/cocina\/wp-content\/uploads\/2011\/08\/MG_3213.jpg?fit=800%2C534&amp;ssl=1\" data-orig-size=\"800,534\" data-comments-opened=\"0\" data-image-meta=\"{&quot;aperture&quot;:&quot;5&quot;,&quot;credit&quot;:&quot;&quot;,&quot;camera&quot;:&quot;Canon EOS DIGITAL REBEL XSi&quot;,&quot;caption&quot;:&quot;&quot;,&quot;created_timestamp&quot;:&quot;1312993328&quot;,&quot;copyright&quot;:&quot;&quot;,&quot;focal_length&quot;:&quot;30&quot;,&quot;iso&quot;:&quot;200&quot;,&quot;shutter_speed&quot;:&quot;0.033333333333333&quot;,&quot;title&quot;:&quot;&quot;,&quot;orientation&quot;:&quot;0&quot;}\" data-image-title=\"MG_3213\" data-image-description=\"\" data-image-caption=\"\" data-large-file=\"https:\/\/i0.wp.com\/le-fort.org\/cocina\/wp-content\/uploads\/2011\/08\/MG_3213.jpg?fit=800%2C534&amp;ssl=1\" class=\"aligncenter size-full wp-image-4556\" src=\"https:\/\/i0.wp.com\/www.le-fort.org\/wp-content\/uploads\/2011\/08\/MG_3213.jpg?resize=800%2C534&#038;ssl=1\" alt=\"MG_3213\" width=\"800\" height=\"534\" srcset=\"https:\/\/i0.wp.com\/le-fort.org\/cocina\/wp-content\/uploads\/2011\/08\/MG_3213.jpg?w=800&amp;ssl=1 800w, https:\/\/i0.wp.com\/le-fort.org\/cocina\/wp-content\/uploads\/2011\/08\/MG_3213.jpg?resize=600%2C401&amp;ssl=1 600w\" sizes=\"auto, (max-width: 800px) 100vw, 800px\" \/><\/a> <a href=\"https:\/\/le-fort.org\/wp-content\/uploads\/2011\/08\/MG_3214.jpg\"><br \/>\n<\/a><\/p>\n<p>Estaba muy, muy, muy bueno. Pl\u00e1tano con queso, en un gui\u00f1o a la cocina local, una capa de kani kama (o surimi como se le conoce tambi\u00e9n), arroz, nori y queso crema, con m\u00e1s kani kama al medio.<\/p>\n<p>Muy bueno, Nos encant\u00f3 y ya estamos viendo c\u00f3mo reproducirlo.<\/p>\n<p><a href=\"https:\/\/i0.wp.com\/le-fort.org\/wp-content\/uploads\/2011\/08\/MG_3214.jpg?ssl=1\"><img data-recalc-dims=\"1\" loading=\"lazy\" decoding=\"async\" data-attachment-id=\"4557\" data-permalink=\"https:\/\/le-fort.org\/cocina\/sushi-de-platano-en-guayaquil\/mg_3214\/\" data-orig-file=\"https:\/\/i0.wp.com\/le-fort.org\/cocina\/wp-content\/uploads\/2011\/08\/MG_3214.jpg?fit=800%2C534&amp;ssl=1\" data-orig-size=\"800,534\" data-comments-opened=\"0\" data-image-meta=\"{&quot;aperture&quot;:&quot;5.6&quot;,&quot;credit&quot;:&quot;&quot;,&quot;camera&quot;:&quot;Canon EOS DIGITAL REBEL XSi&quot;,&quot;caption&quot;:&quot;&quot;,&quot;created_timestamp&quot;:&quot;1312993355&quot;,&quot;copyright&quot;:&quot;&quot;,&quot;focal_length&quot;:&quot;55&quot;,&quot;iso&quot;:&quot;200&quot;,&quot;shutter_speed&quot;:&quot;0.066666666666667&quot;,&quot;title&quot;:&quot;&quot;,&quot;orientation&quot;:&quot;0&quot;}\" data-image-title=\"MG_3214\" data-image-description=\"\" data-image-caption=\"\" data-large-file=\"https:\/\/i0.wp.com\/le-fort.org\/cocina\/wp-content\/uploads\/2011\/08\/MG_3214.jpg?fit=800%2C534&amp;ssl=1\" class=\"aligncenter size-full wp-image-4557\" src=\"https:\/\/i0.wp.com\/www.le-fort.org\/wp-content\/uploads\/2011\/08\/MG_3214.jpg?resize=800%2C534&#038;ssl=1\" alt=\"MG_3214\" width=\"800\" height=\"534\" srcset=\"https:\/\/i0.wp.com\/le-fort.org\/cocina\/wp-content\/uploads\/2011\/08\/MG_3214.jpg?w=800&amp;ssl=1 800w, https:\/\/i0.wp.com\/le-fort.org\/cocina\/wp-content\/uploads\/2011\/08\/MG_3214.jpg?resize=600%2C401&amp;ssl=1 600w\" sizes=\"auto, (max-width: 800px) 100vw, 800px\" \/><\/a><\/p>\n<p>Se recomienda con muchas ganas el Topi Sushi en guayaquil.<\/p>\n<p>[wp_ad_camp_5]<\/p>\n","protected":false},"excerpt":{"rendered":"<p>El sushi de pl\u00e1tano del Topi Sushi en Guayaquil es excelente. Pl\u00e1tano, queso crema y kanikama.<\/p>\n","protected":false},"author":1,"featured_media":4554,"comment_status":"open","ping_status":"closed","sticky":false,"template":"","format":"standard","meta":{"_jetpack_newsletter_access":"","_jetpack_dont_email_post_to_subs":true,"_jetpack_newsletter_tier_id":0,"_jetpack_memberships_contains_paywalled_content":false,"_jetpack_memberships_contains_paid_content":false,"footnotes":""},"categories":[19,8],"tags":[49,50],"class_list":["post-746","post","type-post","status-publish","format-standard","has-post-thumbnail","hentry","category-cocina-comida","category-locales","tag-platano","tag-sushi","entry","has-media"],"jetpack_featured_media_url":"https:\/\/i0.wp.com\/le-fort.org\/cocina\/wp-content\/uploads\/2011\/08\/MG_3213-800x288.jpg?fit=800%2C288&ssl=1","jetpack_shortlink":"https:\/\/wp.me\/pghKer-c2","jetpack_sharing_enabled":true,"jetpack-related-posts":[{"id":5483,"url":"https:\/\/le-fort.org\/cocina\/sushi-vegetariano\/","url_meta":{"origin":746,"position":0},"title":"Sushi Vegetariano","author":"Le-Fort.org","date":"26 de Mayo, 2014","format":false,"excerpt":"Algunas ideas para preparar sushi vegetariano, con pepino, piment\u00f3n, tomate, tortilla de huevo y queso crema.","rel":"","context":"En &quot;Recetas&quot;","block_context":{"text":"Recetas","link":"https:\/\/le-fort.org\/cocina\/categoria\/recetas\/"},"img":{"alt_text":"","src":"https:\/\/i0.wp.com\/le-fort.org\/cocina\/wp-content\/uploads\/2014\/05\/sushi-vegetariano-hd.jpg?fit=1200%2C400&ssl=1&resize=350%2C200","width":350,"height":200,"srcset":"https:\/\/i0.wp.com\/le-fort.org\/cocina\/wp-content\/uploads\/2014\/05\/sushi-vegetariano-hd.jpg?fit=1200%2C400&ssl=1&resize=350%2C200 1x, https:\/\/i0.wp.com\/le-fort.org\/cocina\/wp-content\/uploads\/2014\/05\/sushi-vegetariano-hd.jpg?fit=1200%2C400&ssl=1&resize=525%2C300 1.5x, https:\/\/i0.wp.com\/le-fort.org\/cocina\/wp-content\/uploads\/2014\/05\/sushi-vegetariano-hd.jpg?fit=1200%2C400&ssl=1&resize=700%2C400 2x, https:\/\/i0.wp.com\/le-fort.org\/cocina\/wp-content\/uploads\/2014\/05\/sushi-vegetariano-hd.jpg?fit=1200%2C400&ssl=1&resize=1050%2C600 3x"},"classes":[]},{"id":179,"url":"https:\/\/le-fort.org\/cocina\/platano-frito-con-queso-chiclayo\/","url_meta":{"origin":746,"position":1},"title":"Pl\u00e1tano frito con queso, Chiclayo","author":"Maestro Sanguchero","date":"2 de Junio, 2011","format":false,"excerpt":"S\u00e1nguche de pl\u00e1tano maduro frito con queso. S\u00e1nguche de desayuno que probamos en Chiclayo, Per\u00fa.","rel":"","context":"En &quot;Chiclayo&quot;","block_context":{"text":"Chiclayo","link":"https:\/\/le-fort.org\/cocina\/categoria\/chiclayo\/"},"img":{"alt_text":"platano-queso","src":"https:\/\/i0.wp.com\/www.le-fort.org\/wp-content\/uploads\/2011\/06\/platano-queso.jpg?resize=350%2C200&ssl=1","width":350,"height":200,"srcset":"https:\/\/i0.wp.com\/www.le-fort.org\/wp-content\/uploads\/2011\/06\/platano-queso.jpg?resize=350%2C200&ssl=1 1x, https:\/\/i0.wp.com\/www.le-fort.org\/wp-content\/uploads\/2011\/06\/platano-queso.jpg?resize=525%2C300&ssl=1 1.5x"},"classes":[]},{"id":4539,"url":"https:\/\/le-fort.org\/cocina\/sushi\/","url_meta":{"origin":746,"position":2},"title":"Sushi","author":"Le-Fort.org","date":"2 de Julio, 2013","format":false,"excerpt":"El sushi es un poco laborioso pero muy rico. Es mejor cuando hay hartas manos haci\u00e9ndolo, porque se transforma en una actividad social Este tiene at\u00fan fresco o camar\u00f3n, palta, queso crema y s\u00e9samo.","rel":"","context":"En &quot;Recetas&quot;","block_context":{"text":"Recetas","link":"https:\/\/le-fort.org\/cocina\/categoria\/recetas\/"},"img":{"alt_text":"","src":"https:\/\/i0.wp.com\/le-fort.org\/cocina\/wp-content\/uploads\/2013\/07\/sushi-hd.jpg?fit=700%2C350&ssl=1&resize=350%2C200","width":350,"height":200,"srcset":"https:\/\/i0.wp.com\/le-fort.org\/cocina\/wp-content\/uploads\/2013\/07\/sushi-hd.jpg?fit=700%2C350&ssl=1&resize=350%2C200 1x, https:\/\/i0.wp.com\/le-fort.org\/cocina\/wp-content\/uploads\/2013\/07\/sushi-hd.jpg?fit=700%2C350&ssl=1&resize=525%2C300 1.5x, https:\/\/i0.wp.com\/le-fort.org\/cocina\/wp-content\/uploads\/2013\/07\/sushi-hd.jpg?fit=700%2C350&ssl=1&resize=700%2C400 2x"},"classes":[]},{"id":7389,"url":"https:\/\/le-fort.org\/cocina\/kyoto-sushi-en-salinas-ecuador\/","url_meta":{"origin":746,"position":3},"title":"Kyoto: Sushi en Salinas, Ecuador","author":"Le-Fort.org","date":"21 de Enero, 2016","format":false,"excerpt":"Fuimos a comer sushi al restaurant Kyoto, del hotel Barcel\u00f3 en Salinas. Como somos hambrientos fuimos a los famosos mi\u00e9rcoles 2x1, en los que sirven una selecci\u00f3n limitada de la carta en modalidad 2x1. Llegamos entre las 20:30 y las 21:00 y el local ten\u00eda gente, sin estar lleno. Quiz\u00e1\u2026","rel":"","context":"En &quot;Ecuador&quot;","block_context":{"text":"Ecuador","link":"https:\/\/le-fort.org\/cocina\/categoria\/ecuador\/"},"img":{"alt_text":"","src":"https:\/\/i0.wp.com\/le-fort.org\/cocina\/wp-content\/uploads\/2016\/01\/kyoto-hd2.jpg?fit=1200%2C400&ssl=1&resize=350%2C200","width":350,"height":200,"srcset":"https:\/\/i0.wp.com\/le-fort.org\/cocina\/wp-content\/uploads\/2016\/01\/kyoto-hd2.jpg?fit=1200%2C400&ssl=1&resize=350%2C200 1x, https:\/\/i0.wp.com\/le-fort.org\/cocina\/wp-content\/uploads\/2016\/01\/kyoto-hd2.jpg?fit=1200%2C400&ssl=1&resize=525%2C300 1.5x, https:\/\/i0.wp.com\/le-fort.org\/cocina\/wp-content\/uploads\/2016\/01\/kyoto-hd2.jpg?fit=1200%2C400&ssl=1&resize=700%2C400 2x, https:\/\/i0.wp.com\/le-fort.org\/cocina\/wp-content\/uploads\/2016\/01\/kyoto-hd2.jpg?fit=1200%2C400&ssl=1&resize=1050%2C600 3x"},"classes":[]},{"id":297,"url":"https:\/\/le-fort.org\/cocina\/hecho-en-casa-platano-frito-con-huevo\/","url_meta":{"origin":746,"position":4},"title":"Hecho en casa: pl\u00e1tano frito con huevo","author":"Maestro Sanguchero","date":"19 de Noviembre, 2011","format":false,"excerpt":"Seguimos explorando el sandwich de pl\u00e1tano frito que tanto promet\u00eda en Chiclayo y no cumpl\u00eda tanto. Nos gusta mucho, y creemos que con un poco de merk\u00e9n deber\u00eda brillar a\u00fan m\u00e1s.","rel":"","context":"En &quot;Hecho en casa&quot;","block_context":{"text":"Hecho en casa","link":"https:\/\/le-fort.org\/cocina\/categoria\/hecho-en-casa\/"},"img":{"alt_text":"","src":"https:\/\/i0.wp.com\/lh3.googleusercontent.com\/-FEiOVoqmahQ\/TsfIqtExWSI\/AAAAAAAAS1A\/urGuKIcUdfs\/s640\/P1250460.JPG?resize=350%2C200&ssl=1","width":350,"height":200},"classes":[]},{"id":4593,"url":"https:\/\/le-fort.org\/cocina\/tigrillo-del-sal-prieta\/","url_meta":{"origin":746,"position":5},"title":"Tigrillo del &#8220;Sal Prieta&#8221;","author":"Le-Fort.org","date":"3 de Julio, 2013","format":false,"excerpt":"El tigrillo es un plato ecuatoriano, espec\u00edficamente de Zaruma. Consiste en pl\u00e1tanos verdes cocidos y molidos, dorados con cebolla y queso, y opcionalmente tocino o chicharrones. El del Sal Prieta es excelente","rel":"","context":"En &quot;Locales&quot;","block_context":{"text":"Locales","link":"https:\/\/le-fort.org\/cocina\/categoria\/locales\/"},"img":{"alt_text":"","src":"https:\/\/i0.wp.com\/le-fort.org\/cocina\/wp-content\/uploads\/2013\/07\/tigrillo-hd.jpg?fit=700%2C350&ssl=1&resize=350%2C200","width":350,"height":200,"srcset":"https:\/\/i0.wp.com\/le-fort.org\/cocina\/wp-content\/uploads\/2013\/07\/tigrillo-hd.jpg?fit=700%2C350&ssl=1&resize=350%2C200 1x, https:\/\/i0.wp.com\/le-fort.org\/cocina\/wp-content\/uploads\/2013\/07\/tigrillo-hd.jpg?fit=700%2C350&ssl=1&resize=525%2C300 1.5x, https:\/\/i0.wp.com\/le-fort.org\/cocina\/wp-content\/uploads\/2013\/07\/tigrillo-hd.jpg?fit=700%2C350&ssl=1&resize=700%2C400 2x"},"classes":[]}],"_links":{"self":[{"href":"https:\/\/le-fort.org\/cocina\/wp-json\/wp\/v2\/posts\/746","targetHints":{"allow":["GET"]}}],"collection":[{"href":"https:\/\/le-fort.org\/cocina\/wp-json\/wp\/v2\/posts"}],"about":[{"href":"https:\/\/le-fort.org\/cocina\/wp-json\/wp\/v2\/types\/post"}],"author":[{"embeddable":true,"href":"https:\/\/le-fort.org\/cocina\/wp-json\/wp\/v2\/users\/1"}],"replies":[{"embeddable":true,"href":"https:\/\/le-fort.org\/cocina\/wp-json\/wp\/v2\/comments?post=746"}],"version-history":[{"count":0,"href":"https:\/\/le-fort.org\/cocina\/wp-json\/wp\/v2\/posts\/746\/revisions"}],"wp:featuredmedia":[{"embeddable":true,"href":"https:\/\/le-fort.org\/cocina\/wp-json\/wp\/v2\/media\/4554"}],"wp:attachment":[{"href":"https:\/\/le-fort.org\/cocina\/wp-json\/wp\/v2\/media?parent=746"}],"wp:term":[{"taxonomy":"category","embeddable":true,"href":"https:\/\/le-fort.org\/cocina\/wp-json\/wp\/v2\/categories?post=746"},{"taxonomy":"post_tag","embeddable":true,"href":"https:\/\/le-fort.org\/cocina\/wp-json\/wp\/v2\/tags?post=746"}],"curies":[{"name":"wp","href":"https:\/\/api.w.org\/{rel}","templated":true}]}}