{"id":7655,"date":"2016-03-10T11:39:37","date_gmt":"2016-03-10T16:39:37","guid":{"rendered":"http:\/\/www.loquecomemos.com\/?p=7655"},"modified":"2022-01-05T09:55:01","modified_gmt":"2022-01-05T14:55:01","slug":"clases-de-panaderia-y-pasteleria-en-cadeate","status":"publish","type":"post","link":"https:\/\/le-fort.org\/cocina\/clases-de-panaderia-y-pasteleria-en-cadeate\/","title":{"rendered":"Tecnificaci\u00f3n en Cadeate: Panader\u00eda y Pasteler\u00eda"},"content":{"rendered":"<p>Tuvimos la oportunidad de participar en una capacitaci\u00f3n con clases de panader\u00eda y pasteler\u00eda en la comunidad de Cadeate, en Santa Elena, Ecuador como parte de la Asociaci\u00f3n de Chefs del Ecuador. \u00a0Fue una excelente experiencia que resume todo lo que nos gusta de compartir la comida.<!--more--><\/p>\n<figure id=\"attachment_7658\" aria-describedby=\"caption-attachment-7658\" style=\"width: 1280px\" class=\"wp-caption aligncenter\"><img data-recalc-dims=\"1\" loading=\"lazy\" decoding=\"async\" data-attachment-id=\"7658\" data-permalink=\"https:\/\/le-fort.org\/cocina\/clases-de-panaderia-y-pasteleria-en-cadeate\/comiendo-pizza-2\/\" data-orig-file=\"https:\/\/i0.wp.com\/le-fort.org\/cocina\/wp-content\/uploads\/2016\/03\/comiendo-pizza-2.jpg?fit=1280%2C840&amp;ssl=1\" data-orig-size=\"1280,840\" data-comments-opened=\"0\" data-image-meta=\"{&quot;aperture&quot;:&quot;0&quot;,&quot;credit&quot;:&quot;&quot;,&quot;camera&quot;:&quot;&quot;,&quot;caption&quot;:&quot;&quot;,&quot;created_timestamp&quot;:&quot;0&quot;,&quot;copyright&quot;:&quot;&quot;,&quot;focal_length&quot;:&quot;0&quot;,&quot;iso&quot;:&quot;0&quot;,&quot;shutter_speed&quot;:&quot;0&quot;,&quot;title&quot;:&quot;&quot;,&quot;orientation&quot;:&quot;0&quot;}\" data-image-title=\"ni\u00f1os comiendo pizza\" data-image-description=\"\" data-image-caption=\"&lt;p&gt;En el fondo, la idea es compartir&lt;\/p&gt;\n\" data-large-file=\"https:\/\/i0.wp.com\/le-fort.org\/cocina\/wp-content\/uploads\/2016\/03\/comiendo-pizza-2.jpg?fit=1200%2C788&amp;ssl=1\" class=\"size-full wp-image-7658\" src=\"https:\/\/i0.wp.com\/www.le-fort.org\/wp-content\/uploads\/2016\/03\/comiendo-pizza-2.jpg?resize=1200%2C788&#038;ssl=1\" alt=\"ni\u00f1os comiendo pizza\" width=\"1200\" height=\"788\" srcset=\"https:\/\/i0.wp.com\/le-fort.org\/cocina\/wp-content\/uploads\/2016\/03\/comiendo-pizza-2.jpg?w=1280&amp;ssl=1 1280w, https:\/\/i0.wp.com\/le-fort.org\/cocina\/wp-content\/uploads\/2016\/03\/comiendo-pizza-2.jpg?resize=600%2C394&amp;ssl=1 600w\" sizes=\"auto, (max-width: 1200px) 100vw, 1200px\" \/><figcaption id=\"caption-attachment-7658\" class=\"wp-caption-text\">En el fondo, la idea es compartir<\/figcaption><\/figure>\n<p>El curso fue dictado por laAsociaci\u00f3n de Chefs del Ecuador a trav\u00e9s de la Escuela de Alta Cocina Arte Chef, con quienes trabajamos, en conjunto con la Prefectura de Santa Elena. Fueron 4 sesiones y lo ense\u00f1ado fue:<\/p>\n<ul>\n<li><strong>Panader\u00eda<\/strong>: enrollados, pan de or\u00e9gano y pan de an\u00eds<\/li>\n<li><strong>Pizza<\/strong>. La siempre apreciada pizza.<\/li>\n<li><strong>Pasteler\u00eda<\/strong>: trabajamos masa de hojaldre y galletas de avena<\/li>\n<li><strong>Pan campesino<\/strong>: Preparamos distintos tipos de pan integral<\/li>\n<\/ul>\n<p>Los enlaces de arriba llevan al detalle, con m\u00e1s fotos, en el sitio de la Escuela Arte Chef.<\/p>\n<figure id=\"attachment_7677\" aria-describedby=\"caption-attachment-7677\" style=\"width: 1280px\" class=\"wp-caption aligncenter\"><img data-recalc-dims=\"1\" loading=\"lazy\" decoding=\"async\" data-attachment-id=\"7677\" data-permalink=\"https:\/\/le-fort.org\/cocina\/clases-de-panaderia-y-pasteleria-en-cadeate\/gente\/\" data-orig-file=\"https:\/\/i0.wp.com\/le-fort.org\/cocina\/wp-content\/uploads\/2016\/03\/gente.jpg?fit=1280%2C839&amp;ssl=1\" data-orig-size=\"1280,839\" data-comments-opened=\"0\" data-image-meta=\"{&quot;aperture&quot;:&quot;0&quot;,&quot;credit&quot;:&quot;&quot;,&quot;camera&quot;:&quot;&quot;,&quot;caption&quot;:&quot;&quot;,&quot;created_timestamp&quot;:&quot;0&quot;,&quot;copyright&quot;:&quot;&quot;,&quot;focal_length&quot;:&quot;0&quot;,&quot;iso&quot;:&quot;0&quot;,&quot;shutter_speed&quot;:&quot;0&quot;,&quot;title&quot;:&quot;&quot;,&quot;orientation&quot;:&quot;0&quot;}\" data-image-title=\"gente\" data-image-description=\"\" data-image-caption=\"&lt;p&gt;Excelente grupo humano.&lt;\/p&gt;\n\" data-large-file=\"https:\/\/i0.wp.com\/le-fort.org\/cocina\/wp-content\/uploads\/2016\/03\/gente.jpg?fit=1200%2C787&amp;ssl=1\" class=\"size-full wp-image-7677\" src=\"https:\/\/i0.wp.com\/www.le-fort.org\/wp-content\/uploads\/2016\/03\/gente.jpg?resize=1200%2C787&#038;ssl=1\" alt=\"Excelente grupo humano.\" width=\"1200\" height=\"787\" srcset=\"https:\/\/i0.wp.com\/le-fort.org\/cocina\/wp-content\/uploads\/2016\/03\/gente.jpg?w=1280&amp;ssl=1 1280w, https:\/\/i0.wp.com\/le-fort.org\/cocina\/wp-content\/uploads\/2016\/03\/gente.jpg?resize=600%2C393&amp;ssl=1 600w\" sizes=\"auto, (max-width: 1200px) 100vw, 1200px\" \/><figcaption id=\"caption-attachment-7677\" class=\"wp-caption-text\">Excelente grupo humano.<\/figcaption><\/figure>\n<p>El equipo humano estuvo de lujo: los Chef Patricio Iza, Luis Pilay y Denny Lino; la Sra. Myriam Robalino, y la Ing. Mercedes Guerra hicieron de esta capacitaci\u00f3n un proceso entretenido adem\u00e1s de bueno y valioso. \u00a1Gracias!<\/p>\n<p>Aqu\u00ed hay algunas fotograf\u00edas del curso de panader\u00eda y pasteler\u00eda. Haz clic en las im\u00e1genes para ampliarlas.<\/p>\n<div class=\"tiled-gallery type-rectangular tiled-gallery-unresized\" data-original-width=\"1200\" data-carousel-extra='{&quot;blog_id&quot;:1,&quot;permalink&quot;:&quot;https:\\\/\\\/le-fort.org\\\/cocina\\\/clases-de-panaderia-y-pasteleria-en-cadeate\\\/&quot;,&quot;likes_blog_id&quot;:240650671}' itemscope itemtype=\"http:\/\/schema.org\/ImageGallery\" > <div class=\"gallery-row\" style=\"width: 1200px; height: 526px;\" data-original-width=\"1200\" data-original-height=\"526\" > <div class=\"gallery-group images-1\" style=\"width: 801px; height: 526px;\" data-original-width=\"801\" data-original-height=\"526\" > <div class=\"tiled-gallery-item tiled-gallery-item-large\" itemprop=\"associatedMedia\" itemscope itemtype=\"http:\/\/schema.org\/ImageObject\"> <a href=\"https:\/\/le-fort.org\/cocina\/clases-de-panaderia-y-pasteleria-en-cadeate\/film\/\" border=\"0\" itemprop=\"url\"> <meta itemprop=\"width\" content=\"797\"> <meta itemprop=\"height\" content=\"522\"> <img decoding=\"async\" class=\"\" data-attachment-id=\"7660\" data-orig-file=\"https:\/\/le-fort.org\/cocina\/wp-content\/uploads\/2016\/03\/film.jpg\" data-orig-size=\"1280,839\" data-comments-opened=\"\" data-image-meta=\"{&quot;aperture&quot;:&quot;0&quot;,&quot;credit&quot;:&quot;&quot;,&quot;camera&quot;:&quot;&quot;,&quot;caption&quot;:&quot;&quot;,&quot;created_timestamp&quot;:&quot;0&quot;,&quot;copyright&quot;:&quot;&quot;,&quot;focal_length&quot;:&quot;0&quot;,&quot;iso&quot;:&quot;0&quot;,&quot;shutter_speed&quot;:&quot;0&quot;,&quot;title&quot;:&quot;&quot;,&quot;orientation&quot;:&quot;0&quot;}\" data-image-title=\"film\" data-image-description=\"\" data-medium-file=\"https:\/\/i0.wp.com\/le-fort.org\/cocina\/wp-content\/uploads\/2016\/03\/film.jpg?fit=600%2C393&#038;ssl=1\" data-large-file=\"https:\/\/i0.wp.com\/le-fort.org\/cocina\/wp-content\/uploads\/2016\/03\/film.jpg?fit=1200%2C787&#038;ssl=1\" src=\"https:\/\/i0.wp.com\/le-fort.org\/cocina\/wp-content\/uploads\/2016\/03\/film.jpg?w=797&#038;h=522&#038;ssl=1\" srcset=\"https:\/\/i0.wp.com\/le-fort.org\/cocina\/wp-content\/uploads\/2016\/03\/film.jpg?w=1280&amp;ssl=1 1280w, https:\/\/i0.wp.com\/le-fort.org\/cocina\/wp-content\/uploads\/2016\/03\/film.jpg?resize=600%2C393&amp;ssl=1 600w\" width=\"797\" height=\"522\" loading=\"lazy\" data-original-width=\"797\" data-original-height=\"522\" itemprop=\"http:\/\/schema.org\/image\" title=\"film\" alt=\"Clase 1: pan enrollado\" style=\"width: 797px; height: 522px;\" \/> <\/a> <div class=\"tiled-gallery-caption\" itemprop=\"caption description\"> Clase 1: pan enrollado <\/div> <\/div> <\/div> <!-- close group --> <div class=\"gallery-group images-2\" style=\"width: 399px; height: 526px;\" data-original-width=\"399\" data-original-height=\"526\" > <div class=\"tiled-gallery-item tiled-gallery-item-large\" itemprop=\"associatedMedia\" itemscope itemtype=\"http:\/\/schema.org\/ImageObject\"> <a href=\"https:\/\/le-fort.org\/cocina\/clases-de-panaderia-y-pasteleria-en-cadeate\/al-horno-11\/\" border=\"0\" itemprop=\"url\"> <meta itemprop=\"width\" content=\"395\"> <meta itemprop=\"height\" content=\"259\"> <img decoding=\"async\" class=\"\" data-attachment-id=\"7659\" data-orig-file=\"https:\/\/le-fort.org\/cocina\/wp-content\/uploads\/2016\/03\/al-horno.jpg\" data-orig-size=\"1280,839\" data-comments-opened=\"\" data-image-meta=\"{&quot;aperture&quot;:&quot;0&quot;,&quot;credit&quot;:&quot;&quot;,&quot;camera&quot;:&quot;&quot;,&quot;caption&quot;:&quot;&quot;,&quot;created_timestamp&quot;:&quot;0&quot;,&quot;copyright&quot;:&quot;&quot;,&quot;focal_length&quot;:&quot;0&quot;,&quot;iso&quot;:&quot;0&quot;,&quot;shutter_speed&quot;:&quot;0&quot;,&quot;title&quot;:&quot;&quot;,&quot;orientation&quot;:&quot;0&quot;}\" data-image-title=\"al-horno\" data-image-description=\"\" data-medium-file=\"https:\/\/i0.wp.com\/le-fort.org\/cocina\/wp-content\/uploads\/2016\/03\/al-horno.jpg?fit=600%2C393&#038;ssl=1\" data-large-file=\"https:\/\/i0.wp.com\/le-fort.org\/cocina\/wp-content\/uploads\/2016\/03\/al-horno.jpg?fit=1200%2C787&#038;ssl=1\" src=\"https:\/\/i0.wp.com\/le-fort.org\/cocina\/wp-content\/uploads\/2016\/03\/al-horno.jpg?w=395&#038;h=259&#038;ssl=1\" srcset=\"https:\/\/i0.wp.com\/le-fort.org\/cocina\/wp-content\/uploads\/2016\/03\/al-horno.jpg?w=1280&amp;ssl=1 1280w, https:\/\/i0.wp.com\/le-fort.org\/cocina\/wp-content\/uploads\/2016\/03\/al-horno.jpg?resize=600%2C393&amp;ssl=1 600w\" width=\"395\" height=\"259\" loading=\"lazy\" data-original-width=\"395\" data-original-height=\"259\" itemprop=\"http:\/\/schema.org\/image\" title=\"al-horno\" alt=\"Clase 1: pan enrollado\" style=\"width: 395px; height: 259px;\" \/> <\/a> <div class=\"tiled-gallery-caption\" itemprop=\"caption description\"> Clase 1: pan enrollado <\/div> <\/div> <div class=\"tiled-gallery-item tiled-gallery-item-large\" itemprop=\"associatedMedia\" itemscope itemtype=\"http:\/\/schema.org\/ImageObject\"> <a href=\"https:\/\/le-fort.org\/cocina\/clases-de-panaderia-y-pasteleria-en-cadeate\/horno-barro\/\" border=\"0\" itemprop=\"url\"> <meta itemprop=\"width\" content=\"395\"> <meta itemprop=\"height\" content=\"259\"> <img decoding=\"async\" class=\"\" data-attachment-id=\"7661\" data-orig-file=\"https:\/\/le-fort.org\/cocina\/wp-content\/uploads\/2016\/03\/horno-barro.jpg\" data-orig-size=\"1280,839\" data-comments-opened=\"\" data-image-meta=\"{&quot;aperture&quot;:&quot;0&quot;,&quot;credit&quot;:&quot;&quot;,&quot;camera&quot;:&quot;&quot;,&quot;caption&quot;:&quot;&quot;,&quot;created_timestamp&quot;:&quot;0&quot;,&quot;copyright&quot;:&quot;&quot;,&quot;focal_length&quot;:&quot;0&quot;,&quot;iso&quot;:&quot;0&quot;,&quot;shutter_speed&quot;:&quot;0&quot;,&quot;title&quot;:&quot;&quot;,&quot;orientation&quot;:&quot;0&quot;}\" data-image-title=\"horno-barro\" data-image-description=\"\" data-medium-file=\"https:\/\/i0.wp.com\/le-fort.org\/cocina\/wp-content\/uploads\/2016\/03\/horno-barro.jpg?fit=600%2C393&#038;ssl=1\" data-large-file=\"https:\/\/i0.wp.com\/le-fort.org\/cocina\/wp-content\/uploads\/2016\/03\/horno-barro.jpg?fit=1200%2C787&#038;ssl=1\" src=\"https:\/\/i0.wp.com\/le-fort.org\/cocina\/wp-content\/uploads\/2016\/03\/horno-barro.jpg?w=395&#038;h=259&#038;ssl=1\" srcset=\"https:\/\/i0.wp.com\/le-fort.org\/cocina\/wp-content\/uploads\/2016\/03\/horno-barro.jpg?w=1280&amp;ssl=1 1280w, https:\/\/i0.wp.com\/le-fort.org\/cocina\/wp-content\/uploads\/2016\/03\/horno-barro.jpg?resize=600%2C393&amp;ssl=1 600w\" width=\"395\" height=\"259\" loading=\"lazy\" data-original-width=\"395\" data-original-height=\"259\" itemprop=\"http:\/\/schema.org\/image\" title=\"horno-barro\" alt=\"Clase 1: pan enrollado\" style=\"width: 395px; height: 259px;\" \/> <\/a> <div class=\"tiled-gallery-caption\" itemprop=\"caption description\"> Clase 1: pan enrollado <\/div> <\/div> <\/div> <!-- close group --> <\/div> <!-- close row --> <div class=\"gallery-row\" style=\"width: 1200px; height: 264px;\" data-original-width=\"1200\" data-original-height=\"264\" > <div class=\"gallery-group images-1\" style=\"width: 400px; height: 264px;\" data-original-width=\"400\" data-original-height=\"264\" > <div class=\"tiled-gallery-item tiled-gallery-item-large\" itemprop=\"associatedMedia\" itemscope itemtype=\"http:\/\/schema.org\/ImageObject\"> <a href=\"https:\/\/le-fort.org\/cocina\/clases-de-panaderia-y-pasteleria-en-cadeate\/pan-final\/\" border=\"0\" itemprop=\"url\"> <meta itemprop=\"width\" content=\"396\"> <meta itemprop=\"height\" content=\"260\"> <img decoding=\"async\" class=\"\" data-attachment-id=\"7662\" data-orig-file=\"https:\/\/le-fort.org\/cocina\/wp-content\/uploads\/2016\/03\/pan-final.jpg\" data-orig-size=\"1280,840\" data-comments-opened=\"\" data-image-meta=\"{&quot;aperture&quot;:&quot;0&quot;,&quot;credit&quot;:&quot;&quot;,&quot;camera&quot;:&quot;&quot;,&quot;caption&quot;:&quot;&quot;,&quot;created_timestamp&quot;:&quot;0&quot;,&quot;copyright&quot;:&quot;&quot;,&quot;focal_length&quot;:&quot;0&quot;,&quot;iso&quot;:&quot;0&quot;,&quot;shutter_speed&quot;:&quot;0&quot;,&quot;title&quot;:&quot;&quot;,&quot;orientation&quot;:&quot;0&quot;}\" data-image-title=\"pan-final\" data-image-description=\"\" data-medium-file=\"https:\/\/i0.wp.com\/le-fort.org\/cocina\/wp-content\/uploads\/2016\/03\/pan-final.jpg?fit=600%2C394&#038;ssl=1\" data-large-file=\"https:\/\/i0.wp.com\/le-fort.org\/cocina\/wp-content\/uploads\/2016\/03\/pan-final.jpg?fit=1200%2C788&#038;ssl=1\" src=\"https:\/\/i0.wp.com\/le-fort.org\/cocina\/wp-content\/uploads\/2016\/03\/pan-final.jpg?w=396&#038;h=260&#038;ssl=1\" srcset=\"https:\/\/i0.wp.com\/le-fort.org\/cocina\/wp-content\/uploads\/2016\/03\/pan-final.jpg?w=1280&amp;ssl=1 1280w, https:\/\/i0.wp.com\/le-fort.org\/cocina\/wp-content\/uploads\/2016\/03\/pan-final.jpg?resize=600%2C394&amp;ssl=1 600w\" width=\"396\" height=\"260\" loading=\"lazy\" data-original-width=\"396\" data-original-height=\"260\" itemprop=\"http:\/\/schema.org\/image\" title=\"pan-final\" alt=\"Clase 1: pan enrollado\" style=\"width: 396px; height: 260px;\" \/> <\/a> <div class=\"tiled-gallery-caption\" itemprop=\"caption description\"> Clase 1: pan enrollado <\/div> <\/div> <\/div> <!-- close group --> <div class=\"gallery-group images-1\" style=\"width: 400px; height: 264px;\" data-original-width=\"400\" data-original-height=\"264\" > <div class=\"tiled-gallery-item tiled-gallery-item-large\" itemprop=\"associatedMedia\" itemscope itemtype=\"http:\/\/schema.org\/ImageObject\"> <a href=\"https:\/\/le-fort.org\/cocina\/clases-de-panaderia-y-pasteleria-en-cadeate\/material\/\" border=\"0\" itemprop=\"url\"> <meta itemprop=\"width\" content=\"396\"> <meta itemprop=\"height\" content=\"260\"> <img decoding=\"async\" class=\"\" data-attachment-id=\"7666\" data-orig-file=\"https:\/\/le-fort.org\/cocina\/wp-content\/uploads\/2016\/03\/material.jpg\" data-orig-size=\"1280,840\" data-comments-opened=\"\" data-image-meta=\"{&quot;aperture&quot;:&quot;0&quot;,&quot;credit&quot;:&quot;&quot;,&quot;camera&quot;:&quot;&quot;,&quot;caption&quot;:&quot;&quot;,&quot;created_timestamp&quot;:&quot;0&quot;,&quot;copyright&quot;:&quot;&quot;,&quot;focal_length&quot;:&quot;0&quot;,&quot;iso&quot;:&quot;0&quot;,&quot;shutter_speed&quot;:&quot;0&quot;,&quot;title&quot;:&quot;&quot;,&quot;orientation&quot;:&quot;0&quot;}\" data-image-title=\"material\" data-image-description=\"\" data-medium-file=\"https:\/\/i0.wp.com\/le-fort.org\/cocina\/wp-content\/uploads\/2016\/03\/material.jpg?fit=600%2C394&#038;ssl=1\" data-large-file=\"https:\/\/i0.wp.com\/le-fort.org\/cocina\/wp-content\/uploads\/2016\/03\/material.jpg?fit=1200%2C788&#038;ssl=1\" src=\"https:\/\/i0.wp.com\/le-fort.org\/cocina\/wp-content\/uploads\/2016\/03\/material.jpg?w=396&#038;h=260&#038;ssl=1\" srcset=\"https:\/\/i0.wp.com\/le-fort.org\/cocina\/wp-content\/uploads\/2016\/03\/material.jpg?w=1280&amp;ssl=1 1280w, https:\/\/i0.wp.com\/le-fort.org\/cocina\/wp-content\/uploads\/2016\/03\/material.jpg?resize=600%2C394&amp;ssl=1 600w\" width=\"396\" height=\"260\" loading=\"lazy\" data-original-width=\"396\" data-original-height=\"260\" itemprop=\"http:\/\/schema.org\/image\" title=\"material\" alt=\"Clase 2: Pizza\" style=\"width: 396px; height: 260px;\" \/> <\/a> <div class=\"tiled-gallery-caption\" itemprop=\"caption description\"> Clase 2: Pizza <\/div> <\/div> <\/div> <!-- close group --> <div class=\"gallery-group images-1\" style=\"width: 400px; height: 264px;\" data-original-width=\"400\" data-original-height=\"264\" > <div class=\"tiled-gallery-item tiled-gallery-item-large\" itemprop=\"associatedMedia\" itemscope itemtype=\"http:\/\/schema.org\/ImageObject\"> <a href=\"https:\/\/le-fort.org\/cocina\/clases-de-panaderia-y-pasteleria-en-cadeate\/conciliabulo\/\" border=\"0\" itemprop=\"url\"> <meta itemprop=\"width\" content=\"396\"> <meta itemprop=\"height\" content=\"260\"> <img decoding=\"async\" class=\"\" data-attachment-id=\"7665\" data-orig-file=\"https:\/\/le-fort.org\/cocina\/wp-content\/uploads\/2016\/03\/conciliabulo.jpg\" data-orig-size=\"1280,840\" data-comments-opened=\"\" data-image-meta=\"{&quot;aperture&quot;:&quot;0&quot;,&quot;credit&quot;:&quot;&quot;,&quot;camera&quot;:&quot;&quot;,&quot;caption&quot;:&quot;&quot;,&quot;created_timestamp&quot;:&quot;0&quot;,&quot;copyright&quot;:&quot;&quot;,&quot;focal_length&quot;:&quot;0&quot;,&quot;iso&quot;:&quot;0&quot;,&quot;shutter_speed&quot;:&quot;0&quot;,&quot;title&quot;:&quot;&quot;,&quot;orientation&quot;:&quot;0&quot;}\" data-image-title=\"conciliabulo\" data-image-description=\"\" data-medium-file=\"https:\/\/i0.wp.com\/le-fort.org\/cocina\/wp-content\/uploads\/2016\/03\/conciliabulo.jpg?fit=600%2C394&#038;ssl=1\" data-large-file=\"https:\/\/i0.wp.com\/le-fort.org\/cocina\/wp-content\/uploads\/2016\/03\/conciliabulo.jpg?fit=1200%2C788&#038;ssl=1\" src=\"https:\/\/i0.wp.com\/le-fort.org\/cocina\/wp-content\/uploads\/2016\/03\/conciliabulo.jpg?w=396&#038;h=260&#038;ssl=1\" srcset=\"https:\/\/i0.wp.com\/le-fort.org\/cocina\/wp-content\/uploads\/2016\/03\/conciliabulo.jpg?w=1280&amp;ssl=1 1280w, https:\/\/i0.wp.com\/le-fort.org\/cocina\/wp-content\/uploads\/2016\/03\/conciliabulo.jpg?resize=600%2C394&amp;ssl=1 600w\" width=\"396\" height=\"260\" loading=\"lazy\" data-original-width=\"396\" data-original-height=\"260\" itemprop=\"http:\/\/schema.org\/image\" title=\"conciliabulo\" alt=\"Clase 2: Pizza\" style=\"width: 396px; height: 260px;\" \/> <\/a> <div class=\"tiled-gallery-caption\" itemprop=\"caption description\"> Clase 2: Pizza <\/div> <\/div> <\/div> <!-- close group --> <\/div> <!-- close row --> <div class=\"gallery-row\" style=\"width: 1200px; height: 574px;\" data-original-width=\"1200\" data-original-height=\"574\" > <div class=\"gallery-group images-2\" style=\"width: 436px; height: 574px;\" data-original-width=\"436\" data-original-height=\"574\" > <div class=\"tiled-gallery-item tiled-gallery-item-large\" itemprop=\"associatedMedia\" itemscope itemtype=\"http:\/\/schema.org\/ImageObject\"> <a href=\"https:\/\/le-fort.org\/cocina\/clases-de-panaderia-y-pasteleria-en-cadeate\/asistentes\/\" border=\"0\" itemprop=\"url\"> <meta itemprop=\"width\" content=\"432\"> <meta itemprop=\"height\" content=\"283\"> <img decoding=\"async\" class=\"\" data-attachment-id=\"7663\" data-orig-file=\"https:\/\/le-fort.org\/cocina\/wp-content\/uploads\/2016\/03\/asistentes.jpg\" data-orig-size=\"1280,840\" data-comments-opened=\"\" data-image-meta=\"{&quot;aperture&quot;:&quot;0&quot;,&quot;credit&quot;:&quot;&quot;,&quot;camera&quot;:&quot;&quot;,&quot;caption&quot;:&quot;&quot;,&quot;created_timestamp&quot;:&quot;0&quot;,&quot;copyright&quot;:&quot;&quot;,&quot;focal_length&quot;:&quot;0&quot;,&quot;iso&quot;:&quot;0&quot;,&quot;shutter_speed&quot;:&quot;0&quot;,&quot;title&quot;:&quot;&quot;,&quot;orientation&quot;:&quot;0&quot;}\" data-image-title=\"asistentes\" data-image-description=\"\" data-medium-file=\"https:\/\/i0.wp.com\/le-fort.org\/cocina\/wp-content\/uploads\/2016\/03\/asistentes.jpg?fit=600%2C394&#038;ssl=1\" data-large-file=\"https:\/\/i0.wp.com\/le-fort.org\/cocina\/wp-content\/uploads\/2016\/03\/asistentes.jpg?fit=1200%2C788&#038;ssl=1\" src=\"https:\/\/i0.wp.com\/le-fort.org\/cocina\/wp-content\/uploads\/2016\/03\/asistentes.jpg?w=432&#038;h=283&#038;ssl=1\" srcset=\"https:\/\/i0.wp.com\/le-fort.org\/cocina\/wp-content\/uploads\/2016\/03\/asistentes.jpg?w=1280&amp;ssl=1 1280w, https:\/\/i0.wp.com\/le-fort.org\/cocina\/wp-content\/uploads\/2016\/03\/asistentes.jpg?resize=600%2C394&amp;ssl=1 600w\" width=\"432\" height=\"283\" loading=\"lazy\" data-original-width=\"432\" data-original-height=\"283\" itemprop=\"http:\/\/schema.org\/image\" title=\"asistentes\" alt=\"Clase 2: Pizza\" style=\"width: 432px; height: 283px;\" \/> <\/a> <div class=\"tiled-gallery-caption\" itemprop=\"caption description\"> Clase 2: Pizza <\/div> <\/div> <div class=\"tiled-gallery-item tiled-gallery-item-large\" itemprop=\"associatedMedia\" itemscope itemtype=\"http:\/\/schema.org\/ImageObject\"> <a href=\"https:\/\/le-fort.org\/cocina\/clases-de-panaderia-y-pasteleria-en-cadeate\/comiendo-pizza\/\" border=\"0\" itemprop=\"url\"> <meta itemprop=\"width\" content=\"432\"> <meta itemprop=\"height\" content=\"283\"> <img decoding=\"async\" class=\"\" data-attachment-id=\"7664\" data-orig-file=\"https:\/\/le-fort.org\/cocina\/wp-content\/uploads\/2016\/03\/comiendo-pizza.jpg\" data-orig-size=\"1280,840\" data-comments-opened=\"\" data-image-meta=\"{&quot;aperture&quot;:&quot;0&quot;,&quot;credit&quot;:&quot;&quot;,&quot;camera&quot;:&quot;&quot;,&quot;caption&quot;:&quot;&quot;,&quot;created_timestamp&quot;:&quot;0&quot;,&quot;copyright&quot;:&quot;&quot;,&quot;focal_length&quot;:&quot;0&quot;,&quot;iso&quot;:&quot;0&quot;,&quot;shutter_speed&quot;:&quot;0&quot;,&quot;title&quot;:&quot;&quot;,&quot;orientation&quot;:&quot;0&quot;}\" data-image-title=\"comiendo-pizza\" data-image-description=\"\" data-medium-file=\"https:\/\/i0.wp.com\/le-fort.org\/cocina\/wp-content\/uploads\/2016\/03\/comiendo-pizza.jpg?fit=600%2C394&#038;ssl=1\" data-large-file=\"https:\/\/i0.wp.com\/le-fort.org\/cocina\/wp-content\/uploads\/2016\/03\/comiendo-pizza.jpg?fit=1200%2C788&#038;ssl=1\" src=\"https:\/\/i0.wp.com\/le-fort.org\/cocina\/wp-content\/uploads\/2016\/03\/comiendo-pizza.jpg?w=432&#038;h=283&#038;ssl=1\" srcset=\"https:\/\/i0.wp.com\/le-fort.org\/cocina\/wp-content\/uploads\/2016\/03\/comiendo-pizza.jpg?w=1280&amp;ssl=1 1280w, https:\/\/i0.wp.com\/le-fort.org\/cocina\/wp-content\/uploads\/2016\/03\/comiendo-pizza.jpg?resize=600%2C394&amp;ssl=1 600w\" width=\"432\" height=\"283\" loading=\"lazy\" data-original-width=\"432\" data-original-height=\"283\" itemprop=\"http:\/\/schema.org\/image\" title=\"comiendo-pizza\" alt=\"comiendo-pizza\" style=\"width: 432px; height: 283px;\" \/> <\/a> <\/div> <\/div> <!-- close group --> <div class=\"gallery-group images-1\" style=\"width: 764px; height: 574px;\" data-original-width=\"764\" data-original-height=\"574\" > <div class=\"tiled-gallery-item tiled-gallery-item-large\" itemprop=\"associatedMedia\" itemscope itemtype=\"http:\/\/schema.org\/ImageObject\"> <a href=\"https:\/\/le-fort.org\/cocina\/clases-de-panaderia-y-pasteleria-en-cadeate\/bolillo\/\" border=\"0\" itemprop=\"url\"> <meta itemprop=\"width\" content=\"760\"> <meta itemprop=\"height\" content=\"570\"> <img decoding=\"async\" class=\"\" data-attachment-id=\"7668\" data-orig-file=\"https:\/\/le-fort.org\/cocina\/wp-content\/uploads\/2016\/03\/bolillo.jpg\" data-orig-size=\"1280,960\" data-comments-opened=\"\" data-image-meta=\"{&quot;aperture&quot;:&quot;0&quot;,&quot;credit&quot;:&quot;&quot;,&quot;camera&quot;:&quot;&quot;,&quot;caption&quot;:&quot;&quot;,&quot;created_timestamp&quot;:&quot;0&quot;,&quot;copyright&quot;:&quot;&quot;,&quot;focal_length&quot;:&quot;0&quot;,&quot;iso&quot;:&quot;0&quot;,&quot;shutter_speed&quot;:&quot;0&quot;,&quot;title&quot;:&quot;&quot;,&quot;orientation&quot;:&quot;0&quot;}\" data-image-title=\"bolillo\" data-image-description=\"\" data-medium-file=\"https:\/\/i0.wp.com\/le-fort.org\/cocina\/wp-content\/uploads\/2016\/03\/bolillo.jpg?fit=600%2C450&#038;ssl=1\" data-large-file=\"https:\/\/i0.wp.com\/le-fort.org\/cocina\/wp-content\/uploads\/2016\/03\/bolillo.jpg?fit=1200%2C900&#038;ssl=1\" src=\"https:\/\/i0.wp.com\/le-fort.org\/cocina\/wp-content\/uploads\/2016\/03\/bolillo.jpg?w=760&#038;h=570&#038;ssl=1\" srcset=\"https:\/\/i0.wp.com\/le-fort.org\/cocina\/wp-content\/uploads\/2016\/03\/bolillo.jpg?w=1280&amp;ssl=1 1280w, https:\/\/i0.wp.com\/le-fort.org\/cocina\/wp-content\/uploads\/2016\/03\/bolillo.jpg?resize=600%2C450&amp;ssl=1 600w\" width=\"760\" height=\"570\" loading=\"lazy\" data-original-width=\"760\" data-original-height=\"570\" itemprop=\"http:\/\/schema.org\/image\" title=\"bolillo\" alt=\"Clase 3: hojaldre\" style=\"width: 760px; height: 570px;\" \/> <\/a> <div class=\"tiled-gallery-caption\" itemprop=\"caption description\"> Clase 3: hojaldre <\/div> <\/div> <\/div> <!-- close group --> <\/div> <!-- close row --> <div class=\"gallery-row\" style=\"width: 1200px; height: 451px;\" data-original-width=\"1200\" data-original-height=\"451\" > <div class=\"gallery-group images-1\" style=\"width: 600px; height: 451px;\" data-original-width=\"600\" data-original-height=\"451\" > <div class=\"tiled-gallery-item tiled-gallery-item-large\" itemprop=\"associatedMedia\" itemscope itemtype=\"http:\/\/schema.org\/ImageObject\"> <a href=\"https:\/\/le-fort.org\/cocina\/clases-de-panaderia-y-pasteleria-en-cadeate\/amasado\/\" border=\"0\" itemprop=\"url\"> <meta itemprop=\"width\" content=\"596\"> <meta itemprop=\"height\" content=\"447\"> <img decoding=\"async\" class=\"\" data-attachment-id=\"7667\" data-orig-file=\"https:\/\/le-fort.org\/cocina\/wp-content\/uploads\/2016\/03\/amasado.jpg\" data-orig-size=\"1280,960\" data-comments-opened=\"\" data-image-meta=\"{&quot;aperture&quot;:&quot;0&quot;,&quot;credit&quot;:&quot;&quot;,&quot;camera&quot;:&quot;&quot;,&quot;caption&quot;:&quot;&quot;,&quot;created_timestamp&quot;:&quot;0&quot;,&quot;copyright&quot;:&quot;&quot;,&quot;focal_length&quot;:&quot;0&quot;,&quot;iso&quot;:&quot;0&quot;,&quot;shutter_speed&quot;:&quot;0&quot;,&quot;title&quot;:&quot;&quot;,&quot;orientation&quot;:&quot;0&quot;}\" data-image-title=\"amasado\" data-image-description=\"\" data-medium-file=\"https:\/\/i0.wp.com\/le-fort.org\/cocina\/wp-content\/uploads\/2016\/03\/amasado.jpg?fit=600%2C450&#038;ssl=1\" data-large-file=\"https:\/\/i0.wp.com\/le-fort.org\/cocina\/wp-content\/uploads\/2016\/03\/amasado.jpg?fit=1200%2C900&#038;ssl=1\" src=\"https:\/\/i0.wp.com\/le-fort.org\/cocina\/wp-content\/uploads\/2016\/03\/amasado.jpg?w=596&#038;h=447&#038;ssl=1\" srcset=\"https:\/\/i0.wp.com\/le-fort.org\/cocina\/wp-content\/uploads\/2016\/03\/amasado.jpg?w=1280&amp;ssl=1 1280w, https:\/\/i0.wp.com\/le-fort.org\/cocina\/wp-content\/uploads\/2016\/03\/amasado.jpg?resize=600%2C450&amp;ssl=1 600w\" width=\"596\" height=\"447\" loading=\"lazy\" data-original-width=\"596\" data-original-height=\"447\" itemprop=\"http:\/\/schema.org\/image\" title=\"amasado\" alt=\"Clase 3: hojaldre\" style=\"width: 596px; height: 447px;\" \/> <\/a> <div class=\"tiled-gallery-caption\" itemprop=\"caption description\"> Clase 3: hojaldre <\/div> <\/div> <\/div> <!-- close group --> <div class=\"gallery-group images-1\" style=\"width: 600px; height: 451px;\" data-original-width=\"600\" data-original-height=\"451\" > <div class=\"tiled-gallery-item tiled-gallery-item-large\" itemprop=\"associatedMedia\" itemscope itemtype=\"http:\/\/schema.org\/ImageObject\"> <a href=\"https:\/\/le-fort.org\/cocina\/clases-de-panaderia-y-pasteleria-en-cadeate\/conos\/\" border=\"0\" itemprop=\"url\"> <meta itemprop=\"width\" content=\"596\"> <meta itemprop=\"height\" content=\"447\"> <img decoding=\"async\" class=\"\" data-attachment-id=\"7669\" data-orig-file=\"https:\/\/le-fort.org\/cocina\/wp-content\/uploads\/2016\/03\/conos.jpg\" data-orig-size=\"1280,960\" data-comments-opened=\"\" data-image-meta=\"{&quot;aperture&quot;:&quot;0&quot;,&quot;credit&quot;:&quot;&quot;,&quot;camera&quot;:&quot;&quot;,&quot;caption&quot;:&quot;&quot;,&quot;created_timestamp&quot;:&quot;0&quot;,&quot;copyright&quot;:&quot;&quot;,&quot;focal_length&quot;:&quot;0&quot;,&quot;iso&quot;:&quot;0&quot;,&quot;shutter_speed&quot;:&quot;0&quot;,&quot;title&quot;:&quot;&quot;,&quot;orientation&quot;:&quot;0&quot;}\" data-image-title=\"conos\" data-image-description=\"\" data-medium-file=\"https:\/\/i0.wp.com\/le-fort.org\/cocina\/wp-content\/uploads\/2016\/03\/conos.jpg?fit=600%2C450&#038;ssl=1\" data-large-file=\"https:\/\/i0.wp.com\/le-fort.org\/cocina\/wp-content\/uploads\/2016\/03\/conos.jpg?fit=1200%2C900&#038;ssl=1\" src=\"https:\/\/i0.wp.com\/le-fort.org\/cocina\/wp-content\/uploads\/2016\/03\/conos.jpg?w=596&#038;h=447&#038;ssl=1\" srcset=\"https:\/\/i0.wp.com\/le-fort.org\/cocina\/wp-content\/uploads\/2016\/03\/conos.jpg?w=1280&amp;ssl=1 1280w, https:\/\/i0.wp.com\/le-fort.org\/cocina\/wp-content\/uploads\/2016\/03\/conos.jpg?resize=600%2C450&amp;ssl=1 600w\" width=\"596\" height=\"447\" loading=\"lazy\" data-original-width=\"596\" data-original-height=\"447\" itemprop=\"http:\/\/schema.org\/image\" title=\"conos\" alt=\"Clase 3: hojaldre\" style=\"width: 596px; height: 447px;\" \/> <\/a> <div class=\"tiled-gallery-caption\" itemprop=\"caption description\"> Clase 3: hojaldre <\/div> <\/div> <\/div> <!-- close group --> <\/div> <!-- close row --> <div class=\"gallery-row\" style=\"width: 1200px; height: 564px;\" data-original-width=\"1200\" data-original-height=\"564\" > <div class=\"gallery-group images-1\" style=\"width: 751px; height: 564px;\" data-original-width=\"751\" data-original-height=\"564\" > <div class=\"tiled-gallery-item tiled-gallery-item-large\" itemprop=\"associatedMedia\" itemscope itemtype=\"http:\/\/schema.org\/ImageObject\"> <a href=\"https:\/\/le-fort.org\/cocina\/clases-de-panaderia-y-pasteleria-en-cadeate\/merecedes-2\/\" border=\"0\" itemprop=\"url\"> <meta itemprop=\"width\" content=\"747\"> <meta itemprop=\"height\" content=\"560\"> <img decoding=\"async\" class=\"\" data-attachment-id=\"7670\" data-orig-file=\"https:\/\/le-fort.org\/cocina\/wp-content\/uploads\/2016\/03\/merecedes-2.jpg\" data-orig-size=\"1280,960\" data-comments-opened=\"\" data-image-meta=\"{&quot;aperture&quot;:&quot;0&quot;,&quot;credit&quot;:&quot;&quot;,&quot;camera&quot;:&quot;&quot;,&quot;caption&quot;:&quot;&quot;,&quot;created_timestamp&quot;:&quot;0&quot;,&quot;copyright&quot;:&quot;&quot;,&quot;focal_length&quot;:&quot;0&quot;,&quot;iso&quot;:&quot;0&quot;,&quot;shutter_speed&quot;:&quot;0&quot;,&quot;title&quot;:&quot;&quot;,&quot;orientation&quot;:&quot;0&quot;}\" data-image-title=\"merecedes-2\" data-image-description=\"\" data-medium-file=\"https:\/\/i0.wp.com\/le-fort.org\/cocina\/wp-content\/uploads\/2016\/03\/merecedes-2.jpg?fit=600%2C450&#038;ssl=1\" data-large-file=\"https:\/\/i0.wp.com\/le-fort.org\/cocina\/wp-content\/uploads\/2016\/03\/merecedes-2.jpg?fit=1200%2C900&#038;ssl=1\" src=\"https:\/\/i0.wp.com\/le-fort.org\/cocina\/wp-content\/uploads\/2016\/03\/merecedes-2.jpg?w=747&#038;h=560&#038;ssl=1\" srcset=\"https:\/\/i0.wp.com\/le-fort.org\/cocina\/wp-content\/uploads\/2016\/03\/merecedes-2.jpg?w=1280&amp;ssl=1 1280w, https:\/\/i0.wp.com\/le-fort.org\/cocina\/wp-content\/uploads\/2016\/03\/merecedes-2.jpg?resize=600%2C450&amp;ssl=1 600w\" width=\"747\" height=\"560\" loading=\"lazy\" data-original-width=\"747\" data-original-height=\"560\" itemprop=\"http:\/\/schema.org\/image\" title=\"merecedes-2\" alt=\"Clase 3: hojaldre\" style=\"width: 747px; height: 560px;\" \/> <\/a> <div class=\"tiled-gallery-caption\" itemprop=\"caption description\"> Clase 3: hojaldre <\/div> <\/div> <\/div> <!-- close group --> <div class=\"gallery-group images-2\" style=\"width: 449px; height: 564px;\" data-original-width=\"449\" data-original-height=\"564\" > <div class=\"tiled-gallery-item tiled-gallery-item-large\" itemprop=\"associatedMedia\" itemscope itemtype=\"http:\/\/schema.org\/ImageObject\"> <a href=\"https:\/\/le-fort.org\/cocina\/clases-de-panaderia-y-pasteleria-en-cadeate\/trabajando-pilay-iza\/\" border=\"0\" itemprop=\"url\"> <meta itemprop=\"width\" content=\"445\"> <meta itemprop=\"height\" content=\"278\"> <img decoding=\"async\" class=\"\" data-attachment-id=\"7673\" data-orig-file=\"https:\/\/le-fort.org\/cocina\/wp-content\/uploads\/2016\/03\/trabajando-pilay-iza.jpg\" data-orig-size=\"960,600\" data-comments-opened=\"\" data-image-meta=\"{&quot;aperture&quot;:&quot;0&quot;,&quot;credit&quot;:&quot;&quot;,&quot;camera&quot;:&quot;&quot;,&quot;caption&quot;:&quot;&quot;,&quot;created_timestamp&quot;:&quot;0&quot;,&quot;copyright&quot;:&quot;&quot;,&quot;focal_length&quot;:&quot;0&quot;,&quot;iso&quot;:&quot;0&quot;,&quot;shutter_speed&quot;:&quot;0&quot;,&quot;title&quot;:&quot;&quot;,&quot;orientation&quot;:&quot;0&quot;}\" data-image-title=\"trabajando-pilay-iza\" data-image-description=\"\" data-medium-file=\"https:\/\/i0.wp.com\/le-fort.org\/cocina\/wp-content\/uploads\/2016\/03\/trabajando-pilay-iza.jpg?fit=600%2C375&#038;ssl=1\" data-large-file=\"https:\/\/i0.wp.com\/le-fort.org\/cocina\/wp-content\/uploads\/2016\/03\/trabajando-pilay-iza.jpg?fit=960%2C600&#038;ssl=1\" src=\"https:\/\/i0.wp.com\/le-fort.org\/cocina\/wp-content\/uploads\/2016\/03\/trabajando-pilay-iza.jpg?w=445&#038;h=278&#038;ssl=1\" srcset=\"https:\/\/i0.wp.com\/le-fort.org\/cocina\/wp-content\/uploads\/2016\/03\/trabajando-pilay-iza.jpg?w=960&amp;ssl=1 960w, https:\/\/i0.wp.com\/le-fort.org\/cocina\/wp-content\/uploads\/2016\/03\/trabajando-pilay-iza.jpg?resize=600%2C375&amp;ssl=1 600w\" width=\"445\" height=\"278\" loading=\"lazy\" data-original-width=\"445\" data-original-height=\"278\" itemprop=\"http:\/\/schema.org\/image\" title=\"trabajando-pilay-iza\" alt=\"Clase 4: Pan integral\" style=\"width: 445px; height: 278px;\" \/> <\/a> <div class=\"tiled-gallery-caption\" itemprop=\"caption description\"> Clase 4: Pan integral <\/div> <\/div> <div class=\"tiled-gallery-item tiled-gallery-item-large\" itemprop=\"associatedMedia\" itemscope itemtype=\"http:\/\/schema.org\/ImageObject\"> <a href=\"https:\/\/le-fort.org\/cocina\/clases-de-panaderia-y-pasteleria-en-cadeate\/pan-leudando\/\" border=\"0\" itemprop=\"url\"> <meta itemprop=\"width\" content=\"445\"> <meta itemprop=\"height\" content=\"278\"> <img decoding=\"async\" class=\"\" data-attachment-id=\"7674\" data-orig-file=\"https:\/\/le-fort.org\/cocina\/wp-content\/uploads\/2016\/03\/pan-leudando.jpg\" data-orig-size=\"960,600\" data-comments-opened=\"\" data-image-meta=\"{&quot;aperture&quot;:&quot;0&quot;,&quot;credit&quot;:&quot;&quot;,&quot;camera&quot;:&quot;&quot;,&quot;caption&quot;:&quot;&quot;,&quot;created_timestamp&quot;:&quot;0&quot;,&quot;copyright&quot;:&quot;&quot;,&quot;focal_length&quot;:&quot;0&quot;,&quot;iso&quot;:&quot;0&quot;,&quot;shutter_speed&quot;:&quot;0&quot;,&quot;title&quot;:&quot;&quot;,&quot;orientation&quot;:&quot;0&quot;}\" data-image-title=\"pan-leudando\" data-image-description=\"\" data-medium-file=\"https:\/\/i0.wp.com\/le-fort.org\/cocina\/wp-content\/uploads\/2016\/03\/pan-leudando.jpg?fit=600%2C375&#038;ssl=1\" data-large-file=\"https:\/\/i0.wp.com\/le-fort.org\/cocina\/wp-content\/uploads\/2016\/03\/pan-leudando.jpg?fit=960%2C600&#038;ssl=1\" src=\"https:\/\/i0.wp.com\/le-fort.org\/cocina\/wp-content\/uploads\/2016\/03\/pan-leudando.jpg?w=445&#038;h=278&#038;ssl=1\" srcset=\"https:\/\/i0.wp.com\/le-fort.org\/cocina\/wp-content\/uploads\/2016\/03\/pan-leudando.jpg?w=960&amp;ssl=1 960w, https:\/\/i0.wp.com\/le-fort.org\/cocina\/wp-content\/uploads\/2016\/03\/pan-leudando.jpg?resize=600%2C375&amp;ssl=1 600w\" width=\"445\" height=\"278\" loading=\"lazy\" data-original-width=\"445\" data-original-height=\"278\" itemprop=\"http:\/\/schema.org\/image\" title=\"pan-leudando\" alt=\"pan-leudando\" style=\"width: 445px; height: 278px;\" \/> <\/a> <\/div> <\/div> <!-- close group --> <\/div> <!-- close row --> <div class=\"gallery-row\" style=\"width: 1200px; height: 377px;\" data-original-width=\"1200\" data-original-height=\"377\" > <div class=\"gallery-group images-1\" style=\"width: 600px; height: 377px;\" data-original-width=\"600\" data-original-height=\"377\" > <div class=\"tiled-gallery-item tiled-gallery-item-large\" itemprop=\"associatedMedia\" itemscope itemtype=\"http:\/\/schema.org\/ImageObject\"> <a href=\"https:\/\/le-fort.org\/cocina\/clases-de-panaderia-y-pasteleria-en-cadeate\/pan-campesino-detalle\/\" border=\"0\" itemprop=\"url\"> <meta itemprop=\"width\" content=\"596\"> <meta itemprop=\"height\" content=\"373\"> <img decoding=\"async\" class=\"\" data-attachment-id=\"7671\" data-orig-file=\"https:\/\/le-fort.org\/cocina\/wp-content\/uploads\/2016\/03\/pan-campesino-detalle.jpg\" data-orig-size=\"960,600\" data-comments-opened=\"\" data-image-meta=\"{&quot;aperture&quot;:&quot;0&quot;,&quot;credit&quot;:&quot;&quot;,&quot;camera&quot;:&quot;&quot;,&quot;caption&quot;:&quot;&quot;,&quot;created_timestamp&quot;:&quot;0&quot;,&quot;copyright&quot;:&quot;&quot;,&quot;focal_length&quot;:&quot;0&quot;,&quot;iso&quot;:&quot;0&quot;,&quot;shutter_speed&quot;:&quot;0&quot;,&quot;title&quot;:&quot;&quot;,&quot;orientation&quot;:&quot;0&quot;}\" data-image-title=\"pan-campesino-detalle\" data-image-description=\"\" data-medium-file=\"https:\/\/i0.wp.com\/le-fort.org\/cocina\/wp-content\/uploads\/2016\/03\/pan-campesino-detalle.jpg?fit=600%2C375&#038;ssl=1\" data-large-file=\"https:\/\/i0.wp.com\/le-fort.org\/cocina\/wp-content\/uploads\/2016\/03\/pan-campesino-detalle.jpg?fit=960%2C600&#038;ssl=1\" src=\"https:\/\/i0.wp.com\/le-fort.org\/cocina\/wp-content\/uploads\/2016\/03\/pan-campesino-detalle.jpg?w=596&#038;h=373&#038;ssl=1\" srcset=\"https:\/\/i0.wp.com\/le-fort.org\/cocina\/wp-content\/uploads\/2016\/03\/pan-campesino-detalle.jpg?w=960&amp;ssl=1 960w, https:\/\/i0.wp.com\/le-fort.org\/cocina\/wp-content\/uploads\/2016\/03\/pan-campesino-detalle.jpg?resize=600%2C375&amp;ssl=1 600w\" width=\"596\" height=\"373\" loading=\"lazy\" data-original-width=\"596\" data-original-height=\"373\" itemprop=\"http:\/\/schema.org\/image\" title=\"pan-campesino-detalle\" alt=\"Clase 4: Pan integral\" style=\"width: 596px; height: 373px;\" \/> <\/a> <div class=\"tiled-gallery-caption\" itemprop=\"caption description\"> Clase 4: Pan integral <\/div> <\/div> <\/div> <!-- close group --> <div class=\"gallery-group images-1\" style=\"width: 600px; height: 377px;\" data-original-width=\"600\" data-original-height=\"377\" > <div class=\"tiled-gallery-item tiled-gallery-item-large\" itemprop=\"associatedMedia\" itemscope itemtype=\"http:\/\/schema.org\/ImageObject\"> <a href=\"https:\/\/le-fort.org\/cocina\/clases-de-panaderia-y-pasteleria-en-cadeate\/asistentes-2\/\" border=\"0\" itemprop=\"url\"> <meta itemprop=\"width\" content=\"596\"> <meta itemprop=\"height\" content=\"373\"> <img decoding=\"async\" class=\"\" data-attachment-id=\"7672\" data-orig-file=\"https:\/\/le-fort.org\/cocina\/wp-content\/uploads\/2016\/03\/asistentes-2.jpg\" data-orig-size=\"960,600\" data-comments-opened=\"\" data-image-meta=\"{&quot;aperture&quot;:&quot;0&quot;,&quot;credit&quot;:&quot;&quot;,&quot;camera&quot;:&quot;&quot;,&quot;caption&quot;:&quot;&quot;,&quot;created_timestamp&quot;:&quot;0&quot;,&quot;copyright&quot;:&quot;&quot;,&quot;focal_length&quot;:&quot;0&quot;,&quot;iso&quot;:&quot;0&quot;,&quot;shutter_speed&quot;:&quot;0&quot;,&quot;title&quot;:&quot;&quot;,&quot;orientation&quot;:&quot;0&quot;}\" data-image-title=\"asistentes-2\" data-image-description=\"\" data-medium-file=\"https:\/\/i0.wp.com\/le-fort.org\/cocina\/wp-content\/uploads\/2016\/03\/asistentes-2.jpg?fit=600%2C375&#038;ssl=1\" data-large-file=\"https:\/\/i0.wp.com\/le-fort.org\/cocina\/wp-content\/uploads\/2016\/03\/asistentes-2.jpg?fit=960%2C600&#038;ssl=1\" src=\"https:\/\/i0.wp.com\/le-fort.org\/cocina\/wp-content\/uploads\/2016\/03\/asistentes-2.jpg?w=596&#038;h=373&#038;ssl=1\" srcset=\"https:\/\/i0.wp.com\/le-fort.org\/cocina\/wp-content\/uploads\/2016\/03\/asistentes-2.jpg?w=960&amp;ssl=1 960w, https:\/\/i0.wp.com\/le-fort.org\/cocina\/wp-content\/uploads\/2016\/03\/asistentes-2.jpg?resize=600%2C375&amp;ssl=1 600w\" width=\"596\" height=\"373\" loading=\"lazy\" data-original-width=\"596\" data-original-height=\"373\" itemprop=\"http:\/\/schema.org\/image\" title=\"asistentes-2\" alt=\"Clase 4: Pan integral\" style=\"width: 596px; height: 373px;\" \/> <\/a> <div class=\"tiled-gallery-caption\" itemprop=\"caption description\"> Clase 4: Pan integral <\/div> <\/div> <\/div> <!-- close group --> <\/div> <!-- close row --> <\/div>\n<p>Nos encant\u00f3 la experiencia. Nos encanta compartir lo que sabemos y tambi\u00e9n comer rico.<\/p>\n<figure id=\"attachment_7675\" aria-describedby=\"caption-attachment-7675\" style=\"width: 1280px\" class=\"wp-caption aligncenter\"><img data-recalc-dims=\"1\" loading=\"lazy\" decoding=\"async\" data-attachment-id=\"7675\" data-permalink=\"https:\/\/le-fort.org\/cocina\/clases-de-panaderia-y-pasteleria-en-cadeate\/cadeate\/\" data-orig-file=\"https:\/\/i0.wp.com\/le-fort.org\/cocina\/wp-content\/uploads\/2016\/03\/cadeate.jpg?fit=1280%2C839&amp;ssl=1\" data-orig-size=\"1280,839\" data-comments-opened=\"0\" data-image-meta=\"{&quot;aperture&quot;:&quot;0&quot;,&quot;credit&quot;:&quot;&quot;,&quot;camera&quot;:&quot;&quot;,&quot;caption&quot;:&quot;&quot;,&quot;created_timestamp&quot;:&quot;0&quot;,&quot;copyright&quot;:&quot;&quot;,&quot;focal_length&quot;:&quot;0&quot;,&quot;iso&quot;:&quot;0&quot;,&quot;shutter_speed&quot;:&quot;0&quot;,&quot;title&quot;:&quot;&quot;,&quot;orientation&quot;:&quot;0&quot;}\" data-image-title=\"cadeate\" data-image-description=\"\" data-image-caption=\"&lt;p&gt;Gracias Cadeate&lt;\/p&gt;\n\" data-large-file=\"https:\/\/i0.wp.com\/le-fort.org\/cocina\/wp-content\/uploads\/2016\/03\/cadeate.jpg?fit=1200%2C787&amp;ssl=1\" class=\"size-full wp-image-7675\" src=\"https:\/\/i0.wp.com\/www.le-fort.org\/wp-content\/uploads\/2016\/03\/cadeate.jpg?resize=1200%2C787&#038;ssl=1\" alt=\"Gracias Cadeate\" width=\"1200\" height=\"787\" srcset=\"https:\/\/i0.wp.com\/le-fort.org\/cocina\/wp-content\/uploads\/2016\/03\/cadeate.jpg?w=1280&amp;ssl=1 1280w, https:\/\/i0.wp.com\/le-fort.org\/cocina\/wp-content\/uploads\/2016\/03\/cadeate.jpg?resize=600%2C393&amp;ssl=1 600w\" sizes=\"auto, (max-width: 1200px) 100vw, 1200px\" \/><figcaption id=\"caption-attachment-7675\" class=\"wp-caption-text\">Gracias Cadeate<\/figcaption><\/figure>\n<p>[wp_ad_camp_4]<\/p>\n","protected":false},"excerpt":{"rendered":"<p>Tuvimos la oportunidad de participar en una capacitaci\u00f3n con clases de panader\u00eda y pasteler\u00eda en la comunidad de Cadeate, en Santa Elena, Ecuador como parte de la Asociaci\u00f3n de Chefs del Ecuador. \u00a0Fue una excelente experiencia que resume todo lo que nos gusta de compartir la comida.<\/p>\n","protected":false},"author":1,"featured_media":7656,"comment_status":"closed","ping_status":"closed","sticky":false,"template":"","format":"standard","meta":{"_jetpack_newsletter_access":"","_jetpack_dont_email_post_to_subs":false,"_jetpack_newsletter_tier_id":0,"_jetpack_memberships_contains_paywalled_content":false,"_jetpack_memberships_contains_paid_content":false,"footnotes":""},"categories":[251],"tags":[641,248,659],"class_list":["post-7655","post","type-post","status-publish","format-standard","has-post-thumbnail","hentry","category-educacion","tag-curso","tag-escuela-de-alta-cocina-arte-chef","tag-marell","entry","has-media"],"jetpack_featured_media_url":"https:\/\/i0.wp.com\/le-fort.org\/cocina\/wp-content\/uploads\/2016\/03\/cadeate-hd.jpg?fit=1200%2C400&ssl=1","jetpack_shortlink":"https:\/\/wp.me\/pghKer-1Zt","jetpack_sharing_enabled":true,"jetpack-related-posts":[{"id":11442,"url":"https:\/\/le-fort.org\/cocina\/clase-pizza-santa-elena\/","url_meta":{"origin":7655,"position":0},"title":"Clase de Pizza en Santa Elena","author":"Le-Fort.org","date":"17 de Enero, 2018","format":false,"excerpt":"Ya que estamos en Santa Elena, dictamos un breve curso de pizza. Amamos la pizza y amamos ense\u00f1ar. \u00bfQu\u00e9 mejor? Dictamos el curso como iniciativa de la Asociaci\u00f3n de Chefs del Ecuador en la Escuela de Alta Cocina Arte Chef. Tuvimos alrededor de 30 asistentes, desde Chefs hasta gente que\u2026","rel":"","context":"En &quot;Ecuador&quot;","block_context":{"text":"Ecuador","link":"https:\/\/le-fort.org\/cocina\/categoria\/ecuador\/"},"img":{"alt_text":"","src":"https:\/\/i0.wp.com\/le-fort.org\/cocina\/wp-content\/uploads\/2017\/01\/hawaiana-hd.jpg?fit=1200%2C400&ssl=1&resize=350%2C200","width":350,"height":200,"srcset":"https:\/\/i0.wp.com\/le-fort.org\/cocina\/wp-content\/uploads\/2017\/01\/hawaiana-hd.jpg?fit=1200%2C400&ssl=1&resize=350%2C200 1x, https:\/\/i0.wp.com\/le-fort.org\/cocina\/wp-content\/uploads\/2017\/01\/hawaiana-hd.jpg?fit=1200%2C400&ssl=1&resize=525%2C300 1.5x, https:\/\/i0.wp.com\/le-fort.org\/cocina\/wp-content\/uploads\/2017\/01\/hawaiana-hd.jpg?fit=1200%2C400&ssl=1&resize=700%2C400 2x, https:\/\/i0.wp.com\/le-fort.org\/cocina\/wp-content\/uploads\/2017\/01\/hawaiana-hd.jpg?fit=1200%2C400&ssl=1&resize=1050%2C600 3x"},"classes":[]},{"id":11355,"url":"https:\/\/le-fort.org\/cocina\/graduacion-chefs-santa-elena\/","url_meta":{"origin":7655,"position":1},"title":"Graduaci\u00f3n en Santa Elena","author":"Le-Fort.org","date":"13 de Enero, 2018","format":false,"excerpt":"Tuvimos la alegr\u00eda de representar a la Asociaci\u00f3n de Chefs del Ecuador en la graduaci\u00f3n de la cuarta generaci\u00f3n de Chefs de Partida de la Escuela de Alta Cocina Arte Chef\u00a0en Salinas, Santa Elena. Este evento fue particularmente significativo para nosotros, porque aqu\u00ed fue donde estudiamos y obtuvimos nuestras primeras\u2026","rel":"","context":"En &quot;Educaci\u00f3n&quot;","block_context":{"text":"Educaci\u00f3n","link":"https:\/\/le-fort.org\/cocina\/categoria\/educacion\/"},"img":{"alt_text":"","src":"https:\/\/i0.wp.com\/le-fort.org\/cocina\/wp-content\/uploads\/2018\/01\/graduacion-hd.jpg?fit=1200%2C400&ssl=1&resize=350%2C200","width":350,"height":200,"srcset":"https:\/\/i0.wp.com\/le-fort.org\/cocina\/wp-content\/uploads\/2018\/01\/graduacion-hd.jpg?fit=1200%2C400&ssl=1&resize=350%2C200 1x, https:\/\/i0.wp.com\/le-fort.org\/cocina\/wp-content\/uploads\/2018\/01\/graduacion-hd.jpg?fit=1200%2C400&ssl=1&resize=525%2C300 1.5x, https:\/\/i0.wp.com\/le-fort.org\/cocina\/wp-content\/uploads\/2018\/01\/graduacion-hd.jpg?fit=1200%2C400&ssl=1&resize=700%2C400 2x, https:\/\/i0.wp.com\/le-fort.org\/cocina\/wp-content\/uploads\/2018\/01\/graduacion-hd.jpg?fit=1200%2C400&ssl=1&resize=1050%2C600 3x"},"classes":[]},{"id":11170,"url":"https:\/\/le-fort.org\/cocina\/sanduches-de-america-del-sur\/","url_meta":{"origin":7655,"position":2},"title":"S\u00e1nduches de Am\u00e9rica del Sur","author":"Maestro Sanguchero","date":"20 de Mayo, 2016","format":false,"excerpt":"S\u00e1nduches de Am\u00e9rica del Sur en La Libertad, Santa Elena.","rel":"","context":"En &quot;Educaci\u00f3n&quot;","block_context":{"text":"Educaci\u00f3n","link":"https:\/\/le-fort.org\/cocina\/categoria\/educacion\/"},"img":{"alt_text":"","src":"https:\/\/i0.wp.com\/le-fort.org\/cocina\/wp-content\/uploads\/2016\/05\/as-luco-hd.jpg?fit=1200%2C400&ssl=1&resize=350%2C200","width":350,"height":200,"srcset":"https:\/\/i0.wp.com\/le-fort.org\/cocina\/wp-content\/uploads\/2016\/05\/as-luco-hd.jpg?fit=1200%2C400&ssl=1&resize=350%2C200 1x, https:\/\/i0.wp.com\/le-fort.org\/cocina\/wp-content\/uploads\/2016\/05\/as-luco-hd.jpg?fit=1200%2C400&ssl=1&resize=525%2C300 1.5x, https:\/\/i0.wp.com\/le-fort.org\/cocina\/wp-content\/uploads\/2016\/05\/as-luco-hd.jpg?fit=1200%2C400&ssl=1&resize=700%2C400 2x, https:\/\/i0.wp.com\/le-fort.org\/cocina\/wp-content\/uploads\/2016\/05\/as-luco-hd.jpg?fit=1200%2C400&ssl=1&resize=1050%2C600 3x"},"classes":[]},{"id":10429,"url":"https:\/\/le-fort.org\/cocina\/curso-formador-formadores\/","url_meta":{"origin":7655,"position":3},"title":"Curso Formador de Formadores","author":"Le-Fort.org","date":"28 de Enero, 2017","format":false,"excerpt":"El curso Formador de formadores es un primer paso para la profesionalizaci\u00f3n de los instructores en gastronom\u00eda en Ecuador.","rel":"","context":"En &quot;Educaci\u00f3n&quot;","block_context":{"text":"Educaci\u00f3n","link":"https:\/\/le-fort.org\/cocina\/categoria\/educacion\/"},"img":{"alt_text":"","src":"https:\/\/i0.wp.com\/le-fort.org\/cocina\/wp-content\/uploads\/2017\/12\/formadores-hd.jpg?fit=1200%2C400&ssl=1&resize=350%2C200","width":350,"height":200,"srcset":"https:\/\/i0.wp.com\/le-fort.org\/cocina\/wp-content\/uploads\/2017\/12\/formadores-hd.jpg?fit=1200%2C400&ssl=1&resize=350%2C200 1x, https:\/\/i0.wp.com\/le-fort.org\/cocina\/wp-content\/uploads\/2017\/12\/formadores-hd.jpg?fit=1200%2C400&ssl=1&resize=525%2C300 1.5x, https:\/\/i0.wp.com\/le-fort.org\/cocina\/wp-content\/uploads\/2017\/12\/formadores-hd.jpg?fit=1200%2C400&ssl=1&resize=700%2C400 2x, https:\/\/i0.wp.com\/le-fort.org\/cocina\/wp-content\/uploads\/2017\/12\/formadores-hd.jpg?fit=1200%2C400&ssl=1&resize=1050%2C600 3x"},"classes":[]},{"id":14468,"url":"https:\/\/le-fort.org\/cocina\/graduacion-de-chefs-panaderos-pasteleros\/","url_meta":{"origin":7655,"position":4},"title":"Graduaci\u00f3n de chefs panaderos pasteleros","author":"Le-Fort.org","date":"29 de Septiembre, 2019","format":false,"excerpt":"Graduaci\u00f3n de Emi Sweet Pastry Academy en Azuay.","rel":"","context":"En &quot;Educaci\u00f3n&quot;","block_context":{"text":"Educaci\u00f3n","link":"https:\/\/le-fort.org\/cocina\/categoria\/educacion\/"},"img":{"alt_text":"","src":"https:\/\/i0.wp.com\/le-fort.org\/cocina\/wp-content\/uploads\/2017\/03\/dobos-hd.jpg?fit=1200%2C400&ssl=1&resize=350%2C200","width":350,"height":200,"srcset":"https:\/\/i0.wp.com\/le-fort.org\/cocina\/wp-content\/uploads\/2017\/03\/dobos-hd.jpg?fit=1200%2C400&ssl=1&resize=350%2C200 1x, https:\/\/i0.wp.com\/le-fort.org\/cocina\/wp-content\/uploads\/2017\/03\/dobos-hd.jpg?fit=1200%2C400&ssl=1&resize=525%2C300 1.5x, https:\/\/i0.wp.com\/le-fort.org\/cocina\/wp-content\/uploads\/2017\/03\/dobos-hd.jpg?fit=1200%2C400&ssl=1&resize=700%2C400 2x, https:\/\/i0.wp.com\/le-fort.org\/cocina\/wp-content\/uploads\/2017\/03\/dobos-hd.jpg?fit=1200%2C400&ssl=1&resize=1050%2C600 3x"},"classes":[]},{"id":16446,"url":"https:\/\/le-fort.org\/cocina\/panaderia-en-portoviejo\/","url_meta":{"origin":7655,"position":5},"title":"Panader\u00eda en Portoviejo","author":"Le-Fort.org","date":"18 de Marzo, 2022","format":false,"excerpt":"Con las manos en la masa en Manab\u00ed","rel":"","context":"En &quot;Educaci\u00f3n&quot;","block_context":{"text":"Educaci\u00f3n","link":"https:\/\/le-fort.org\/cocina\/categoria\/educacion\/"},"img":{"alt_text":"","src":"https:\/\/i0.wp.com\/le-fort.org\/cocina\/wp-content\/uploads\/2022\/03\/panaderia-portoviejo-hd.jpg?fit=1200%2C400&ssl=1&resize=350%2C200","width":350,"height":200,"srcset":"https:\/\/i0.wp.com\/le-fort.org\/cocina\/wp-content\/uploads\/2022\/03\/panaderia-portoviejo-hd.jpg?fit=1200%2C400&ssl=1&resize=350%2C200 1x, https:\/\/i0.wp.com\/le-fort.org\/cocina\/wp-content\/uploads\/2022\/03\/panaderia-portoviejo-hd.jpg?fit=1200%2C400&ssl=1&resize=525%2C300 1.5x, https:\/\/i0.wp.com\/le-fort.org\/cocina\/wp-content\/uploads\/2022\/03\/panaderia-portoviejo-hd.jpg?fit=1200%2C400&ssl=1&resize=700%2C400 2x, https:\/\/i0.wp.com\/le-fort.org\/cocina\/wp-content\/uploads\/2022\/03\/panaderia-portoviejo-hd.jpg?fit=1200%2C400&ssl=1&resize=1050%2C600 3x"},"classes":[]}],"_links":{"self":[{"href":"https:\/\/le-fort.org\/cocina\/wp-json\/wp\/v2\/posts\/7655","targetHints":{"allow":["GET"]}}],"collection":[{"href":"https:\/\/le-fort.org\/cocina\/wp-json\/wp\/v2\/posts"}],"about":[{"href":"https:\/\/le-fort.org\/cocina\/wp-json\/wp\/v2\/types\/post"}],"author":[{"embeddable":true,"href":"https:\/\/le-fort.org\/cocina\/wp-json\/wp\/v2\/users\/1"}],"replies":[{"embeddable":true,"href":"https:\/\/le-fort.org\/cocina\/wp-json\/wp\/v2\/comments?post=7655"}],"version-history":[{"count":5,"href":"https:\/\/le-fort.org\/cocina\/wp-json\/wp\/v2\/posts\/7655\/revisions"}],"predecessor-version":[{"id":16251,"href":"https:\/\/le-fort.org\/cocina\/wp-json\/wp\/v2\/posts\/7655\/revisions\/16251"}],"wp:featuredmedia":[{"embeddable":true,"href":"https:\/\/le-fort.org\/cocina\/wp-json\/wp\/v2\/media\/7656"}],"wp:attachment":[{"href":"https:\/\/le-fort.org\/cocina\/wp-json\/wp\/v2\/media?parent=7655"}],"wp:term":[{"taxonomy":"category","embeddable":true,"href":"https:\/\/le-fort.org\/cocina\/wp-json\/wp\/v2\/categories?post=7655"},{"taxonomy":"post_tag","embeddable":true,"href":"https:\/\/le-fort.org\/cocina\/wp-json\/wp\/v2\/tags?post=7655"}],"curies":[{"name":"wp","href":"https:\/\/api.w.org\/{rel}","templated":true}]}}