{"id":7693,"date":"2016-03-22T12:06:02","date_gmt":"2016-03-22T17:06:02","guid":{"rendered":"http:\/\/www.loquecomemos.com\/?p=7693"},"modified":"2022-01-05T09:55:07","modified_gmt":"2022-01-05T14:55:07","slug":"natural-coffee-excelente-cafe-la-libertad","status":"publish","type":"post","link":"https:\/\/le-fort.org\/cocina\/natural-coffee-excelente-cafe-la-libertad\/","title":{"rendered":"Natural Coffee &#8211; Excelente Caf\u00e9 en La Libertad"},"content":{"rendered":"<p>El otro d\u00eda pasamos frente a una cafeter\u00eda nueva en La Libertad, se llama <em>Natural Coffee<\/em>, y como por supuesto somos fan\u00e1ticos del caf\u00e9, entramos.<!--more--><\/p>\n<p>Primer punto bueno: El letrero sobre la entrada que resume nuestros pensamientos al respecto.<\/p>\n<figure id=\"attachment_7694\" aria-describedby=\"caption-attachment-7694\" style=\"width: 1200px\" class=\"wp-caption aligncenter\"><img data-recalc-dims=\"1\" loading=\"lazy\" decoding=\"async\" data-attachment-id=\"7694\" data-permalink=\"https:\/\/le-fort.org\/cocina\/natural-coffee-excelente-cafe-la-libertad\/cafe\/\" data-orig-file=\"https:\/\/i0.wp.com\/le-fort.org\/cocina\/wp-content\/uploads\/2016\/03\/cafe.jpg?fit=1200%2C400&amp;ssl=1\" data-orig-size=\"1200,400\" data-comments-opened=\"0\" data-image-meta=\"{&quot;aperture&quot;:&quot;0&quot;,&quot;credit&quot;:&quot;&quot;,&quot;camera&quot;:&quot;&quot;,&quot;caption&quot;:&quot;&quot;,&quot;created_timestamp&quot;:&quot;0&quot;,&quot;copyright&quot;:&quot;&quot;,&quot;focal_length&quot;:&quot;0&quot;,&quot;iso&quot;:&quot;0&quot;,&quot;shutter_speed&quot;:&quot;0&quot;,&quot;title&quot;:&quot;&quot;,&quot;orientation&quot;:&quot;0&quot;}\" data-image-title=\"cafe\" data-image-description=\"\" data-image-caption=\"&lt;p&gt;Sabias palabras&lt;\/p&gt;\n\" data-large-file=\"https:\/\/i0.wp.com\/le-fort.org\/cocina\/wp-content\/uploads\/2016\/03\/cafe.jpg?fit=1200%2C400&amp;ssl=1\" class=\"size-full wp-image-7694\" src=\"https:\/\/i0.wp.com\/www.le-fort.org\/wp-content\/uploads\/2016\/03\/cafe.jpg?resize=1200%2C400&#038;ssl=1\" alt=\"Sabias palabras\" width=\"1200\" height=\"400\" srcset=\"https:\/\/i0.wp.com\/le-fort.org\/cocina\/wp-content\/uploads\/2016\/03\/cafe.jpg?w=1200&amp;ssl=1 1200w, https:\/\/i0.wp.com\/le-fort.org\/cocina\/wp-content\/uploads\/2016\/03\/cafe.jpg?resize=600%2C200&amp;ssl=1 600w\" sizes=\"auto, (max-width: 1200px) 100vw, 1200px\" \/><figcaption id=\"caption-attachment-7694\" class=\"wp-caption-text\">Sabias palabras<\/figcaption><\/figure>\n<p>[wp_ad_camp_1]<\/p>\n<p>Se ofrece el caf\u00e9 del d\u00eda con una descripci\u00f3n en una pizarra (primera vez que vemos eso aqu\u00ed en la Pen\u00ednsula. Lo vimos nuevamente poco despu\u00e9s en el Caf\u00e9 con Aroma de Mujer en La Libertad, tambi\u00e9n).<\/p>\n<figure id=\"attachment_7699\" aria-describedby=\"caption-attachment-7699\" style=\"width: 960px\" class=\"wp-caption aligncenter\"><img data-recalc-dims=\"1\" loading=\"lazy\" decoding=\"async\" data-attachment-id=\"7699\" data-permalink=\"https:\/\/le-fort.org\/cocina\/natural-coffee-excelente-cafe-la-libertad\/meson\/\" data-orig-file=\"https:\/\/i0.wp.com\/le-fort.org\/cocina\/wp-content\/uploads\/2016\/03\/meson.jpg?fit=960%2C600&amp;ssl=1\" data-orig-size=\"960,600\" data-comments-opened=\"0\" data-image-meta=\"{&quot;aperture&quot;:&quot;0&quot;,&quot;credit&quot;:&quot;&quot;,&quot;camera&quot;:&quot;&quot;,&quot;caption&quot;:&quot;&quot;,&quot;created_timestamp&quot;:&quot;0&quot;,&quot;copyright&quot;:&quot;&quot;,&quot;focal_length&quot;:&quot;0&quot;,&quot;iso&quot;:&quot;0&quot;,&quot;shutter_speed&quot;:&quot;0&quot;,&quot;title&quot;:&quot;&quot;,&quot;orientation&quot;:&quot;0&quot;}\" data-image-title=\"meson\" data-image-description=\"\" data-image-caption=\"&lt;p&gt;La oferta de la cafeter\u00eda.&lt;\/p&gt;\n\" data-large-file=\"https:\/\/i0.wp.com\/le-fort.org\/cocina\/wp-content\/uploads\/2016\/03\/meson.jpg?fit=960%2C600&amp;ssl=1\" class=\"size-full wp-image-7699\" src=\"https:\/\/i0.wp.com\/www.le-fort.org\/wp-content\/uploads\/2016\/03\/meson.jpg?resize=960%2C600&#038;ssl=1\" alt=\"La oferta de la cafeter\u00eda.\" width=\"960\" height=\"600\" srcset=\"https:\/\/i0.wp.com\/le-fort.org\/cocina\/wp-content\/uploads\/2016\/03\/meson.jpg?w=960&amp;ssl=1 960w, https:\/\/i0.wp.com\/le-fort.org\/cocina\/wp-content\/uploads\/2016\/03\/meson.jpg?resize=600%2C375&amp;ssl=1 600w\" sizes=\"auto, (max-width: 960px) 100vw, 960px\" \/><figcaption id=\"caption-attachment-7699\" class=\"wp-caption-text\">La oferta de la cafeter\u00eda.<\/figcaption><\/figure>\n<p>Las veces que hemos ido hemos tomado muy buen caf\u00e9, de distintas variedades, y algo hemos comido tambi\u00e9n de su oferta de pasteler\u00eda, que ha sido buena.<\/p>\n<figure id=\"attachment_7702\" aria-describedby=\"caption-attachment-7702\" style=\"width: 960px\" class=\"wp-caption aligncenter\"><img data-recalc-dims=\"1\" loading=\"lazy\" decoding=\"async\" data-attachment-id=\"7702\" data-permalink=\"https:\/\/le-fort.org\/cocina\/natural-coffee-excelente-cafe-la-libertad\/cafe-punta-del-mar-2\/\" data-orig-file=\"https:\/\/i0.wp.com\/le-fort.org\/cocina\/wp-content\/uploads\/2016\/03\/cafe-punta-del-mar-2.jpg?fit=960%2C600&amp;ssl=1\" data-orig-size=\"960,600\" data-comments-opened=\"0\" data-image-meta=\"{&quot;aperture&quot;:&quot;0&quot;,&quot;credit&quot;:&quot;&quot;,&quot;camera&quot;:&quot;&quot;,&quot;caption&quot;:&quot;&quot;,&quot;created_timestamp&quot;:&quot;0&quot;,&quot;copyright&quot;:&quot;&quot;,&quot;focal_length&quot;:&quot;0&quot;,&quot;iso&quot;:&quot;0&quot;,&quot;shutter_speed&quot;:&quot;0&quot;,&quot;title&quot;:&quot;&quot;,&quot;orientation&quot;:&quot;0&quot;}\" data-image-title=\"cafe-punta-del-mar-2\" data-image-description=\"\" data-image-caption=\"&lt;p&gt;Interesante oferta de pasteler\u00eda en Natural Coffee&lt;\/p&gt;\n\" data-large-file=\"https:\/\/i0.wp.com\/le-fort.org\/cocina\/wp-content\/uploads\/2016\/03\/cafe-punta-del-mar-2.jpg?fit=960%2C600&amp;ssl=1\" class=\"size-full wp-image-7702\" src=\"https:\/\/i0.wp.com\/www.le-fort.org\/wp-content\/uploads\/2016\/03\/cafe-punta-del-mar-2.jpg?resize=960%2C600&#038;ssl=1\" alt=\"Interesante oferta de pasteler\u00eda en Natural Coffee\" width=\"960\" height=\"600\" srcset=\"https:\/\/i0.wp.com\/le-fort.org\/cocina\/wp-content\/uploads\/2016\/03\/cafe-punta-del-mar-2.jpg?w=960&amp;ssl=1 960w, https:\/\/i0.wp.com\/le-fort.org\/cocina\/wp-content\/uploads\/2016\/03\/cafe-punta-del-mar-2.jpg?resize=600%2C375&amp;ssl=1 600w\" sizes=\"auto, (max-width: 960px) 100vw, 960px\" \/><figcaption id=\"caption-attachment-7702\" class=\"wp-caption-text\">Interesante oferta de pasteler\u00eda en Natural Coffee<\/figcaption><\/figure>\n<p>Finalmente, lo que es al menos tan importante como lo anterior, la atenci\u00f3n es excelente: c\u00e1lida, amable pero no intrusiva.<\/p>\n<p>Tambi\u00e9n tienen unos helados de yogurt que est\u00e1n muy buenos.<\/p>\n<figure id=\"attachment_7697\" aria-describedby=\"caption-attachment-7697\" style=\"width: 960px\" class=\"wp-caption aligncenter\"><img data-recalc-dims=\"1\" loading=\"lazy\" decoding=\"async\" data-attachment-id=\"7697\" data-permalink=\"https:\/\/le-fort.org\/cocina\/natural-coffee-excelente-cafe-la-libertad\/toppings-2\/\" data-orig-file=\"https:\/\/i0.wp.com\/le-fort.org\/cocina\/wp-content\/uploads\/2016\/03\/toppings-2.jpg?fit=960%2C600&amp;ssl=1\" data-orig-size=\"960,600\" data-comments-opened=\"0\" data-image-meta=\"{&quot;aperture&quot;:&quot;0&quot;,&quot;credit&quot;:&quot;&quot;,&quot;camera&quot;:&quot;&quot;,&quot;caption&quot;:&quot;&quot;,&quot;created_timestamp&quot;:&quot;0&quot;,&quot;copyright&quot;:&quot;&quot;,&quot;focal_length&quot;:&quot;0&quot;,&quot;iso&quot;:&quot;0&quot;,&quot;shutter_speed&quot;:&quot;0&quot;,&quot;title&quot;:&quot;&quot;,&quot;orientation&quot;:&quot;0&quot;}\" data-image-title=\"toppings-2\" data-image-description=\"\" data-image-caption=\"&lt;p&gt;Tambi\u00e9n hay helados de yogurt con toppings varios.&lt;\/p&gt;\n\" data-large-file=\"https:\/\/i0.wp.com\/le-fort.org\/cocina\/wp-content\/uploads\/2016\/03\/toppings-2.jpg?fit=960%2C600&amp;ssl=1\" class=\"size-full wp-image-7697\" src=\"https:\/\/i0.wp.com\/www.le-fort.org\/wp-content\/uploads\/2016\/03\/toppings-2.jpg?resize=960%2C600&#038;ssl=1\" alt=\"Tambi\u00e9n hay helados de yogurt con toppings varios.\" width=\"960\" height=\"600\" srcset=\"https:\/\/i0.wp.com\/le-fort.org\/cocina\/wp-content\/uploads\/2016\/03\/toppings-2.jpg?w=960&amp;ssl=1 960w, https:\/\/i0.wp.com\/le-fort.org\/cocina\/wp-content\/uploads\/2016\/03\/toppings-2.jpg?resize=600%2C375&amp;ssl=1 600w\" sizes=\"auto, (max-width: 960px) 100vw, 960px\" \/><figcaption id=\"caption-attachment-7697\" class=\"wp-caption-text\">Helados de yogurt con toppings varios.<\/figcaption><\/figure>\n<p>Hemos ido varias veces, y ha sido consistentemente bueno. Tambi\u00e9n ha sido bueno ver que la cafeter\u00eda tiene movimiento, lo que quiere decir que no somos los \u00fanicos.<\/p>\n<p>Se recomienda el lugar.<\/p>\n<p>[wp_ad_camp_4]<\/p>\n<figure id=\"attachment_7701\" aria-describedby=\"caption-attachment-7701\" style=\"width: 474px\" class=\"wp-caption aligncenter\"><img data-recalc-dims=\"1\" loading=\"lazy\" decoding=\"async\" data-attachment-id=\"7701\" data-permalink=\"https:\/\/le-fort.org\/cocina\/natural-coffee-excelente-cafe-la-libertad\/cafe-punta-del-mar\/\" data-orig-file=\"https:\/\/i0.wp.com\/le-fort.org\/cocina\/wp-content\/uploads\/2016\/03\/cafe-punta-del-mar.jpg?fit=600%2C960&amp;ssl=1\" data-orig-size=\"600,960\" data-comments-opened=\"0\" data-image-meta=\"{&quot;aperture&quot;:&quot;0&quot;,&quot;credit&quot;:&quot;&quot;,&quot;camera&quot;:&quot;&quot;,&quot;caption&quot;:&quot;&quot;,&quot;created_timestamp&quot;:&quot;0&quot;,&quot;copyright&quot;:&quot;&quot;,&quot;focal_length&quot;:&quot;0&quot;,&quot;iso&quot;:&quot;0&quot;,&quot;shutter_speed&quot;:&quot;0&quot;,&quot;title&quot;:&quot;&quot;,&quot;orientation&quot;:&quot;0&quot;}\" data-image-title=\"cafe-punta-del-mar\" data-image-description=\"\" data-image-caption=\"&lt;p&gt;Este nos encanta.&lt;\/p&gt;\n\" data-large-file=\"https:\/\/i0.wp.com\/le-fort.org\/cocina\/wp-content\/uploads\/2016\/03\/cafe-punta-del-mar.jpg?fit=600%2C960&amp;ssl=1\" class=\"wp-image-7701 size-large\" src=\"https:\/\/i0.wp.com\/www.le-fort.org\/wp-content\/uploads\/2016\/03\/cafe-punta-del-mar-600x960.jpg?resize=474%2C758&#038;ssl=1\" alt=\"Este nos encanta.\" width=\"474\" height=\"758\" srcset=\"https:\/\/i0.wp.com\/le-fort.org\/cocina\/wp-content\/uploads\/2016\/03\/cafe-punta-del-mar.jpg?w=600&amp;ssl=1 600w, https:\/\/i0.wp.com\/le-fort.org\/cocina\/wp-content\/uploads\/2016\/03\/cafe-punta-del-mar.jpg?resize=375%2C600&amp;ssl=1 375w\" sizes=\"auto, (max-width: 474px) 100vw, 474px\" \/><figcaption id=\"caption-attachment-7701\" class=\"wp-caption-text\">Este nos encanta.<\/figcaption><\/figure>\n","protected":false},"excerpt":{"rendered":"<p>El otro d\u00eda pasamos frente a una cafeter\u00eda nueva en La Libertad, se llama Natural Coffee, y como por supuesto somos fan\u00e1ticos del caf\u00e9, entramos.<\/p>\n","protected":false},"author":1,"featured_media":7695,"comment_status":"closed","ping_status":"closed","sticky":false,"template":"","format":"standard","meta":{"_jetpack_newsletter_access":"","_jetpack_dont_email_post_to_subs":false,"_jetpack_newsletter_tier_id":0,"_jetpack_memberships_contains_paywalled_content":false,"_jetpack_memberships_contains_paid_content":false,"footnotes":""},"categories":[8],"tags":[189,638,338,639],"class_list":["post-7693","post","type-post","status-publish","format-standard","has-post-thumbnail","hentry","category-locales","tag-cafe","tag-la-libertad","tag-pasteleria","tag-santa-elena","entry","has-media"],"jetpack_featured_media_url":"https:\/\/i0.wp.com\/le-fort.org\/cocina\/wp-content\/uploads\/2016\/03\/natural-coffee-hd.jpg?fit=1200%2C400&ssl=1","jetpack_shortlink":"https:\/\/wp.me\/pghKer-205","jetpack_sharing_enabled":true,"jetpack-related-posts":[{"id":5458,"url":"https:\/\/le-fort.org\/cocina\/el-patacon-pisao-puerto-lopez\/","url_meta":{"origin":7693,"position":0},"title":"El Patac\u00f3n Pisa&#8217;o \u2013 Puerto L\u00f3pez","author":"Le-Fort.org","date":"11 de Mayo, 2014","format":false,"excerpt":"Cafeter\u00eda El Patac\u00f3n Pisa'o en Puerto L\u00f3pez, Manab\u00ed, Ecuador. Muy recomendable. Nos encant\u00f3 el caf\u00e9, lo que no es menor, y tienen un patac\u00f3n pisa'o notable.","rel":"","context":"En &quot;Locales&quot;","block_context":{"text":"Locales","link":"https:\/\/le-fort.org\/cocina\/categoria\/locales\/"},"img":{"alt_text":"","src":"https:\/\/i0.wp.com\/le-fort.org\/cocina\/wp-content\/uploads\/2014\/05\/patacon-pisao-hd.jpg?fit=1200%2C400&ssl=1&resize=350%2C200","width":350,"height":200,"srcset":"https:\/\/i0.wp.com\/le-fort.org\/cocina\/wp-content\/uploads\/2014\/05\/patacon-pisao-hd.jpg?fit=1200%2C400&ssl=1&resize=350%2C200 1x, https:\/\/i0.wp.com\/le-fort.org\/cocina\/wp-content\/uploads\/2014\/05\/patacon-pisao-hd.jpg?fit=1200%2C400&ssl=1&resize=525%2C300 1.5x, https:\/\/i0.wp.com\/le-fort.org\/cocina\/wp-content\/uploads\/2014\/05\/patacon-pisao-hd.jpg?fit=1200%2C400&ssl=1&resize=700%2C400 2x, https:\/\/i0.wp.com\/le-fort.org\/cocina\/wp-content\/uploads\/2014\/05\/patacon-pisao-hd.jpg?fit=1200%2C400&ssl=1&resize=1050%2C600 3x"},"classes":[]},{"id":664,"url":"https:\/\/le-fort.org\/cocina\/sanduche-de-chancho\/","url_meta":{"origin":7693,"position":1},"title":"S\u00e1nduche de Chancho","author":"Maestro Sanguchero","date":"16 de Marzo, 2013","format":false,"excerpt":"El s\u00e1nduche de chancho ecuatoriano es un s\u00e1nduche t\u00edpico y excelente. En su versi\u00f3n m\u00e1s simple consiste en chancho hornado y cebolla encurtida.","rel":"","context":"En &quot;Cerdo&quot;","block_context":{"text":"Cerdo","link":"https:\/\/le-fort.org\/cocina\/categoria\/cerdo\/"},"img":{"alt_text":"","src":"https:\/\/i0.wp.com\/le-fort.org\/cocina\/wp-content\/uploads\/2013\/06\/sanduche-hd.jpg?fit=700%2C350&ssl=1&resize=350%2C200","width":350,"height":200,"srcset":"https:\/\/i0.wp.com\/le-fort.org\/cocina\/wp-content\/uploads\/2013\/06\/sanduche-hd.jpg?fit=700%2C350&ssl=1&resize=350%2C200 1x, https:\/\/i0.wp.com\/le-fort.org\/cocina\/wp-content\/uploads\/2013\/06\/sanduche-hd.jpg?fit=700%2C350&ssl=1&resize=525%2C300 1.5x, https:\/\/i0.wp.com\/le-fort.org\/cocina\/wp-content\/uploads\/2013\/06\/sanduche-hd.jpg?fit=700%2C350&ssl=1&resize=700%2C400 2x"},"classes":[]},{"id":4967,"url":"https:\/\/le-fort.org\/cocina\/cafe-con-mantequilla\/","url_meta":{"origin":7693,"position":2},"title":"Caf\u00e9 con Mantequilla","author":"Le-Fort.org","date":"15 de Octubre, 2013","format":false,"excerpt":"Caf\u00e9 con mantequilla. M\u00e1s rico de lo que suena.","rel":"","context":"En &quot;Brebajes&quot;","block_context":{"text":"Brebajes","link":"https:\/\/le-fort.org\/cocina\/categoria\/brebajes\/"},"img":{"alt_text":"","src":"https:\/\/i0.wp.com\/le-fort.org\/cocina\/wp-content\/uploads\/2013\/10\/cafe-mantequilla-hd.jpg?fit=1024%2C320&ssl=1&resize=350%2C200","width":350,"height":200,"srcset":"https:\/\/i0.wp.com\/le-fort.org\/cocina\/wp-content\/uploads\/2013\/10\/cafe-mantequilla-hd.jpg?fit=1024%2C320&ssl=1&resize=350%2C200 1x, https:\/\/i0.wp.com\/le-fort.org\/cocina\/wp-content\/uploads\/2013\/10\/cafe-mantequilla-hd.jpg?fit=1024%2C320&ssl=1&resize=525%2C300 1.5x, https:\/\/i0.wp.com\/le-fort.org\/cocina\/wp-content\/uploads\/2013\/10\/cafe-mantequilla-hd.jpg?fit=1024%2C320&ssl=1&resize=700%2C400 2x"},"classes":[]},{"id":5592,"url":"https:\/\/le-fort.org\/cocina\/trocitos-de-cafe-cubiertos-de-chocolate-de-republica-del-cacao\/","url_meta":{"origin":7693,"position":3},"title":"Trocitos de Caf\u00e9 Cubiertos de Chocolate de Rep\u00fablica del Cacao.","author":"Le-Fort.org","date":"16 de Agosto, 2014","format":false,"excerpt":"Trocitos de granos de caf\u00e9 cubiertos de chocolate de Rep\u00fablica del Cacao","rel":"","context":"En &quot;Chocolate&quot;","block_context":{"text":"Chocolate","link":"https:\/\/le-fort.org\/cocina\/categoria\/chocolate\/"},"img":{"alt_text":"","src":"https:\/\/i0.wp.com\/le-fort.org\/cocina\/wp-content\/uploads\/2014\/08\/nibs-hd.jpg?fit=1200%2C400&ssl=1&resize=350%2C200","width":350,"height":200,"srcset":"https:\/\/i0.wp.com\/le-fort.org\/cocina\/wp-content\/uploads\/2014\/08\/nibs-hd.jpg?fit=1200%2C400&ssl=1&resize=350%2C200 1x, https:\/\/i0.wp.com\/le-fort.org\/cocina\/wp-content\/uploads\/2014\/08\/nibs-hd.jpg?fit=1200%2C400&ssl=1&resize=525%2C300 1.5x, https:\/\/i0.wp.com\/le-fort.org\/cocina\/wp-content\/uploads\/2014\/08\/nibs-hd.jpg?fit=1200%2C400&ssl=1&resize=700%2C400 2x, https:\/\/i0.wp.com\/le-fort.org\/cocina\/wp-content\/uploads\/2014\/08\/nibs-hd.jpg?fit=1200%2C400&ssl=1&resize=1050%2C600 3x"},"classes":[]},{"id":8307,"url":"https:\/\/le-fort.org\/cocina\/chuchurranga\/","url_meta":{"origin":7693,"position":4},"title":"La Chuchurranga: Justa Fama","author":"Le-Fort.org","date":"4 de Julio, 2016","format":false,"excerpt":"La Chuchurranga es un restaurante (o una hueca, si prefieres) que queda en La Libertad, que se enorgullece de su patrimonio afroamericano esmeralde\u00f1o.","rel":"","context":"En &quot;Ecuador&quot;","block_context":{"text":"Ecuador","link":"https:\/\/le-fort.org\/cocina\/categoria\/ecuador\/"},"img":{"alt_text":"","src":"https:\/\/i0.wp.com\/le-fort.org\/cocina\/wp-content\/uploads\/2016\/07\/chuchurranga-hd.jpg?fit=1200%2C400&ssl=1&resize=350%2C200","width":350,"height":200,"srcset":"https:\/\/i0.wp.com\/le-fort.org\/cocina\/wp-content\/uploads\/2016\/07\/chuchurranga-hd.jpg?fit=1200%2C400&ssl=1&resize=350%2C200 1x, https:\/\/i0.wp.com\/le-fort.org\/cocina\/wp-content\/uploads\/2016\/07\/chuchurranga-hd.jpg?fit=1200%2C400&ssl=1&resize=525%2C300 1.5x, https:\/\/i0.wp.com\/le-fort.org\/cocina\/wp-content\/uploads\/2016\/07\/chuchurranga-hd.jpg?fit=1200%2C400&ssl=1&resize=700%2C400 2x, https:\/\/i0.wp.com\/le-fort.org\/cocina\/wp-content\/uploads\/2016\/07\/chuchurranga-hd.jpg?fit=1200%2C400&ssl=1&resize=1050%2C600 3x"},"classes":[]},{"id":5868,"url":"https:\/\/le-fort.org\/cocina\/cafeto\/","url_meta":{"origin":7693,"position":5},"title":"Cafeto","author":"Le-Fort.org","date":"10 de Diciembre, 2014","format":false,"excerpt":"El cafeto es una variaci\u00f3n del Tiramis\u00fa preparada por nuestro amigo el Dr. Federico Riquetti. El gran aporte es una reducci\u00f3n de caf\u00e9 poderosa. Se recomienda probarlo.","rel":"","context":"En &quot;Reposter\u00eda&quot;","block_context":{"text":"Reposter\u00eda","link":"https:\/\/le-fort.org\/cocina\/categoria\/reposteria\/"},"img":{"alt_text":"","src":"https:\/\/i0.wp.com\/le-fort.org\/cocina\/wp-content\/uploads\/2014\/12\/cafeto-hd.jpg?fit=1200%2C400&ssl=1&resize=350%2C200","width":350,"height":200,"srcset":"https:\/\/i0.wp.com\/le-fort.org\/cocina\/wp-content\/uploads\/2014\/12\/cafeto-hd.jpg?fit=1200%2C400&ssl=1&resize=350%2C200 1x, https:\/\/i0.wp.com\/le-fort.org\/cocina\/wp-content\/uploads\/2014\/12\/cafeto-hd.jpg?fit=1200%2C400&ssl=1&resize=525%2C300 1.5x, https:\/\/i0.wp.com\/le-fort.org\/cocina\/wp-content\/uploads\/2014\/12\/cafeto-hd.jpg?fit=1200%2C400&ssl=1&resize=700%2C400 2x, https:\/\/i0.wp.com\/le-fort.org\/cocina\/wp-content\/uploads\/2014\/12\/cafeto-hd.jpg?fit=1200%2C400&ssl=1&resize=1050%2C600 3x"},"classes":[]}],"_links":{"self":[{"href":"https:\/\/le-fort.org\/cocina\/wp-json\/wp\/v2\/posts\/7693","targetHints":{"allow":["GET"]}}],"collection":[{"href":"https:\/\/le-fort.org\/cocina\/wp-json\/wp\/v2\/posts"}],"about":[{"href":"https:\/\/le-fort.org\/cocina\/wp-json\/wp\/v2\/types\/post"}],"author":[{"embeddable":true,"href":"https:\/\/le-fort.org\/cocina\/wp-json\/wp\/v2\/users\/1"}],"replies":[{"embeddable":true,"href":"https:\/\/le-fort.org\/cocina\/wp-json\/wp\/v2\/comments?post=7693"}],"version-history":[{"count":1,"href":"https:\/\/le-fort.org\/cocina\/wp-json\/wp\/v2\/posts\/7693\/revisions"}],"predecessor-version":[{"id":16252,"href":"https:\/\/le-fort.org\/cocina\/wp-json\/wp\/v2\/posts\/7693\/revisions\/16252"}],"wp:featuredmedia":[{"embeddable":true,"href":"https:\/\/le-fort.org\/cocina\/wp-json\/wp\/v2\/media\/7695"}],"wp:attachment":[{"href":"https:\/\/le-fort.org\/cocina\/wp-json\/wp\/v2\/media?parent=7693"}],"wp:term":[{"taxonomy":"category","embeddable":true,"href":"https:\/\/le-fort.org\/cocina\/wp-json\/wp\/v2\/categories?post=7693"},{"taxonomy":"post_tag","embeddable":true,"href":"https:\/\/le-fort.org\/cocina\/wp-json\/wp\/v2\/tags?post=7693"}],"curies":[{"name":"wp","href":"https:\/\/api.w.org\/{rel}","templated":true}]}}