{"id":7855,"date":"2016-05-12T09:12:43","date_gmt":"2016-05-12T14:12:43","guid":{"rendered":"http:\/\/www.loquecomemos.com\/?p=7855"},"modified":"2022-01-12T21:16:51","modified_gmt":"2022-01-13T02:16:51","slug":"masa-clasica-pizza","status":"publish","type":"post","link":"https:\/\/le-fort.org\/cocina\/masa-clasica-pizza\/","title":{"rendered":"Masa de Pizza"},"content":{"rendered":"<p><a href=\"#receta\">Receta<\/a> de masa de pizza. Vital. Un tema recurrente para quienes amamos la pizza\u00a0es la masa. Una buena masa de pizza es parte vital de la experiencia, y una pizza con mala masa puede tener muchas justificaciones y explicaciones, pero no es una buena pizza.<!--more--><\/p>\n<p>Lo mejor es que es muy f\u00e1cil preparar una buena masa. S\u00f3lo requiere ingredientes muy simples y paciencia, sobre todo si trabajamos una masa artesanal de fermentaci\u00f3n lenta que desarrolla m\u00e1s sabor.<\/p>\n<p><img data-recalc-dims=\"1\" loading=\"lazy\" decoding=\"async\" data-attachment-id=\"9417\" data-permalink=\"https:\/\/le-fort.org\/cocina\/masa-clasica-pizza\/img_3279-3\/\" data-orig-file=\"https:\/\/i0.wp.com\/le-fort.org\/cocina\/wp-content\/uploads\/2016\/05\/IMG_3279-1.jpg?fit=1280%2C720&amp;ssl=1\" data-orig-size=\"1280,720\" data-comments-opened=\"0\" data-image-meta=\"{&quot;aperture&quot;:&quot;0&quot;,&quot;credit&quot;:&quot;&quot;,&quot;camera&quot;:&quot;&quot;,&quot;caption&quot;:&quot;&quot;,&quot;created_timestamp&quot;:&quot;0&quot;,&quot;copyright&quot;:&quot;&quot;,&quot;focal_length&quot;:&quot;0&quot;,&quot;iso&quot;:&quot;0&quot;,&quot;shutter_speed&quot;:&quot;0&quot;,&quot;title&quot;:&quot;&quot;,&quot;orientation&quot;:&quot;0&quot;}\" data-image-title=\"\" data-image-description=\"\" data-image-caption=\"\" data-large-file=\"https:\/\/i0.wp.com\/le-fort.org\/cocina\/wp-content\/uploads\/2016\/05\/IMG_3279-1.jpg?fit=1200%2C675&amp;ssl=1\" class=\"aligncenter size-full wp-image-9417\" src=\"https:\/\/i0.wp.com\/le-fort.org\/wp-content\/uploads\/2016\/05\/IMG_3279-1.jpg?resize=1200%2C675&#038;ssl=1\" alt=\"Receta de masa de pizza\" width=\"1200\" height=\"675\" srcset=\"https:\/\/i0.wp.com\/le-fort.org\/cocina\/wp-content\/uploads\/2016\/05\/IMG_3279-1.jpg?w=1280&amp;ssl=1 1280w, https:\/\/i0.wp.com\/le-fort.org\/cocina\/wp-content\/uploads\/2016\/05\/IMG_3279-1.jpg?resize=600%2C338&amp;ssl=1 600w, https:\/\/i0.wp.com\/le-fort.org\/cocina\/wp-content\/uploads\/2016\/05\/IMG_3279-1.jpg?resize=700%2C393&amp;ssl=1 700w, https:\/\/i0.wp.com\/le-fort.org\/cocina\/wp-content\/uploads\/2016\/05\/IMG_3279-1.jpg?resize=332%2C187&amp;ssl=1 332w\" sizes=\"auto, (max-width: 1200px) 100vw, 1200px\" \/><\/p>\n<p>Esta es una masa simple y cl\u00e1sica. Es un excelente comienzo, y es adecuada para pizzas como la Margherita, Marinara y otras cl\u00e1sicas italianas. En el p\u00e1rrafo anterior aconsejamos paciencia porque esta es una masa de fermentaci\u00f3n lenta, que utiliza poca levadura, a la que se le da tiempo de leudar lentamente en el refrigerador, para permitir el desarrollo de los llamados productos secundarios de fermentaci\u00f3n, que son los que le dan el sabor a la masa.<\/p>\n<figure id=\"attachment_7856\" aria-describedby=\"caption-attachment-7856\" style=\"width: 1280px\" class=\"wp-caption aligncenter\"><img data-recalc-dims=\"1\" loading=\"lazy\" decoding=\"async\" data-attachment-id=\"7856\" data-permalink=\"https:\/\/le-fort.org\/cocina\/masa-clasica-pizza\/bandeja-aluminio\/\" data-orig-file=\"https:\/\/i0.wp.com\/le-fort.org\/cocina\/wp-content\/uploads\/2016\/05\/bandeja-aluminio.jpg?fit=1280%2C720&amp;ssl=1\" data-orig-size=\"1280,720\" data-comments-opened=\"0\" data-image-meta=\"{&quot;aperture&quot;:&quot;0&quot;,&quot;credit&quot;:&quot;&quot;,&quot;camera&quot;:&quot;&quot;,&quot;caption&quot;:&quot;&quot;,&quot;created_timestamp&quot;:&quot;0&quot;,&quot;copyright&quot;:&quot;&quot;,&quot;focal_length&quot;:&quot;0&quot;,&quot;iso&quot;:&quot;0&quot;,&quot;shutter_speed&quot;:&quot;0&quot;,&quot;title&quot;:&quot;&quot;,&quot;orientation&quot;:&quot;0&quot;}\" data-image-title=\"bandeja-aluminio\" data-image-description=\"\" data-image-caption=\"&lt;p&gt;Pizza Margherita preparada con la masa de la receta.&lt;\/p&gt;\n\" data-large-file=\"https:\/\/i0.wp.com\/le-fort.org\/cocina\/wp-content\/uploads\/2016\/05\/bandeja-aluminio.jpg?fit=1200%2C675&amp;ssl=1\" class=\"wp-image-7856 size-full\" src=\"https:\/\/i0.wp.com\/le-fort.org\/wp-content\/uploads\/2016\/05\/bandeja-aluminio.jpg?resize=1200%2C675&#038;ssl=1\" alt=\"masa de pizza cl\u00e1sica. Pizza Margherita\" width=\"1200\" height=\"675\" srcset=\"https:\/\/i0.wp.com\/le-fort.org\/cocina\/wp-content\/uploads\/2016\/05\/bandeja-aluminio.jpg?w=1280&amp;ssl=1 1280w, https:\/\/i0.wp.com\/le-fort.org\/cocina\/wp-content\/uploads\/2016\/05\/bandeja-aluminio.jpg?resize=600%2C338&amp;ssl=1 600w\" sizes=\"auto, (max-width: 1200px) 100vw, 1200px\" \/><figcaption id=\"caption-attachment-7856\" class=\"wp-caption-text\">Pizza Margherita preparada con la masa de la receta.<\/figcaption><\/figure>\n<p><a name=\"receta\"><\/a><\/p>\n<h2>Ingredientes de la masa de pizza<\/h2>\n<p>Los ingredientes de la masa son de gran simpleza: s\u00f3lo harina, agua, levadura y sal. Ni siquiera se utiliza aceite. Para una pizza de 35cm de di\u00e1metro, de masa relativamente gruesa los ingredientes de la masa son:<\/p>\n<ul>\n<li>400gr de harina de trigo, idealmente de panader\u00eda (2 tazas y media)<br \/>\nEs mejor a\u00fan si utilizamos 360g de harina de trigo y 40g de harina de arepas (Ma\u00edz sabrosa, PAN o similar)<\/li>\n<li>240ml de agua (3\/4 taza)<\/li>\n<li>1\/2 cucharadita de levadura seca (1g) Si quieres preparar una masa de tiempo de fermentaci\u00f3n normal, utiliza 8 gramos.<\/li>\n<li>1\/2 cucharadita de az\u00facar (4g)<\/li>\n<li>1 cucharadita de sal (6g)<\/li>\n<li>Opcionalmente, 30ml (2 cucharadas) de aceite neutro o de oliva<\/li>\n<\/ul>\n<h2>Procedimiento para la masa de pizza<\/h2>\n<ol>\n<li>Mezclar la levadura, el az\u00facar y 40ml de agua tibia en una taza y dejar reposar 15 minutos, hasta que se forme espuma. \u00a0Esto es signo de que la levadura est\u00e1 buena.<\/li>\n<li>En una amasadora o en un bol grande mezclar todos los ingredientes.<\/li>\n<li>Amasar con las manos o con la amasadora hasta integrar todo y que deje de estar pegajosa. En general, se recomienda amasar por 10 minutos<\/li>\n<li>Aceitar un bol y poner la masa en \u00e9l.<\/li>\n<li>Cubrir el bol con film pl\u00e1stico y refrigerar (no congelar) toda la noche. Este paso es importante pero no imprescindible. Mientras m\u00e1s tiempo tenga la masa, mejor quedar\u00e1. Se puede leudar 4 horas a temperatura ambiente, o dejar entre 12 y 48 horas en el refrigerador. Mientras m\u00e1s lenta la fermentac\u00ed\u00f3n, mejor el sabor.<br \/>\n<strong>Aviso<\/strong>: Si vas a preparar la masa de leudado normal (con el 2% de levadura) deja leudar una o dos horas a temperatura ambiente.<\/li>\n<li>Al d\u00eda siguiente, dejar que la masa vuelva a temperatura ambiente por una hora antes de amasar y formar la pizza. Una vez que la masa est\u00e1 a temperatura ambiente, utilizarla dentro de 5 horas. Despu\u00e9s se vuelve \u00e1cida.<\/li>\n<\/ol>\n<figure id=\"attachment_7860\" aria-describedby=\"caption-attachment-7860\" style=\"width: 600px\" class=\"wp-caption aligncenter\"><img data-recalc-dims=\"1\" loading=\"lazy\" decoding=\"async\" data-attachment-id=\"7860\" data-permalink=\"https:\/\/le-fort.org\/cocina\/masa-clasica-pizza\/maquina\/\" data-orig-file=\"https:\/\/i0.wp.com\/le-fort.org\/cocina\/wp-content\/uploads\/2016\/05\/maquina.jpg?fit=960%2C600&amp;ssl=1\" data-orig-size=\"960,600\" data-comments-opened=\"0\" data-image-meta=\"{&quot;aperture&quot;:&quot;0&quot;,&quot;credit&quot;:&quot;&quot;,&quot;camera&quot;:&quot;&quot;,&quot;caption&quot;:&quot;&quot;,&quot;created_timestamp&quot;:&quot;0&quot;,&quot;copyright&quot;:&quot;&quot;,&quot;focal_length&quot;:&quot;0&quot;,&quot;iso&quot;:&quot;0&quot;,&quot;shutter_speed&quot;:&quot;0&quot;,&quot;title&quot;:&quot;&quot;,&quot;orientation&quot;:&quot;0&quot;}\" data-image-title=\"maquina\" data-image-description=\"\" data-image-caption=\"&lt;p&gt;Amasando en m\u00e1quina&lt;\/p&gt;\n\" data-large-file=\"https:\/\/i0.wp.com\/le-fort.org\/cocina\/wp-content\/uploads\/2016\/05\/maquina.jpg?fit=960%2C600&amp;ssl=1\" class=\"size-medium wp-image-7860\" src=\"https:\/\/i0.wp.com\/www.le-fort.org\/wp-content\/uploads\/2016\/05\/maquina-600x375.jpg?resize=600%2C375&#038;ssl=1\" alt=\"Amasando en m\u00e1quina\" width=\"600\" height=\"375\" srcset=\"https:\/\/i0.wp.com\/le-fort.org\/cocina\/wp-content\/uploads\/2016\/05\/maquina.jpg?resize=600%2C375&amp;ssl=1 600w, https:\/\/i0.wp.com\/le-fort.org\/cocina\/wp-content\/uploads\/2016\/05\/maquina.jpg?w=960&amp;ssl=1 960w\" sizes=\"auto, (max-width: 600px) 100vw, 600px\" \/><figcaption id=\"caption-attachment-7860\" class=\"wp-caption-text\">Amasando en m\u00e1quina<\/figcaption><\/figure>\n<figure id=\"attachment_7861\" aria-describedby=\"caption-attachment-7861\" style=\"width: 600px\" class=\"wp-caption aligncenter\"><img data-recalc-dims=\"1\" loading=\"lazy\" decoding=\"async\" data-attachment-id=\"7861\" data-permalink=\"https:\/\/le-fort.org\/cocina\/masa-clasica-pizza\/masa-8\/\" data-orig-file=\"https:\/\/i0.wp.com\/le-fort.org\/cocina\/wp-content\/uploads\/2016\/05\/masa.jpg?fit=960%2C600&amp;ssl=1\" data-orig-size=\"960,600\" data-comments-opened=\"0\" data-image-meta=\"{&quot;aperture&quot;:&quot;0&quot;,&quot;credit&quot;:&quot;&quot;,&quot;camera&quot;:&quot;&quot;,&quot;caption&quot;:&quot;&quot;,&quot;created_timestamp&quot;:&quot;0&quot;,&quot;copyright&quot;:&quot;&quot;,&quot;focal_length&quot;:&quot;0&quot;,&quot;iso&quot;:&quot;0&quot;,&quot;shutter_speed&quot;:&quot;0&quot;,&quot;title&quot;:&quot;&quot;,&quot;orientation&quot;:&quot;0&quot;}\" data-image-title=\"Comenzando a darle forma a nuestra masa de pizza\" data-image-description=\"\" data-image-caption=\"&lt;p&gt;Comenzando a darle forma a nuestra masa de pizza&lt;\/p&gt;\n\" data-large-file=\"https:\/\/i0.wp.com\/le-fort.org\/cocina\/wp-content\/uploads\/2016\/05\/masa.jpg?fit=960%2C600&amp;ssl=1\" class=\"size-medium wp-image-7861\" src=\"https:\/\/i0.wp.com\/www.le-fort.org\/wp-content\/uploads\/2016\/05\/masa-600x375.jpg?resize=600%2C375&#038;ssl=1\" alt=\"Comenzando a darle forma a nuestra masa de pizza\" width=\"600\" height=\"375\" srcset=\"https:\/\/i0.wp.com\/le-fort.org\/cocina\/wp-content\/uploads\/2016\/05\/masa.jpg?resize=600%2C375&amp;ssl=1 600w, https:\/\/i0.wp.com\/le-fort.org\/cocina\/wp-content\/uploads\/2016\/05\/masa.jpg?w=960&amp;ssl=1 960w\" sizes=\"auto, (max-width: 600px) 100vw, 600px\" \/><figcaption id=\"caption-attachment-7861\" class=\"wp-caption-text\">Comenzando a darle forma a nuestra masa de pizza<\/figcaption><\/figure>\n<p>Eso es todo. Es un proceso muy simple pero que requiere la paciencia de planificar tu pizza con un d\u00eda de anticipaci\u00f3n.<\/p>\n<p>Buen apetito!<\/p>\n<figure id=\"attachment_7857\" aria-describedby=\"caption-attachment-7857\" style=\"width: 1280px\" class=\"wp-caption aligncenter\"><img data-recalc-dims=\"1\" loading=\"lazy\" decoding=\"async\" data-attachment-id=\"7857\" data-permalink=\"https:\/\/le-fort.org\/cocina\/masa-clasica-pizza\/pizza-4\/\" data-orig-file=\"https:\/\/i0.wp.com\/le-fort.org\/cocina\/wp-content\/uploads\/2016\/05\/pizza.jpg?fit=1280%2C720&amp;ssl=1\" data-orig-size=\"1280,720\" data-comments-opened=\"0\" data-image-meta=\"{&quot;aperture&quot;:&quot;0&quot;,&quot;credit&quot;:&quot;&quot;,&quot;camera&quot;:&quot;&quot;,&quot;caption&quot;:&quot;&quot;,&quot;created_timestamp&quot;:&quot;0&quot;,&quot;copyright&quot;:&quot;&quot;,&quot;focal_length&quot;:&quot;0&quot;,&quot;iso&quot;:&quot;0&quot;,&quot;shutter_speed&quot;:&quot;0&quot;,&quot;title&quot;:&quot;&quot;,&quot;orientation&quot;:&quot;0&quot;}\" data-image-title=\"pizza\" data-image-description=\"\" data-image-caption=\"&lt;p&gt;Pizza preparada con masa de fermentaci\u00f3n lenta.&lt;\/p&gt;\n\" data-large-file=\"https:\/\/i0.wp.com\/le-fort.org\/cocina\/wp-content\/uploads\/2016\/05\/pizza.jpg?fit=1200%2C675&amp;ssl=1\" class=\"wp-image-7857 size-full\" src=\"https:\/\/i0.wp.com\/www.le-fort.org\/wp-content\/uploads\/2016\/05\/pizza.jpg?resize=1200%2C675&#038;ssl=1\" alt=\"Pizza preparada con masa de pizza de fermentaci\u00f3n lenta.\" width=\"1200\" height=\"675\" srcset=\"https:\/\/i0.wp.com\/le-fort.org\/cocina\/wp-content\/uploads\/2016\/05\/pizza.jpg?w=1280&amp;ssl=1 1280w, https:\/\/i0.wp.com\/le-fort.org\/cocina\/wp-content\/uploads\/2016\/05\/pizza.jpg?resize=600%2C338&amp;ssl=1 600w\" sizes=\"auto, (max-width: 1200px) 100vw, 1200px\" \/><figcaption id=\"caption-attachment-7857\" class=\"wp-caption-text\">Pizza preparada con masa de fermentaci\u00f3n lenta.<\/figcaption><\/figure>\n","protected":false},"excerpt":{"rendered":"<p>Receta de masa de pizza cl\u00e1sica, de fermentaci\u00f3n lenta. Base de muchas recetas de masa de pizza cl\u00e1sicas y modernas.<\/p>\n","protected":false},"author":1,"featured_media":7858,"comment_status":"closed","ping_status":"closed","sticky":false,"template":"","format":"standard","meta":{"_jetpack_newsletter_access":"","_jetpack_dont_email_post_to_subs":false,"_jetpack_newsletter_tier_id":0,"_jetpack_memberships_contains_paywalled_content":false,"_jetpack_memberships_contains_paid_content":false,"footnotes":""},"categories":[2],"tags":[623,646,72],"class_list":["post-7855","post","type-post","status-publish","format-standard","has-post-thumbnail","hentry","category-recetas","tag-destacado","tag-masa","tag-pizza","entry","has-media"],"jetpack_featured_media_url":"https:\/\/i0.wp.com\/le-fort.org\/cocina\/wp-content\/uploads\/2016\/05\/masa-hd.jpg?fit=1200%2C400&ssl=1","jetpack_shortlink":"https:\/\/wp.me\/pghKer-22H","jetpack_sharing_enabled":true,"jetpack-related-posts":[{"id":14415,"url":"https:\/\/le-fort.org\/cocina\/masa-de-pizza-artesanal\/","url_meta":{"origin":7855,"position":0},"title":"Masa de Pizza Artesanal","author":"Le-Fort.org","date":"7 de Septiembre, 2019","format":false,"excerpt":"Las modas van y las modas vienen, e incluso algo aparentemente tan invariable como la pizza sufre \"las flechas y pedradas de la \u00e1spera fortuna\", como dec\u00edan por ah\u00ed. Sub\u00e1monos al carro de las modas y revisemos una masa que est\u00e1 cada vez m\u00e1s de moda, con justa raz\u00f3n: la\u2026","rel":"","context":"En &quot;Recetas&quot;","block_context":{"text":"Recetas","link":"https:\/\/le-fort.org\/cocina\/categoria\/recetas\/"},"img":{"alt_text":"","src":"https:\/\/i0.wp.com\/le-fort.org\/cocina\/wp-content\/uploads\/2019\/09\/pizza-artesanal-hd.jpg?fit=1200%2C400&ssl=1&resize=350%2C200","width":350,"height":200,"srcset":"https:\/\/i0.wp.com\/le-fort.org\/cocina\/wp-content\/uploads\/2019\/09\/pizza-artesanal-hd.jpg?fit=1200%2C400&ssl=1&resize=350%2C200 1x, https:\/\/i0.wp.com\/le-fort.org\/cocina\/wp-content\/uploads\/2019\/09\/pizza-artesanal-hd.jpg?fit=1200%2C400&ssl=1&resize=525%2C300 1.5x, https:\/\/i0.wp.com\/le-fort.org\/cocina\/wp-content\/uploads\/2019\/09\/pizza-artesanal-hd.jpg?fit=1200%2C400&ssl=1&resize=700%2C400 2x, https:\/\/i0.wp.com\/le-fort.org\/cocina\/wp-content\/uploads\/2019\/09\/pizza-artesanal-hd.jpg?fit=1200%2C400&ssl=1&resize=1050%2C600 3x"},"classes":[]},{"id":11132,"url":"https:\/\/le-fort.org\/cocina\/clase-de-pizza\/","url_meta":{"origin":7855,"position":1},"title":"Clase de Pizza en Nab\u00f3n","author":"Le-Fort.org","date":"5 de Agosto, 2017","format":false,"excerpt":"Clase de pizza a estudiantes chilenos en Nab\u00f3n. Muy buenos estudiantes. Amasamos, horneamos conversamos y degustamos pizza. Nos entretuvimos mucho, adem\u00e1s de aprender.","rel":"","context":"En &quot;Educaci\u00f3n&quot;","block_context":{"text":"Educaci\u00f3n","link":"https:\/\/le-fort.org\/cocina\/categoria\/educacion\/"},"img":{"alt_text":"","src":"https:\/\/i0.wp.com\/le-fort.org\/cocina\/wp-content\/uploads\/2017\/12\/curso-pizza-hd.jpg?fit=1200%2C400&ssl=1&resize=350%2C200","width":350,"height":200,"srcset":"https:\/\/i0.wp.com\/le-fort.org\/cocina\/wp-content\/uploads\/2017\/12\/curso-pizza-hd.jpg?fit=1200%2C400&ssl=1&resize=350%2C200 1x, https:\/\/i0.wp.com\/le-fort.org\/cocina\/wp-content\/uploads\/2017\/12\/curso-pizza-hd.jpg?fit=1200%2C400&ssl=1&resize=525%2C300 1.5x, https:\/\/i0.wp.com\/le-fort.org\/cocina\/wp-content\/uploads\/2017\/12\/curso-pizza-hd.jpg?fit=1200%2C400&ssl=1&resize=700%2C400 2x, https:\/\/i0.wp.com\/le-fort.org\/cocina\/wp-content\/uploads\/2017\/12\/curso-pizza-hd.jpg?fit=1200%2C400&ssl=1&resize=1050%2C600 3x"},"classes":[]},{"id":11985,"url":"https:\/\/le-fort.org\/cocina\/taller-pizza-cuenca\/","url_meta":{"origin":7855,"position":2},"title":"Taller de Pizza en Cuenca","author":"Le-Fort.org","date":"10 de Marzo, 2018","format":false,"excerpt":"Taller de pizza en Cuenca, Ecuador, dictado en DASAM Distribuidora. Revisamos pizza Margherita, NYC, Siciliana, y dos \"no-pizzas\": La Focaccia y el Flammkuchen.","rel":"","context":"En &quot;Educaci\u00f3n&quot;","block_context":{"text":"Educaci\u00f3n","link":"https:\/\/le-fort.org\/cocina\/categoria\/educacion\/"},"img":{"alt_text":"","src":"https:\/\/i0.wp.com\/le-fort.org\/cocina\/wp-content\/uploads\/2018\/03\/dasam-hd.jpg?fit=1200%2C400&ssl=1&resize=350%2C200","width":350,"height":200,"srcset":"https:\/\/i0.wp.com\/le-fort.org\/cocina\/wp-content\/uploads\/2018\/03\/dasam-hd.jpg?fit=1200%2C400&ssl=1&resize=350%2C200 1x, https:\/\/i0.wp.com\/le-fort.org\/cocina\/wp-content\/uploads\/2018\/03\/dasam-hd.jpg?fit=1200%2C400&ssl=1&resize=525%2C300 1.5x, https:\/\/i0.wp.com\/le-fort.org\/cocina\/wp-content\/uploads\/2018\/03\/dasam-hd.jpg?fit=1200%2C400&ssl=1&resize=700%2C400 2x, https:\/\/i0.wp.com\/le-fort.org\/cocina\/wp-content\/uploads\/2018\/03\/dasam-hd.jpg?fit=1200%2C400&ssl=1&resize=1050%2C600 3x"},"classes":[]},{"id":10206,"url":"https:\/\/le-fort.org\/cocina\/masa-pizza-sin-gluten\/","url_meta":{"origin":7855,"position":3},"title":"Masa de Pizza sin Gluten","author":"Le-Fort.org","date":"3 de Noviembre, 2017","format":false,"excerpt":"Receta de masa de pizza sin gluten. Funciona perfecto. Lo \u00fanico es que se dora poco. Seguiremos investigando.","rel":"","context":"En &quot;Recetas&quot;","block_context":{"text":"Recetas","link":"https:\/\/le-fort.org\/cocina\/categoria\/recetas\/"},"img":{"alt_text":"","src":"https:\/\/i0.wp.com\/le-fort.org\/cocina\/wp-content\/uploads\/2017\/11\/pizza-sin-gluten.jpg?fit=1200%2C400&ssl=1&resize=350%2C200","width":350,"height":200,"srcset":"https:\/\/i0.wp.com\/le-fort.org\/cocina\/wp-content\/uploads\/2017\/11\/pizza-sin-gluten.jpg?fit=1200%2C400&ssl=1&resize=350%2C200 1x, https:\/\/i0.wp.com\/le-fort.org\/cocina\/wp-content\/uploads\/2017\/11\/pizza-sin-gluten.jpg?fit=1200%2C400&ssl=1&resize=525%2C300 1.5x, https:\/\/i0.wp.com\/le-fort.org\/cocina\/wp-content\/uploads\/2017\/11\/pizza-sin-gluten.jpg?fit=1200%2C400&ssl=1&resize=700%2C400 2x, https:\/\/i0.wp.com\/le-fort.org\/cocina\/wp-content\/uploads\/2017\/11\/pizza-sin-gluten.jpg?fit=1200%2C400&ssl=1&resize=1050%2C600 3x"},"classes":[]},{"id":14197,"url":"https:\/\/le-fort.org\/cocina\/pizza-loja\/","url_meta":{"origin":7855,"position":4},"title":"Pizza en Loja","author":"Le-Fort.org","date":"16 de Junio, 2019","format":false,"excerpt":"Una vez m\u00e1s tuvimos un taller de pizza en la ciudad de Loja. Es un taller que disfrutamos mucho y este estuvo enfocado al emprendimiento. Vimos masas tradicional y de fermentaci\u00f3n lenta, y probamos pizzas de Argentina, Italia y EE.UU.\u00a0 Tambi\u00e9n tratamos el tema de costos, m\u00e1rgenes y administraci\u00f3n, en\u2026","rel":"","context":"En &quot;Educaci\u00f3n&quot;","block_context":{"text":"Educaci\u00f3n","link":"https:\/\/le-fort.org\/cocina\/categoria\/educacion\/"},"img":{"alt_text":"","src":"https:\/\/i0.wp.com\/le-fort.org\/cocina\/wp-content\/uploads\/2019\/06\/pizza-hd.jpg?fit=1200%2C400&ssl=1&resize=350%2C200","width":350,"height":200,"srcset":"https:\/\/i0.wp.com\/le-fort.org\/cocina\/wp-content\/uploads\/2019\/06\/pizza-hd.jpg?fit=1200%2C400&ssl=1&resize=350%2C200 1x, https:\/\/i0.wp.com\/le-fort.org\/cocina\/wp-content\/uploads\/2019\/06\/pizza-hd.jpg?fit=1200%2C400&ssl=1&resize=525%2C300 1.5x, https:\/\/i0.wp.com\/le-fort.org\/cocina\/wp-content\/uploads\/2019\/06\/pizza-hd.jpg?fit=1200%2C400&ssl=1&resize=700%2C400 2x, https:\/\/i0.wp.com\/le-fort.org\/cocina\/wp-content\/uploads\/2019\/06\/pizza-hd.jpg?fit=1200%2C400&ssl=1&resize=1050%2C600 3x"},"classes":[]},{"id":14090,"url":"https:\/\/le-fort.org\/cocina\/fugazza-argentina\/","url_meta":{"origin":7855,"position":5},"title":"Fugazza Argentina","author":"Le-Fort.org","date":"26 de Junio, 2019","format":false,"excerpt":"Receta de fugazza argentina, con masa doble, as\u00ed llamada por su doble fermentaci\u00f3n. Tiene la particularidad de ser una pizza sin salsa de tomates.","rel":"","context":"En &quot;Recetas&quot;","block_context":{"text":"Recetas","link":"https:\/\/le-fort.org\/cocina\/categoria\/recetas\/"},"img":{"alt_text":"","src":"https:\/\/i0.wp.com\/le-fort.org\/cocina\/wp-content\/uploads\/2019\/05\/fugazza-hd.jpg?fit=1200%2C400&ssl=1&resize=350%2C200","width":350,"height":200,"srcset":"https:\/\/i0.wp.com\/le-fort.org\/cocina\/wp-content\/uploads\/2019\/05\/fugazza-hd.jpg?fit=1200%2C400&ssl=1&resize=350%2C200 1x, https:\/\/i0.wp.com\/le-fort.org\/cocina\/wp-content\/uploads\/2019\/05\/fugazza-hd.jpg?fit=1200%2C400&ssl=1&resize=525%2C300 1.5x, https:\/\/i0.wp.com\/le-fort.org\/cocina\/wp-content\/uploads\/2019\/05\/fugazza-hd.jpg?fit=1200%2C400&ssl=1&resize=700%2C400 2x, https:\/\/i0.wp.com\/le-fort.org\/cocina\/wp-content\/uploads\/2019\/05\/fugazza-hd.jpg?fit=1200%2C400&ssl=1&resize=1050%2C600 3x"},"classes":[]}],"_links":{"self":[{"href":"https:\/\/le-fort.org\/cocina\/wp-json\/wp\/v2\/posts\/7855","targetHints":{"allow":["GET"]}}],"collection":[{"href":"https:\/\/le-fort.org\/cocina\/wp-json\/wp\/v2\/posts"}],"about":[{"href":"https:\/\/le-fort.org\/cocina\/wp-json\/wp\/v2\/types\/post"}],"author":[{"embeddable":true,"href":"https:\/\/le-fort.org\/cocina\/wp-json\/wp\/v2\/users\/1"}],"replies":[{"embeddable":true,"href":"https:\/\/le-fort.org\/cocina\/wp-json\/wp\/v2\/comments?post=7855"}],"version-history":[{"count":5,"href":"https:\/\/le-fort.org\/cocina\/wp-json\/wp\/v2\/posts\/7855\/revisions"}],"predecessor-version":[{"id":16353,"href":"https:\/\/le-fort.org\/cocina\/wp-json\/wp\/v2\/posts\/7855\/revisions\/16353"}],"wp:featuredmedia":[{"embeddable":true,"href":"https:\/\/le-fort.org\/cocina\/wp-json\/wp\/v2\/media\/7858"}],"wp:attachment":[{"href":"https:\/\/le-fort.org\/cocina\/wp-json\/wp\/v2\/media?parent=7855"}],"wp:term":[{"taxonomy":"category","embeddable":true,"href":"https:\/\/le-fort.org\/cocina\/wp-json\/wp\/v2\/categories?post=7855"},{"taxonomy":"post_tag","embeddable":true,"href":"https:\/\/le-fort.org\/cocina\/wp-json\/wp\/v2\/tags?post=7855"}],"curies":[{"name":"wp","href":"https:\/\/api.w.org\/{rel}","templated":true}]}}