{"id":7915,"date":"2016-05-15T11:35:19","date_gmt":"2016-05-15T16:35:19","guid":{"rendered":"http:\/\/www.loquecomemos.com\/?p=7915"},"modified":"2016-05-15T11:35:19","modified_gmt":"2016-05-15T16:35:19","slug":"chocolate-laminado","status":"publish","type":"post","link":"https:\/\/le-fort.org\/cocina\/chocolate-laminado\/","title":{"rendered":"Chocolate Laminado"},"content":{"rendered":"<p>\u00bfHas comido queso laminado? Pues bien, hicimos chocolate laminado para el pan u otras aplicaciones y te contamos como. Todo comenz\u00f3 con un contenido viralizado hace alg\u00fan tiempo sobre<a href=\"http:\/\/mentalfloss.com\/article\/72220\/japan-now-has-chocolate-sliced-form\" target=\"_blank\"> una empresa japonesa que hab\u00eda creado el chocolate en l\u00e1minas<\/a>. Nosotros dijimos &#8220;no puede ser tan dif\u00edcil y es una excelente idea.&#8221; Y comenzamos a reflexionar.<!--more--><\/p>\n<figure id=\"attachment_7916\" aria-describedby=\"caption-attachment-7916\" style=\"width: 960px\" class=\"wp-caption aligncenter\"><img data-recalc-dims=\"1\" loading=\"lazy\" decoding=\"async\" data-attachment-id=\"7916\" data-permalink=\"https:\/\/le-fort.org\/cocina\/chocolate-laminado\/lamina\/\" data-orig-file=\"https:\/\/i0.wp.com\/le-fort.org\/cocina\/wp-content\/uploads\/2016\/05\/lamina.jpg?fit=960%2C600&amp;ssl=1\" data-orig-size=\"960,600\" data-comments-opened=\"0\" data-image-meta=\"{&quot;aperture&quot;:&quot;0&quot;,&quot;credit&quot;:&quot;&quot;,&quot;camera&quot;:&quot;&quot;,&quot;caption&quot;:&quot;&quot;,&quot;created_timestamp&quot;:&quot;0&quot;,&quot;copyright&quot;:&quot;&quot;,&quot;focal_length&quot;:&quot;0&quot;,&quot;iso&quot;:&quot;0&quot;,&quot;shutter_speed&quot;:&quot;0&quot;,&quot;title&quot;:&quot;&quot;,&quot;orientation&quot;:&quot;0&quot;}\" data-image-title=\"lamina\" data-image-description=\"\" data-image-caption=\"&lt;p&gt;\u00bfUna l\u00e1mina de chocolate o dos?&lt;\/p&gt;\n\" data-large-file=\"https:\/\/i0.wp.com\/le-fort.org\/cocina\/wp-content\/uploads\/2016\/05\/lamina.jpg?fit=960%2C600&amp;ssl=1\" class=\"size-full wp-image-7916\" src=\"https:\/\/i0.wp.com\/www.le-fort.org\/wp-content\/uploads\/2016\/05\/lamina.jpg?resize=960%2C600&#038;ssl=1\" alt=\"L\u00e1mina de chocolate para el pan\" width=\"960\" height=\"600\" srcset=\"https:\/\/i0.wp.com\/le-fort.org\/cocina\/wp-content\/uploads\/2016\/05\/lamina.jpg?w=960&amp;ssl=1 960w, https:\/\/i0.wp.com\/le-fort.org\/cocina\/wp-content\/uploads\/2016\/05\/lamina.jpg?resize=600%2C375&amp;ssl=1 600w\" sizes=\"auto, (max-width: 960px) 100vw, 960px\" \/><figcaption id=\"caption-attachment-7916\" class=\"wp-caption-text\">\u00bfUna l\u00e1mina de chocolate o dos?<\/figcaption><\/figure>\n<p>Por supuesto, la inspiraci\u00f3n lleg\u00f3 en forma un poco oblicua, trabajando en un glaseado de tortas que nos permitiera conservar gotas grandes para un efecto espec\u00edfico, llegamos a una f\u00f3rmula que adem\u00e1s de ser perfecta para lo que quer\u00edamos en la torta, forma l\u00e1minas ideales para ponerle al pan y utilizar en otros proyectos que ya estamos investigando.<\/p>\n<p>[wp_ad_camp_1]<\/p>\n<p>Les contamos c\u00f3mo preparar este chocolate laminado.<\/p>\n<h2>Ingredientes<\/h2>\n<ul>\n<li>1 cucharadita de gelatina sin sabor<\/li>\n<li>140gr az\u00facar granulada<\/li>\n<li>50ml agua<\/li>\n<li>45gr cacao amargo en polvo cernido<\/li>\n<li>100ml crema de leche<\/li>\n<li>1 cucharadita de Agar agar<\/li>\n<\/ul>\n<h2>Procedimiento del chocolate laminado<\/h2>\n<ol>\n<li>Hidratar la gelatina en 20ml de agua, revolver bien y dejar reposar<\/li>\n<li>Poner agua y az\u00facar a calentar en una olla.<\/li>\n<li>Cuando hierva y se haya disuelto toda el az\u00facar, quitar del fuego, a\u00f1adir el cacao en polvo y batir hasta dispersar bien.<\/li>\n<li>A\u00f1adir la crema y revolver hasta incorporar<\/li>\n<li>A\u00f1adir el Agar agar a 50ml de agua y calentar revolviendo ocasionalmente hasta que hierva. Cuando haya hervido cortar el fuego y a\u00f1adir la gelatina hidratada. Revolver hasta disolver<\/li>\n<li>Mezclar el agar con la gelatina con el chocolate y revolver bien, tratando de que no queden burbujas en la mezcla.<\/li>\n<li>Dejar reposar hasta que su temperatura sea de alrededor de 45\u00b0C. La mezcla comienza a gelificar a los 40\u00b0C, por lo que hay que verterla a temperatuas mayores que esa.<\/li>\n<\/ol>\n<p>Para que funcione bien, hay que dejar que la mezcla se enfr\u00ede hasta temperatura ambiente y repose. Recordemos que la \u00a0geleatina se lic\u00faa cerca de los 30\u00b0C y que requiere tiempo para cuajar.<\/p>\n<p>Para hacer l\u00e1minas de chocolate vertemos la mezcla en un azafate o bandeja ancha y esparcimos antes de que gelifique, y luego simplemente dejamos reposar. Luego cortamos en cuadrados del tama\u00f1o deseado.<\/p>\n<p>Para tortas, vertemos la mezcla sobre la torta cuando est\u00e9 a\u00fan l\u00edquida. Forma gotas grandes y flexibles.<\/p>\n<p>Quiz\u00e1 lo m\u00e1s entretenido, en un primer momento, es comer las l\u00e1minas de chocolate con pan.<\/p>\n<figure id=\"attachment_7918\" aria-describedby=\"caption-attachment-7918\" style=\"width: 960px\" class=\"wp-caption aligncenter\"><img data-recalc-dims=\"1\" loading=\"lazy\" decoding=\"async\" data-attachment-id=\"7918\" data-permalink=\"https:\/\/le-fort.org\/cocina\/chocolate-laminado\/lamina-2\/\" data-orig-file=\"https:\/\/i0.wp.com\/le-fort.org\/cocina\/wp-content\/uploads\/2016\/05\/lamina-2.jpg?fit=960%2C600&amp;ssl=1\" data-orig-size=\"960,600\" data-comments-opened=\"0\" data-image-meta=\"{&quot;aperture&quot;:&quot;0&quot;,&quot;credit&quot;:&quot;&quot;,&quot;camera&quot;:&quot;&quot;,&quot;caption&quot;:&quot;&quot;,&quot;created_timestamp&quot;:&quot;0&quot;,&quot;copyright&quot;:&quot;&quot;,&quot;focal_length&quot;:&quot;0&quot;,&quot;iso&quot;:&quot;0&quot;,&quot;shutter_speed&quot;:&quot;0&quot;,&quot;title&quot;:&quot;&quot;,&quot;orientation&quot;:&quot;0&quot;}\" data-image-title=\"lamina-2\" data-image-description=\"\" data-image-caption=\"\" data-large-file=\"https:\/\/i0.wp.com\/le-fort.org\/cocina\/wp-content\/uploads\/2016\/05\/lamina-2.jpg?fit=960%2C600&amp;ssl=1\" class=\"wp-image-7918 size-full\" src=\"https:\/\/i0.wp.com\/www.le-fort.org\/wp-content\/uploads\/2016\/05\/lamina-2.jpg?resize=960%2C600&#038;ssl=1\" alt=\"lamina-2\" width=\"960\" height=\"600\" srcset=\"https:\/\/i0.wp.com\/le-fort.org\/cocina\/wp-content\/uploads\/2016\/05\/lamina-2.jpg?w=960&amp;ssl=1 960w, https:\/\/i0.wp.com\/le-fort.org\/cocina\/wp-content\/uploads\/2016\/05\/lamina-2.jpg?resize=600%2C375&amp;ssl=1 600w\" sizes=\"auto, (max-width: 960px) 100vw, 960px\" \/><figcaption id=\"caption-attachment-7918\" class=\"wp-caption-text\">Un pan con dos l\u00e1minas de chocolate<\/figcaption><\/figure>\n<figure id=\"attachment_7917\" aria-describedby=\"caption-attachment-7917\" style=\"width: 960px\" class=\"wp-caption aligncenter\"><img data-recalc-dims=\"1\" loading=\"lazy\" decoding=\"async\" data-attachment-id=\"7917\" data-permalink=\"https:\/\/le-fort.org\/cocina\/chocolate-laminado\/comer\/\" data-orig-file=\"https:\/\/i0.wp.com\/le-fort.org\/cocina\/wp-content\/uploads\/2016\/05\/comer.jpg?fit=960%2C600&amp;ssl=1\" data-orig-size=\"960,600\" data-comments-opened=\"0\" data-image-meta=\"{&quot;aperture&quot;:&quot;0&quot;,&quot;credit&quot;:&quot;&quot;,&quot;camera&quot;:&quot;&quot;,&quot;caption&quot;:&quot;&quot;,&quot;created_timestamp&quot;:&quot;0&quot;,&quot;copyright&quot;:&quot;&quot;,&quot;focal_length&quot;:&quot;0&quot;,&quot;iso&quot;:&quot;0&quot;,&quot;shutter_speed&quot;:&quot;0&quot;,&quot;title&quot;:&quot;&quot;,&quot;orientation&quot;:&quot;0&quot;}\" data-image-title=\"comer\" data-image-description=\"\" data-image-caption=\"\" data-large-file=\"https:\/\/i0.wp.com\/le-fort.org\/cocina\/wp-content\/uploads\/2016\/05\/comer.jpg?fit=960%2C600&amp;ssl=1\" class=\"wp-image-7917 size-full\" src=\"https:\/\/i0.wp.com\/www.le-fort.org\/wp-content\/uploads\/2016\/05\/comer.jpg?resize=960%2C600&#038;ssl=1\" alt=\"comer\" width=\"960\" height=\"600\" srcset=\"https:\/\/i0.wp.com\/le-fort.org\/cocina\/wp-content\/uploads\/2016\/05\/comer.jpg?w=960&amp;ssl=1 960w, https:\/\/i0.wp.com\/le-fort.org\/cocina\/wp-content\/uploads\/2016\/05\/comer.jpg?resize=600%2C375&amp;ssl=1 600w\" sizes=\"auto, (max-width: 960px) 100vw, 960px\" \/><figcaption id=\"caption-attachment-7917\" class=\"wp-caption-text\">Queda buen\u00edsimo. \u00bfse imaginan las posibilidades?<\/figcaption><\/figure>\n<p>Se vienen s&#8217;mores, lasa\u00f1as de chocolate y una serie de aplicaciones.<\/p>\n<p>\u00bfQu\u00e9 se te ocurre como aplicaci\u00f3n?<\/p>\n<p>[wp_ad_camp_4]<\/p>\n","protected":false},"excerpt":{"rendered":"<p>\u00bfHas comido queso laminado? Pues bien, hicimos chocolate laminado para el pan u otras aplicaciones y te contamos como. Todo comenz\u00f3 con un contenido viralizado hace alg\u00fan tiempo sobre una empresa japonesa que hab\u00eda creado el chocolate en l\u00e1minas. Nosotros dijimos &#8220;no puede ser tan dif\u00edcil y es una excelente idea.&#8221; Y comenzamos a reflexionar.<\/p>\n","protected":false},"author":1,"featured_media":7919,"comment_status":"closed","ping_status":"closed","sticky":false,"template":"","format":"standard","meta":{"_jetpack_newsletter_access":"","_jetpack_dont_email_post_to_subs":false,"_jetpack_newsletter_tier_id":0,"_jetpack_memberships_contains_paywalled_content":false,"_jetpack_memberships_contains_paid_content":false,"footnotes":""},"categories":[40],"tags":[647,358,648,649],"class_list":["post-7915","post","type-post","status-publish","format-standard","has-post-thumbnail","hentry","category-chocolate","tag-agar-agar","tag-chocolate","tag-gelatina","tag-investigacion","entry","has-media"],"jetpack_featured_media_url":"https:\/\/i0.wp.com\/le-fort.org\/cocina\/wp-content\/uploads\/2016\/05\/laminas-h.jpg?fit=1200%2C400&ssl=1","jetpack_shortlink":"https:\/\/wp.me\/pghKer-23F","jetpack_sharing_enabled":true,"jetpack-related-posts":[{"id":8909,"url":"https:\/\/le-fort.org\/cocina\/mousse-de-chocolate-de-dos-ingredientes\/","url_meta":{"origin":7915,"position":0},"title":"Mousse de Chocolate de dos Ingredientes","author":"Le-Fort.org","date":"16 de Noviembre, 2016","format":false,"excerpt":"De la emulsi\u00f3n a la espuma","rel":"","context":"En &quot;Reposter\u00eda&quot;","block_context":{"text":"Reposter\u00eda","link":"https:\/\/le-fort.org\/cocina\/categoria\/reposteria\/"},"img":{"alt_text":"","src":"https:\/\/i0.wp.com\/le-fort.org\/cocina\/wp-content\/uploads\/2016\/11\/mousse-hd-1.jpg?fit=1200%2C400&ssl=1&resize=350%2C200","width":350,"height":200,"srcset":"https:\/\/i0.wp.com\/le-fort.org\/cocina\/wp-content\/uploads\/2016\/11\/mousse-hd-1.jpg?fit=1200%2C400&ssl=1&resize=350%2C200 1x, https:\/\/i0.wp.com\/le-fort.org\/cocina\/wp-content\/uploads\/2016\/11\/mousse-hd-1.jpg?fit=1200%2C400&ssl=1&resize=525%2C300 1.5x, https:\/\/i0.wp.com\/le-fort.org\/cocina\/wp-content\/uploads\/2016\/11\/mousse-hd-1.jpg?fit=1200%2C400&ssl=1&resize=700%2C400 2x, https:\/\/i0.wp.com\/le-fort.org\/cocina\/wp-content\/uploads\/2016\/11\/mousse-hd-1.jpg?fit=1200%2C400&ssl=1&resize=1050%2C600 3x"},"classes":[]},{"id":14443,"url":"https:\/\/le-fort.org\/cocina\/cremoso-de-chocolate\/","url_meta":{"origin":7915,"position":1},"title":"Cremoso de Chocolate","author":"Marell Rojas","date":"16 de Septiembre, 2019","format":false,"excerpt":"Receta de cremoso de chocolate que es, con ligeras modificaciones, de Callebaut. Realmente excelente. F\u00e1cil y delicioso.","rel":"","context":"En &quot;Reposter\u00eda&quot;","block_context":{"text":"Reposter\u00eda","link":"https:\/\/le-fort.org\/cocina\/categoria\/reposteria\/"},"img":{"alt_text":"","src":"https:\/\/i0.wp.com\/le-fort.org\/cocina\/wp-content\/uploads\/2019\/09\/cremoso-hd.jpg?fit=1200%2C400&ssl=1&resize=350%2C200","width":350,"height":200,"srcset":"https:\/\/i0.wp.com\/le-fort.org\/cocina\/wp-content\/uploads\/2019\/09\/cremoso-hd.jpg?fit=1200%2C400&ssl=1&resize=350%2C200 1x, https:\/\/i0.wp.com\/le-fort.org\/cocina\/wp-content\/uploads\/2019\/09\/cremoso-hd.jpg?fit=1200%2C400&ssl=1&resize=525%2C300 1.5x, https:\/\/i0.wp.com\/le-fort.org\/cocina\/wp-content\/uploads\/2019\/09\/cremoso-hd.jpg?fit=1200%2C400&ssl=1&resize=700%2C400 2x, https:\/\/i0.wp.com\/le-fort.org\/cocina\/wp-content\/uploads\/2019\/09\/cremoso-hd.jpg?fit=1200%2C400&ssl=1&resize=1050%2C600 3x"},"classes":[]},{"id":5515,"url":"https:\/\/le-fort.org\/cocina\/pan-de-chocolate\/","url_meta":{"origin":7915,"position":2},"title":"Pan de Chocolate","author":"Le-Fort.org","date":"6 de Junio, 2014","format":false,"excerpt":"Receta de un pan de chocolate que se puede ir sacando en pedazos con la mano. Ideal para reuniones informales de amigos.","rel":"","context":"En &quot;Chocolate&quot;","block_context":{"text":"Chocolate","link":"https:\/\/le-fort.org\/cocina\/categoria\/chocolate\/"},"img":{"alt_text":"","src":"https:\/\/i0.wp.com\/le-fort.org\/cocina\/wp-content\/uploads\/2014\/06\/pan-de-chocolate-hd.jpg?fit=1200%2C400&ssl=1&resize=350%2C200","width":350,"height":200,"srcset":"https:\/\/i0.wp.com\/le-fort.org\/cocina\/wp-content\/uploads\/2014\/06\/pan-de-chocolate-hd.jpg?fit=1200%2C400&ssl=1&resize=350%2C200 1x, https:\/\/i0.wp.com\/le-fort.org\/cocina\/wp-content\/uploads\/2014\/06\/pan-de-chocolate-hd.jpg?fit=1200%2C400&ssl=1&resize=525%2C300 1.5x, https:\/\/i0.wp.com\/le-fort.org\/cocina\/wp-content\/uploads\/2014\/06\/pan-de-chocolate-hd.jpg?fit=1200%2C400&ssl=1&resize=700%2C400 2x, https:\/\/i0.wp.com\/le-fort.org\/cocina\/wp-content\/uploads\/2014\/06\/pan-de-chocolate-hd.jpg?fit=1200%2C400&ssl=1&resize=1050%2C600 3x"},"classes":[]},{"id":8609,"url":"https:\/\/le-fort.org\/cocina\/torta-concorde\/","url_meta":{"origin":7915,"position":3},"title":"Torta Concorde","author":"Le-Fort.org","date":"12 de Agosto, 2016","format":false,"excerpt":"La torta Concorde es una torta de merengue y mousse de chocolate de origen franc\u00e9s. Es simple de hacer y muy buena. Aqu\u00ed est\u00e1 la receta.","rel":"","context":"En &quot;Reposter\u00eda&quot;","block_context":{"text":"Reposter\u00eda","link":"https:\/\/le-fort.org\/cocina\/categoria\/reposteria\/"},"img":{"alt_text":"","src":"https:\/\/i0.wp.com\/le-fort.org\/cocina\/wp-content\/uploads\/2016\/08\/concorde-hd.jpg?fit=1200%2C400&ssl=1&resize=350%2C200","width":350,"height":200,"srcset":"https:\/\/i0.wp.com\/le-fort.org\/cocina\/wp-content\/uploads\/2016\/08\/concorde-hd.jpg?fit=1200%2C400&ssl=1&resize=350%2C200 1x, https:\/\/i0.wp.com\/le-fort.org\/cocina\/wp-content\/uploads\/2016\/08\/concorde-hd.jpg?fit=1200%2C400&ssl=1&resize=525%2C300 1.5x, https:\/\/i0.wp.com\/le-fort.org\/cocina\/wp-content\/uploads\/2016\/08\/concorde-hd.jpg?fit=1200%2C400&ssl=1&resize=700%2C400 2x, https:\/\/i0.wp.com\/le-fort.org\/cocina\/wp-content\/uploads\/2016\/08\/concorde-hd.jpg?fit=1200%2C400&ssl=1&resize=1050%2C600 3x"},"classes":[]},{"id":8372,"url":"https:\/\/le-fort.org\/cocina\/torta-opera\/","url_meta":{"origin":7915,"position":4},"title":"Torta Opera: caf\u00e9 y chocolate","author":"Le-Fort.org","date":"12 de Julio, 2016","format":false,"excerpt":"Receta de torta Opera, que es un bizcochuelo de almendras llamado Joconde, crema de mantequilla y caf\u00e9 y ganache de chocolate.","rel":"","context":"En &quot;Reposter\u00eda&quot;","block_context":{"text":"Reposter\u00eda","link":"https:\/\/le-fort.org\/cocina\/categoria\/reposteria\/"},"img":{"alt_text":"","src":"https:\/\/i0.wp.com\/le-fort.org\/cocina\/wp-content\/uploads\/2016\/07\/opera-hd.jpg?fit=1200%2C400&ssl=1&resize=350%2C200","width":350,"height":200,"srcset":"https:\/\/i0.wp.com\/le-fort.org\/cocina\/wp-content\/uploads\/2016\/07\/opera-hd.jpg?fit=1200%2C400&ssl=1&resize=350%2C200 1x, https:\/\/i0.wp.com\/le-fort.org\/cocina\/wp-content\/uploads\/2016\/07\/opera-hd.jpg?fit=1200%2C400&ssl=1&resize=525%2C300 1.5x, https:\/\/i0.wp.com\/le-fort.org\/cocina\/wp-content\/uploads\/2016\/07\/opera-hd.jpg?fit=1200%2C400&ssl=1&resize=700%2C400 2x, https:\/\/i0.wp.com\/le-fort.org\/cocina\/wp-content\/uploads\/2016\/07\/opera-hd.jpg?fit=1200%2C400&ssl=1&resize=1050%2C600 3x"},"classes":[]},{"id":236,"url":"https:\/\/le-fort.org\/cocina\/pavlova-de-chocolate\/","url_meta":{"origin":7915,"position":5},"title":"Pavlova de Chocolate","author":"Marell Rojas","date":"28 de Mayo, 2020","format":false,"excerpt":"Receta de Pavlova de chocolate, que se puede convertir en una torta Concorde.","rel":"","context":"En &quot;Postres&quot;","block_context":{"text":"Postres","link":"https:\/\/le-fort.org\/cocina\/categoria\/postres\/"},"img":{"alt_text":"Carbonara Photo by Sam Lion from Pexels","src":"https:\/\/i0.wp.com\/le-fort.org\/cocina\/wp-content\/uploads\/2021\/01\/carbonara.jpg?fit=1200%2C675&ssl=1&resize=350%2C200","width":350,"height":200,"srcset":"https:\/\/i0.wp.com\/le-fort.org\/cocina\/wp-content\/uploads\/2021\/01\/carbonara.jpg?fit=1200%2C675&ssl=1&resize=350%2C200 1x, https:\/\/i0.wp.com\/le-fort.org\/cocina\/wp-content\/uploads\/2021\/01\/carbonara.jpg?fit=1200%2C675&ssl=1&resize=525%2C300 1.5x, https:\/\/i0.wp.com\/le-fort.org\/cocina\/wp-content\/uploads\/2021\/01\/carbonara.jpg?fit=1200%2C675&ssl=1&resize=700%2C400 2x, https:\/\/i0.wp.com\/le-fort.org\/cocina\/wp-content\/uploads\/2021\/01\/carbonara.jpg?fit=1200%2C675&ssl=1&resize=1050%2C600 3x"},"classes":[]}],"_links":{"self":[{"href":"https:\/\/le-fort.org\/cocina\/wp-json\/wp\/v2\/posts\/7915","targetHints":{"allow":["GET"]}}],"collection":[{"href":"https:\/\/le-fort.org\/cocina\/wp-json\/wp\/v2\/posts"}],"about":[{"href":"https:\/\/le-fort.org\/cocina\/wp-json\/wp\/v2\/types\/post"}],"author":[{"embeddable":true,"href":"https:\/\/le-fort.org\/cocina\/wp-json\/wp\/v2\/users\/1"}],"replies":[{"embeddable":true,"href":"https:\/\/le-fort.org\/cocina\/wp-json\/wp\/v2\/comments?post=7915"}],"version-history":[{"count":0,"href":"https:\/\/le-fort.org\/cocina\/wp-json\/wp\/v2\/posts\/7915\/revisions"}],"wp:featuredmedia":[{"embeddable":true,"href":"https:\/\/le-fort.org\/cocina\/wp-json\/wp\/v2\/media\/7919"}],"wp:attachment":[{"href":"https:\/\/le-fort.org\/cocina\/wp-json\/wp\/v2\/media?parent=7915"}],"wp:term":[{"taxonomy":"category","embeddable":true,"href":"https:\/\/le-fort.org\/cocina\/wp-json\/wp\/v2\/categories?post=7915"},{"taxonomy":"post_tag","embeddable":true,"href":"https:\/\/le-fort.org\/cocina\/wp-json\/wp\/v2\/tags?post=7915"}],"curies":[{"name":"wp","href":"https:\/\/api.w.org\/{rel}","templated":true}]}}