{"id":8122,"date":"2016-06-05T18:21:17","date_gmt":"2016-06-05T23:21:17","guid":{"rendered":"http:\/\/www.loquecomemos.com\/?p=8122"},"modified":"2016-06-05T18:21:17","modified_gmt":"2016-06-05T23:21:17","slug":"pechuga-pollo-sous-vide","status":"publish","type":"post","link":"https:\/\/le-fort.org\/cocina\/pechuga-pollo-sous-vide\/","title":{"rendered":"Pechuga de Pollo Sous Vide"},"content":{"rendered":"<p>Tuvimos amigos a almorzar, y decidimos someterlos a uno de nuestros tantos experimentos. Preparamos pechugas\u00a0de pollo <em>sous vide.<\/em><!--more--><\/p>\n<p>Sous vide es otra t\u00e9cnica simple con nombre dif\u00edcil. Quiere decir &#8220;al vac\u00edo&#8221; en franc\u00e9s y hace referencia al empacado de lo que cocinaremos, que idealmente est\u00e1 en bolsas al vac\u00edo, si tenemos una m\u00e1quina de empacado al vac\u00edo, y si no, en bolsas de las que se sca el aire por la presi\u00f3n del agua al sumergirlas lentamente antes de cerrarlas.<\/p>\n<figure id=\"attachment_8132\" aria-describedby=\"caption-attachment-8132\" style=\"width: 600px\" class=\"wp-caption aligncenter\"><img data-recalc-dims=\"1\" loading=\"lazy\" decoding=\"async\" data-attachment-id=\"8132\" data-permalink=\"https:\/\/le-fort.org\/cocina\/pechuga-pollo-sous-vide\/sirviendo-2\/\" data-orig-file=\"https:\/\/i0.wp.com\/le-fort.org\/cocina\/wp-content\/uploads\/2016\/06\/sirviendo.jpg?fit=960%2C640&amp;ssl=1\" data-orig-size=\"960,640\" data-comments-opened=\"0\" data-image-meta=\"{&quot;aperture&quot;:&quot;0&quot;,&quot;credit&quot;:&quot;&quot;,&quot;camera&quot;:&quot;&quot;,&quot;caption&quot;:&quot;&quot;,&quot;created_timestamp&quot;:&quot;0&quot;,&quot;copyright&quot;:&quot;&quot;,&quot;focal_length&quot;:&quot;0&quot;,&quot;iso&quot;:&quot;0&quot;,&quot;shutter_speed&quot;:&quot;0&quot;,&quot;title&quot;:&quot;&quot;,&quot;orientation&quot;:&quot;0&quot;}\" data-image-title=\"sirviendo\" data-image-description=\"\" data-image-caption=\"&lt;p&gt;Pollo listo para servir&lt;\/p&gt;\n\" data-large-file=\"https:\/\/i0.wp.com\/le-fort.org\/cocina\/wp-content\/uploads\/2016\/06\/sirviendo.jpg?fit=960%2C640&amp;ssl=1\" class=\"size-medium wp-image-8132\" src=\"https:\/\/i0.wp.com\/www.le-fort.org\/wp-content\/uploads\/2016\/06\/sirviendo-600x400.jpg?resize=600%2C400&#038;ssl=1\" alt=\"Pollo sous vide listo para servir\" width=\"600\" height=\"400\" srcset=\"https:\/\/i0.wp.com\/le-fort.org\/cocina\/wp-content\/uploads\/2016\/06\/sirviendo.jpg?resize=600%2C400&amp;ssl=1 600w, https:\/\/i0.wp.com\/le-fort.org\/cocina\/wp-content\/uploads\/2016\/06\/sirviendo.jpg?w=960&amp;ssl=1 960w\" sizes=\"auto, (max-width: 600px) 100vw, 600px\" \/><figcaption id=\"caption-attachment-8132\" class=\"wp-caption-text\">Pollo listo para servir<\/figcaption><\/figure>\n<p>[wp_ad_camp_1]<\/p>\n<p>La cocina al vac\u00edo consiste en cocciones largas a temperaturas comparativamente bajas. De esta forma la carne (o en ocasiones, vegetales) cocinados no se resecan producto de las condiciones de cocci\u00f3n, por lo que los alimentos quedan mas suaves y sabrosos.<\/p>\n<p>En este caso cocinamos el pollo a 65\u00b0C por dos horas. La cocci\u00f3n prolongada tiene la virtud extra de que mata las bacterias, y terminamos el proceso\u00a0con comida tan inocua como si la hubi\u00e9ramos cocinado por m\u00e9todos tradicionales.<\/p>\n<p><img data-recalc-dims=\"1\" loading=\"lazy\" decoding=\"async\" data-attachment-id=\"8129\" data-permalink=\"https:\/\/le-fort.org\/cocina\/pechuga-pollo-sous-vide\/temp\/\" data-orig-file=\"https:\/\/i0.wp.com\/le-fort.org\/cocina\/wp-content\/uploads\/2016\/06\/temp.jpg?fit=960%2C640&amp;ssl=1\" data-orig-size=\"960,640\" data-comments-opened=\"0\" data-image-meta=\"{&quot;aperture&quot;:&quot;0&quot;,&quot;credit&quot;:&quot;&quot;,&quot;camera&quot;:&quot;&quot;,&quot;caption&quot;:&quot;&quot;,&quot;created_timestamp&quot;:&quot;0&quot;,&quot;copyright&quot;:&quot;&quot;,&quot;focal_length&quot;:&quot;0&quot;,&quot;iso&quot;:&quot;0&quot;,&quot;shutter_speed&quot;:&quot;0&quot;,&quot;title&quot;:&quot;&quot;,&quot;orientation&quot;:&quot;0&quot;}\" data-image-title=\"temp\" data-image-description=\"\" data-image-caption=\"\" data-large-file=\"https:\/\/i0.wp.com\/le-fort.org\/cocina\/wp-content\/uploads\/2016\/06\/temp.jpg?fit=960%2C640&amp;ssl=1\" class=\"aligncenter size-medium wp-image-8129\" src=\"https:\/\/i0.wp.com\/www.le-fort.org\/wp-content\/uploads\/2016\/06\/temp-600x400.jpg?resize=600%2C400&#038;ssl=1\" alt=\"temp\" width=\"600\" height=\"400\" srcset=\"https:\/\/i0.wp.com\/le-fort.org\/cocina\/wp-content\/uploads\/2016\/06\/temp.jpg?resize=600%2C400&amp;ssl=1 600w, https:\/\/i0.wp.com\/le-fort.org\/cocina\/wp-content\/uploads\/2016\/06\/temp.jpg?w=960&amp;ssl=1 960w\" sizes=\"auto, (max-width: 600px) 100vw, 600px\" \/><\/p>\n<p>El pollo sale de la cocci\u00f3n lenta con cara de pollo hervido, que es m\u00e1s o menos lo que es.<\/p>\n<figure id=\"attachment_8125\" aria-describedby=\"caption-attachment-8125\" style=\"width: 600px\" class=\"wp-caption aligncenter\"><img data-recalc-dims=\"1\" loading=\"lazy\" decoding=\"async\" data-attachment-id=\"8125\" data-permalink=\"https:\/\/le-fort.org\/cocina\/pechuga-pollo-sous-vide\/coccion-ok\/\" data-orig-file=\"https:\/\/i0.wp.com\/le-fort.org\/cocina\/wp-content\/uploads\/2016\/06\/coccion-ok.jpg?fit=960%2C640&amp;ssl=1\" data-orig-size=\"960,640\" data-comments-opened=\"0\" data-image-meta=\"{&quot;aperture&quot;:&quot;0&quot;,&quot;credit&quot;:&quot;&quot;,&quot;camera&quot;:&quot;&quot;,&quot;caption&quot;:&quot;&quot;,&quot;created_timestamp&quot;:&quot;0&quot;,&quot;copyright&quot;:&quot;&quot;,&quot;focal_length&quot;:&quot;0&quot;,&quot;iso&quot;:&quot;0&quot;,&quot;shutter_speed&quot;:&quot;0&quot;,&quot;title&quot;:&quot;&quot;,&quot;orientation&quot;:&quot;0&quot;}\" data-image-title=\"coccion-ok\" data-image-description=\"\" data-image-caption=\"&lt;p&gt;Pollo cocinado lentamente. No se ve muy interesante.&lt;\/p&gt;\n\" data-large-file=\"https:\/\/i0.wp.com\/le-fort.org\/cocina\/wp-content\/uploads\/2016\/06\/coccion-ok.jpg?fit=960%2C640&amp;ssl=1\" class=\"size-medium wp-image-8125\" src=\"https:\/\/i0.wp.com\/www.le-fort.org\/wp-content\/uploads\/2016\/06\/coccion-ok-600x400.jpg?resize=600%2C400&#038;ssl=1\" alt=\"Pollo cocinado lentamente\" width=\"600\" height=\"400\" srcset=\"https:\/\/i0.wp.com\/le-fort.org\/cocina\/wp-content\/uploads\/2016\/06\/coccion-ok.jpg?resize=600%2C400&amp;ssl=1 600w, https:\/\/i0.wp.com\/le-fort.org\/cocina\/wp-content\/uploads\/2016\/06\/coccion-ok.jpg?w=960&amp;ssl=1 960w\" sizes=\"auto, (max-width: 600px) 100vw, 600px\" \/><figcaption id=\"caption-attachment-8125\" class=\"wp-caption-text\">Pollo cocinado lentamente. No se ve muy interesante.<\/figcaption><\/figure>\n<p>Las siguientes estapas son salarlo generosamente y dorarlo en una sart\u00e9n bien caliente. El dorado crea todos esos compuestos deliciosos mediante nuestras amadas reacciones Maillard.<\/p>\n<figure id=\"attachment_8127\" aria-describedby=\"caption-attachment-8127\" style=\"width: 600px\" class=\"wp-caption aligncenter\"><img data-recalc-dims=\"1\" loading=\"lazy\" decoding=\"async\" data-attachment-id=\"8127\" data-permalink=\"https:\/\/le-fort.org\/cocina\/pechuga-pollo-sous-vide\/dorando-4\/\" data-orig-file=\"https:\/\/i0.wp.com\/le-fort.org\/cocina\/wp-content\/uploads\/2016\/06\/dorando.jpg?fit=960%2C639&amp;ssl=1\" data-orig-size=\"960,639\" data-comments-opened=\"0\" data-image-meta=\"{&quot;aperture&quot;:&quot;0&quot;,&quot;credit&quot;:&quot;&quot;,&quot;camera&quot;:&quot;&quot;,&quot;caption&quot;:&quot;&quot;,&quot;created_timestamp&quot;:&quot;0&quot;,&quot;copyright&quot;:&quot;&quot;,&quot;focal_length&quot;:&quot;0&quot;,&quot;iso&quot;:&quot;0&quot;,&quot;shutter_speed&quot;:&quot;0&quot;,&quot;title&quot;:&quot;&quot;,&quot;orientation&quot;:&quot;0&quot;}\" data-image-title=\"dorando\" data-image-description=\"\" data-image-caption=\"&lt;p&gt;Listos para dorar.&lt;\/p&gt;\n\" data-large-file=\"https:\/\/i0.wp.com\/le-fort.org\/cocina\/wp-content\/uploads\/2016\/06\/dorando.jpg?fit=960%2C639&amp;ssl=1\" class=\"size-medium wp-image-8127\" src=\"https:\/\/i0.wp.com\/www.le-fort.org\/wp-content\/uploads\/2016\/06\/dorando-600x399.jpg?resize=600%2C399&#038;ssl=1\" alt=\"Pollo sous vide listo para dorar\" width=\"600\" height=\"399\" srcset=\"https:\/\/i0.wp.com\/le-fort.org\/cocina\/wp-content\/uploads\/2016\/06\/dorando.jpg?resize=600%2C399&amp;ssl=1 600w, https:\/\/i0.wp.com\/le-fort.org\/cocina\/wp-content\/uploads\/2016\/06\/dorando.jpg?w=960&amp;ssl=1 960w\" sizes=\"auto, (max-width: 600px) 100vw, 600px\" \/><figcaption id=\"caption-attachment-8127\" class=\"wp-caption-text\">Listos para dorar.<\/figcaption><\/figure>\n<p>Utilizamos una sart\u00e9n con aceite y mantequilla, en el supuesto que el uso de mantequilla favorece las reacciones de Maillard porque contiene prote\u00edna y az\u00facar. Basta con unos 30 segundos por lado. La idea es no dorar demasiado porque perderemos todo lo conseguido mediante la cocci\u00f3n lenta.<\/p>\n<figure id=\"attachment_8133\" aria-describedby=\"caption-attachment-8133\" style=\"width: 600px\" class=\"wp-caption aligncenter\"><img data-recalc-dims=\"1\" loading=\"lazy\" decoding=\"async\" data-attachment-id=\"8133\" data-permalink=\"https:\/\/le-fort.org\/cocina\/pechuga-pollo-sous-vide\/maillard\/\" data-orig-file=\"https:\/\/i0.wp.com\/le-fort.org\/cocina\/wp-content\/uploads\/2016\/06\/maillard.jpg?fit=960%2C640&amp;ssl=1\" data-orig-size=\"960,640\" data-comments-opened=\"0\" data-image-meta=\"{&quot;aperture&quot;:&quot;0&quot;,&quot;credit&quot;:&quot;&quot;,&quot;camera&quot;:&quot;&quot;,&quot;caption&quot;:&quot;&quot;,&quot;created_timestamp&quot;:&quot;0&quot;,&quot;copyright&quot;:&quot;&quot;,&quot;focal_length&quot;:&quot;0&quot;,&quot;iso&quot;:&quot;0&quot;,&quot;shutter_speed&quot;:&quot;0&quot;,&quot;title&quot;:&quot;&quot;,&quot;orientation&quot;:&quot;0&quot;}\" data-image-title=\"maillard\" data-image-description=\"\" data-image-caption=\"&lt;p&gt;Pollo dorado&lt;\/p&gt;\n\" data-large-file=\"https:\/\/i0.wp.com\/le-fort.org\/cocina\/wp-content\/uploads\/2016\/06\/maillard.jpg?fit=960%2C640&amp;ssl=1\" class=\"size-medium wp-image-8133\" src=\"https:\/\/i0.wp.com\/www.le-fort.org\/wp-content\/uploads\/2016\/06\/maillard-600x400.jpg?resize=600%2C400&#038;ssl=1\" alt=\"Pollo dorado despu\u00e9s de la cocci\u00f3n sous vide\" width=\"600\" height=\"400\" srcset=\"https:\/\/i0.wp.com\/le-fort.org\/cocina\/wp-content\/uploads\/2016\/06\/maillard.jpg?resize=600%2C400&amp;ssl=1 600w, https:\/\/i0.wp.com\/le-fort.org\/cocina\/wp-content\/uploads\/2016\/06\/maillard.jpg?w=960&amp;ssl=1 960w\" sizes=\"auto, (max-width: 600px) 100vw, 600px\" \/><figcaption id=\"caption-attachment-8133\" class=\"wp-caption-text\">Pollo dorado<\/figcaption><\/figure>\n<p>Estamos listos. S\u00f3lo nos queda rebanar y servir. En este caso escogimos acompa\u00f1ar el pollo con una <a href=\"https:\/\/le-fort.org\/receta-de-pollo-satay\/\">salsa Satay<\/a>\u00a0para un toque asi\u00e1tico.<\/p>\n<figure id=\"attachment_8126\" aria-describedby=\"caption-attachment-8126\" style=\"width: 600px\" class=\"wp-caption aligncenter\"><img data-recalc-dims=\"1\" loading=\"lazy\" decoding=\"async\" data-attachment-id=\"8126\" data-permalink=\"https:\/\/le-fort.org\/cocina\/pechuga-pollo-sous-vide\/cortando-5\/\" data-orig-file=\"https:\/\/i0.wp.com\/le-fort.org\/cocina\/wp-content\/uploads\/2016\/06\/cortando.jpg?fit=960%2C640&amp;ssl=1\" data-orig-size=\"960,640\" data-comments-opened=\"0\" data-image-meta=\"{&quot;aperture&quot;:&quot;0&quot;,&quot;credit&quot;:&quot;&quot;,&quot;camera&quot;:&quot;&quot;,&quot;caption&quot;:&quot;&quot;,&quot;created_timestamp&quot;:&quot;0&quot;,&quot;copyright&quot;:&quot;&quot;,&quot;focal_length&quot;:&quot;0&quot;,&quot;iso&quot;:&quot;0&quot;,&quot;shutter_speed&quot;:&quot;0&quot;,&quot;title&quot;:&quot;&quot;,&quot;orientation&quot;:&quot;0&quot;}\" data-image-title=\"cortando\" data-image-description=\"\" data-image-caption=\"\" data-large-file=\"https:\/\/i0.wp.com\/le-fort.org\/cocina\/wp-content\/uploads\/2016\/06\/cortando.jpg?fit=960%2C640&amp;ssl=1\" class=\"wp-image-8126 size-medium\" src=\"https:\/\/i0.wp.com\/www.le-fort.org\/wp-content\/uploads\/2016\/06\/cortando-600x400.jpg?resize=600%2C400&#038;ssl=1\" alt=\"cortando\" width=\"600\" height=\"400\" srcset=\"https:\/\/i0.wp.com\/le-fort.org\/cocina\/wp-content\/uploads\/2016\/06\/cortando.jpg?resize=600%2C400&amp;ssl=1 600w, https:\/\/i0.wp.com\/le-fort.org\/cocina\/wp-content\/uploads\/2016\/06\/cortando.jpg?w=960&amp;ssl=1 960w\" sizes=\"auto, (max-width: 600px) 100vw, 600px\" \/><figcaption id=\"caption-attachment-8126\" class=\"wp-caption-text\">Rebanando<\/figcaption><\/figure>\n<figure id=\"attachment_8128\" aria-describedby=\"caption-attachment-8128\" style=\"width: 600px\" class=\"wp-caption aligncenter\"><img data-recalc-dims=\"1\" loading=\"lazy\" decoding=\"async\" data-attachment-id=\"8128\" data-permalink=\"https:\/\/le-fort.org\/cocina\/pechuga-pollo-sous-vide\/tajadas\/\" data-orig-file=\"https:\/\/i0.wp.com\/le-fort.org\/cocina\/wp-content\/uploads\/2016\/06\/tajadas.jpg?fit=960%2C640&amp;ssl=1\" data-orig-size=\"960,640\" data-comments-opened=\"0\" data-image-meta=\"{&quot;aperture&quot;:&quot;0&quot;,&quot;credit&quot;:&quot;&quot;,&quot;camera&quot;:&quot;&quot;,&quot;caption&quot;:&quot;&quot;,&quot;created_timestamp&quot;:&quot;0&quot;,&quot;copyright&quot;:&quot;&quot;,&quot;focal_length&quot;:&quot;0&quot;,&quot;iso&quot;:&quot;0&quot;,&quot;shutter_speed&quot;:&quot;0&quot;,&quot;title&quot;:&quot;&quot;,&quot;orientation&quot;:&quot;0&quot;}\" data-image-title=\"tajadas\" data-image-description=\"\" data-image-caption=\"\" data-large-file=\"https:\/\/i0.wp.com\/le-fort.org\/cocina\/wp-content\/uploads\/2016\/06\/tajadas.jpg?fit=960%2C640&amp;ssl=1\" class=\"wp-image-8128 size-medium\" src=\"https:\/\/i0.wp.com\/www.le-fort.org\/wp-content\/uploads\/2016\/06\/tajadas-600x400.jpg?resize=600%2C400&#038;ssl=1\" alt=\"tajadas\" width=\"600\" height=\"400\" srcset=\"https:\/\/i0.wp.com\/le-fort.org\/cocina\/wp-content\/uploads\/2016\/06\/tajadas.jpg?resize=600%2C400&amp;ssl=1 600w, https:\/\/i0.wp.com\/le-fort.org\/cocina\/wp-content\/uploads\/2016\/06\/tajadas.jpg?w=960&amp;ssl=1 960w\" sizes=\"auto, (max-width: 600px) 100vw, 600px\" \/><figcaption id=\"caption-attachment-8128\" class=\"wp-caption-text\">Rebanado y listo para servir<\/figcaption><\/figure>\n<h2>Procedimiento <em>Sous Vide<\/em>\u00a0en casa<\/h2>\n<p>La cocina al vac\u00edo es una t\u00e9cnica sumamente interesante, que se puede ejecutar sin grandes equipos. Lo que necesitamos realmente son un term\u00f3metro de cocina y bolsas herm\u00e9ticas (tipo ziploc). \u00a0El procedimiento es el siguiente:<\/p>\n<ol>\n<li>Precalentar el agua a 70\u00b0C. As\u00ed compensamos la diferencia de temperatura del pollo que probablemente viene del refrigerador.<\/li>\n<li>Poner el\u00a0pollo en la bolsa<\/li>\n<li>Sumergir lentamente la bolsa en agua, para que el aire sea desplazado<\/li>\n<li>Cerrar la bolsa cuando su parte superior est\u00e9 cerca de la superficie del agua. No queda al vac\u00edo, pero hay un excelente contacto entre el agua y el pollo, sin bolsillos de aire.<\/li>\n<li>Dejar en el agua al menos 90 minutos y no m\u00e1s de 4 horas en el agua, revisando cada media hora para subir la temperatura del agua si es necesario. La idea es que se mantenga a 65\u00b0C<\/li>\n<li>Sacar del agua, deshuesar si es necesario<\/li>\n<li>Salar y dorar<\/li>\n<li>Rebanar y servir.<\/li>\n<\/ol>\n<p><img data-recalc-dims=\"1\" loading=\"lazy\" decoding=\"async\" data-attachment-id=\"8131\" data-permalink=\"https:\/\/le-fort.org\/cocina\/pechuga-pollo-sous-vide\/servido-13\/\" data-orig-file=\"https:\/\/i0.wp.com\/le-fort.org\/cocina\/wp-content\/uploads\/2016\/06\/servido.jpg?fit=960%2C640&amp;ssl=1\" data-orig-size=\"960,640\" data-comments-opened=\"0\" data-image-meta=\"{&quot;aperture&quot;:&quot;0&quot;,&quot;credit&quot;:&quot;&quot;,&quot;camera&quot;:&quot;&quot;,&quot;caption&quot;:&quot;&quot;,&quot;created_timestamp&quot;:&quot;0&quot;,&quot;copyright&quot;:&quot;&quot;,&quot;focal_length&quot;:&quot;0&quot;,&quot;iso&quot;:&quot;0&quot;,&quot;shutter_speed&quot;:&quot;0&quot;,&quot;title&quot;:&quot;&quot;,&quot;orientation&quot;:&quot;0&quot;}\" data-image-title=\"servido\" data-image-description=\"\" data-image-caption=\"\" data-large-file=\"https:\/\/i0.wp.com\/le-fort.org\/cocina\/wp-content\/uploads\/2016\/06\/servido.jpg?fit=960%2C640&amp;ssl=1\" class=\"aligncenter size-medium wp-image-8131\" src=\"https:\/\/i0.wp.com\/www.le-fort.org\/wp-content\/uploads\/2016\/06\/servido-600x400.jpg?resize=600%2C400&#038;ssl=1\" alt=\"servido\" width=\"600\" height=\"400\" srcset=\"https:\/\/i0.wp.com\/le-fort.org\/cocina\/wp-content\/uploads\/2016\/06\/servido.jpg?resize=600%2C400&amp;ssl=1 600w, https:\/\/i0.wp.com\/le-fort.org\/cocina\/wp-content\/uploads\/2016\/06\/servido.jpg?w=960&amp;ssl=1 960w\" sizes=\"auto, (max-width: 600px) 100vw, 600px\" \/><\/p>\n<p>Esperamos que les haya interesado este m\u00e9todo de cocina, que data de la d\u00e9cada de 1960, por lo que de nuevo no tiene nada, pero s\u00ed es muy interesante.<\/p>\n<p>A nosotros nos encanta.<\/p>\n<p>[wp_ad_camp_4]<\/p>\n","protected":false},"excerpt":{"rendered":"<p>Tuvimos amigos a almorzar, y decidimos someterlos a uno de nuestros tantos experimentos. Preparamos pechugas\u00a0de pollo sous vide.<\/p>\n","protected":false},"author":1,"featured_media":8130,"comment_status":"closed","ping_status":"closed","sticky":false,"template":"","format":"standard","meta":{"_jetpack_newsletter_access":"","_jetpack_dont_email_post_to_subs":false,"_jetpack_newsletter_tier_id":0,"_jetpack_memberships_contains_paywalled_content":false,"_jetpack_memberships_contains_paid_content":false,"footnotes":""},"categories":[126],"tags":[34,655],"class_list":["post-8122","post","type-post","status-publish","format-standard","has-post-thumbnail","hentry","category-tecnicas","tag-pollo","tag-sous-vide","entry","has-media"],"jetpack_featured_media_url":"https:\/\/i0.wp.com\/le-fort.org\/cocina\/wp-content\/uploads\/2016\/06\/sous-vide-hd.jpg?fit=1200%2C400&ssl=1","jetpack_shortlink":"https:\/\/wp.me\/pghKer-270","jetpack_sharing_enabled":true,"jetpack-related-posts":[{"id":8214,"url":"https:\/\/le-fort.org\/cocina\/bistec-sous-vide\/","url_meta":{"origin":8122,"position":0},"title":"Bistec Sous Vide","author":"Le-Fort.org","date":"28 de Junio, 2016","format":false,"excerpt":"El bistec cocinado al vac\u00edo (sous vide) es una interesante forma de prepararlo: blando, jugoso y m\u00e1s cocido de lo que su color sugiere.","rel":"","context":"En &quot;T\u00e9cnicas&quot;","block_context":{"text":"T\u00e9cnicas","link":"https:\/\/le-fort.org\/cocina\/categoria\/tecnicas\/"},"img":{"alt_text":"","src":"https:\/\/i0.wp.com\/le-fort.org\/cocina\/wp-content\/uploads\/2016\/06\/bistec-hd.jpg?fit=1200%2C400&ssl=1&resize=350%2C200","width":350,"height":200,"srcset":"https:\/\/i0.wp.com\/le-fort.org\/cocina\/wp-content\/uploads\/2016\/06\/bistec-hd.jpg?fit=1200%2C400&ssl=1&resize=350%2C200 1x, https:\/\/i0.wp.com\/le-fort.org\/cocina\/wp-content\/uploads\/2016\/06\/bistec-hd.jpg?fit=1200%2C400&ssl=1&resize=525%2C300 1.5x, https:\/\/i0.wp.com\/le-fort.org\/cocina\/wp-content\/uploads\/2016\/06\/bistec-hd.jpg?fit=1200%2C400&ssl=1&resize=700%2C400 2x, https:\/\/i0.wp.com\/le-fort.org\/cocina\/wp-content\/uploads\/2016\/06\/bistec-hd.jpg?fit=1200%2C400&ssl=1&resize=1050%2C600 3x"},"classes":[]},{"id":8843,"url":"https:\/\/le-fort.org\/cocina\/coccion-lenta-sous-vide-hecho-en-casa\/","url_meta":{"origin":8122,"position":1},"title":"Cocci\u00f3n Lenta (Sous Vide) hecho en Casa","author":"Le-Fort.org","date":"25 de Diciembre, 2016","format":false,"excerpt":"Controlador de cocci\u00f3n lenta (sous vide) hecho en casa: un termostato y un par de cosas m\u00e1s. Simple, funcional y muy entretenido.","rel":"","context":"En &quot;T\u00e9cnicas&quot;","block_context":{"text":"T\u00e9cnicas","link":"https:\/\/le-fort.org\/cocina\/categoria\/tecnicas\/"},"img":{"alt_text":"","src":"https:\/\/i0.wp.com\/le-fort.org\/cocina\/wp-content\/uploads\/2016\/11\/carne-hd.jpg?fit=1200%2C400&ssl=1&resize=350%2C200","width":350,"height":200,"srcset":"https:\/\/i0.wp.com\/le-fort.org\/cocina\/wp-content\/uploads\/2016\/11\/carne-hd.jpg?fit=1200%2C400&ssl=1&resize=350%2C200 1x, https:\/\/i0.wp.com\/le-fort.org\/cocina\/wp-content\/uploads\/2016\/11\/carne-hd.jpg?fit=1200%2C400&ssl=1&resize=525%2C300 1.5x, https:\/\/i0.wp.com\/le-fort.org\/cocina\/wp-content\/uploads\/2016\/11\/carne-hd.jpg?fit=1200%2C400&ssl=1&resize=700%2C400 2x, https:\/\/i0.wp.com\/le-fort.org\/cocina\/wp-content\/uploads\/2016\/11\/carne-hd.jpg?fit=1200%2C400&ssl=1&resize=1050%2C600 3x"},"classes":[]},{"id":13442,"url":"https:\/\/le-fort.org\/cocina\/sous-vide-salsa\/","url_meta":{"origin":8122,"position":2},"title":"Guisos Sous Vide en su Salsa","author":"Le-Fort.org","date":"14 de Noviembre, 2018","format":false,"excerpt":"Tradici\u00f3n y modernidad.","rel":"","context":"En &quot;General&quot;","block_context":{"text":"General","link":"https:\/\/le-fort.org\/cocina\/categoria\/general\/"},"img":{"alt_text":"","src":"https:\/\/i0.wp.com\/le-fort.org\/cocina\/wp-content\/uploads\/2018\/11\/josh-hd.jpg?fit=1200%2C400&ssl=1&resize=350%2C200","width":350,"height":200,"srcset":"https:\/\/i0.wp.com\/le-fort.org\/cocina\/wp-content\/uploads\/2018\/11\/josh-hd.jpg?fit=1200%2C400&ssl=1&resize=350%2C200 1x, https:\/\/i0.wp.com\/le-fort.org\/cocina\/wp-content\/uploads\/2018\/11\/josh-hd.jpg?fit=1200%2C400&ssl=1&resize=525%2C300 1.5x, https:\/\/i0.wp.com\/le-fort.org\/cocina\/wp-content\/uploads\/2018\/11\/josh-hd.jpg?fit=1200%2C400&ssl=1&resize=700%2C400 2x, https:\/\/i0.wp.com\/le-fort.org\/cocina\/wp-content\/uploads\/2018\/11\/josh-hd.jpg?fit=1200%2C400&ssl=1&resize=1050%2C600 3x"},"classes":[]},{"id":8179,"url":"https:\/\/le-fort.org\/cocina\/crema-inglesa-sous-vide\/","url_meta":{"origin":8122,"position":3},"title":"Crema Inglesa Sous Vide","author":"Le-Fort.org","date":"23 de Junio, 2016","format":false,"excerpt":"Crema inglesa preparada mediante m\u00e9todo sous vide (al vac\u00edo). Qued\u00f3 muy buena.","rel":"","context":"En &quot;Pasteler\u00eda&quot;","block_context":{"text":"Pasteler\u00eda","link":"https:\/\/le-fort.org\/cocina\/categoria\/pasteleria\/"},"img":{"alt_text":"","src":"https:\/\/i0.wp.com\/le-fort.org\/cocina\/wp-content\/uploads\/2016\/06\/crema-inglesa-hd.jpg?fit=1200%2C400&ssl=1&resize=350%2C200","width":350,"height":200,"srcset":"https:\/\/i0.wp.com\/le-fort.org\/cocina\/wp-content\/uploads\/2016\/06\/crema-inglesa-hd.jpg?fit=1200%2C400&ssl=1&resize=350%2C200 1x, https:\/\/i0.wp.com\/le-fort.org\/cocina\/wp-content\/uploads\/2016\/06\/crema-inglesa-hd.jpg?fit=1200%2C400&ssl=1&resize=525%2C300 1.5x, https:\/\/i0.wp.com\/le-fort.org\/cocina\/wp-content\/uploads\/2016\/06\/crema-inglesa-hd.jpg?fit=1200%2C400&ssl=1&resize=700%2C400 2x, https:\/\/i0.wp.com\/le-fort.org\/cocina\/wp-content\/uploads\/2016\/06\/crema-inglesa-hd.jpg?fit=1200%2C400&ssl=1&resize=1050%2C600 3x"},"classes":[]},{"id":5038,"url":"https:\/\/le-fort.org\/cocina\/pasteurizar-huevos-sous-vide\/","url_meta":{"origin":8122,"position":4},"title":"Pasteurizar Huevos en Casa","author":"Le-Fort.org","date":"26 de Noviembre, 2013","format":false,"excerpt":"Pasteurizaci\u00f3n de huevos por 120 minutos a 57\u00baC. Quedan libres de salmonella y otros g\u00e9rmenes y no se diferencian en aspecto y comportamiento de los huevos crudos. El secreto est\u00e1 en no sobrepasar los 58\u00baC. Lo m\u00e1s simple es utilizar un controlador sous vide.","rel":"","context":"En &quot;T\u00e9cnicas&quot;","block_context":{"text":"T\u00e9cnicas","link":"https:\/\/le-fort.org\/cocina\/categoria\/tecnicas\/"},"img":{"alt_text":"","src":"https:\/\/i0.wp.com\/le-fort.org\/cocina\/wp-content\/uploads\/2013\/11\/mayonesa-hd.jpg?fit=1200%2C400&ssl=1&resize=350%2C200","width":350,"height":200,"srcset":"https:\/\/i0.wp.com\/le-fort.org\/cocina\/wp-content\/uploads\/2013\/11\/mayonesa-hd.jpg?fit=1200%2C400&ssl=1&resize=350%2C200 1x, https:\/\/i0.wp.com\/le-fort.org\/cocina\/wp-content\/uploads\/2013\/11\/mayonesa-hd.jpg?fit=1200%2C400&ssl=1&resize=525%2C300 1.5x, https:\/\/i0.wp.com\/le-fort.org\/cocina\/wp-content\/uploads\/2013\/11\/mayonesa-hd.jpg?fit=1200%2C400&ssl=1&resize=700%2C400 2x, https:\/\/i0.wp.com\/le-fort.org\/cocina\/wp-content\/uploads\/2013\/11\/mayonesa-hd.jpg?fit=1200%2C400&ssl=1&resize=1050%2C600 3x"},"classes":[]},{"id":12909,"url":"https:\/\/le-fort.org\/cocina\/actualizacion-tecnicas-culinarias-en-santa-elena\/","url_meta":{"origin":8122,"position":5},"title":"Actualizaci\u00f3n T\u00e9cnicas Culinarias en Santa Elena","author":"Le-Fort.org","date":"14 de Julio, 2018","format":false,"excerpt":"Curso de Actualizaci\u00f3n de T\u00e9cnicas Culinarias en Santa Elena, Ecuador.","rel":"","context":"En &quot;Educaci\u00f3n&quot;","block_context":{"text":"Educaci\u00f3n","link":"https:\/\/le-fort.org\/cocina\/categoria\/educacion\/"},"img":{"alt_text":"","src":"https:\/\/i0.wp.com\/le-fort.org\/cocina\/wp-content\/uploads\/2018\/07\/actualizacion-hd.jpg?fit=1200%2C400&ssl=1&resize=350%2C200","width":350,"height":200,"srcset":"https:\/\/i0.wp.com\/le-fort.org\/cocina\/wp-content\/uploads\/2018\/07\/actualizacion-hd.jpg?fit=1200%2C400&ssl=1&resize=350%2C200 1x, https:\/\/i0.wp.com\/le-fort.org\/cocina\/wp-content\/uploads\/2018\/07\/actualizacion-hd.jpg?fit=1200%2C400&ssl=1&resize=525%2C300 1.5x, https:\/\/i0.wp.com\/le-fort.org\/cocina\/wp-content\/uploads\/2018\/07\/actualizacion-hd.jpg?fit=1200%2C400&ssl=1&resize=700%2C400 2x, https:\/\/i0.wp.com\/le-fort.org\/cocina\/wp-content\/uploads\/2018\/07\/actualizacion-hd.jpg?fit=1200%2C400&ssl=1&resize=1050%2C600 3x"},"classes":[]}],"_links":{"self":[{"href":"https:\/\/le-fort.org\/cocina\/wp-json\/wp\/v2\/posts\/8122","targetHints":{"allow":["GET"]}}],"collection":[{"href":"https:\/\/le-fort.org\/cocina\/wp-json\/wp\/v2\/posts"}],"about":[{"href":"https:\/\/le-fort.org\/cocina\/wp-json\/wp\/v2\/types\/post"}],"author":[{"embeddable":true,"href":"https:\/\/le-fort.org\/cocina\/wp-json\/wp\/v2\/users\/1"}],"replies":[{"embeddable":true,"href":"https:\/\/le-fort.org\/cocina\/wp-json\/wp\/v2\/comments?post=8122"}],"version-history":[{"count":0,"href":"https:\/\/le-fort.org\/cocina\/wp-json\/wp\/v2\/posts\/8122\/revisions"}],"wp:featuredmedia":[{"embeddable":true,"href":"https:\/\/le-fort.org\/cocina\/wp-json\/wp\/v2\/media\/8130"}],"wp:attachment":[{"href":"https:\/\/le-fort.org\/cocina\/wp-json\/wp\/v2\/media?parent=8122"}],"wp:term":[{"taxonomy":"category","embeddable":true,"href":"https:\/\/le-fort.org\/cocina\/wp-json\/wp\/v2\/categories?post=8122"},{"taxonomy":"post_tag","embeddable":true,"href":"https:\/\/le-fort.org\/cocina\/wp-json\/wp\/v2\/tags?post=8122"}],"curies":[{"name":"wp","href":"https:\/\/api.w.org\/{rel}","templated":true}]}}