{"id":8190,"date":"2016-06-24T15:04:35","date_gmt":"2016-06-24T20:04:35","guid":{"rendered":"http:\/\/www.loquecomemos.com\/?p=8190"},"modified":"2016-06-24T15:05:00","modified_gmt":"2016-06-24T20:05:00","slug":"cartamo-el-otro-azafran","status":"publish","type":"post","link":"https:\/\/le-fort.org\/cocina\/cartamo-el-otro-azafran\/","title":{"rendered":"C\u00e1rtamo: el &#8220;otro Azafr\u00e1n&#8221;"},"content":{"rendered":"<p>El c\u00e1rtamo o alazor es una planta muy apreciada por sus semillas, su aceite, y por lo que nos ocupa aqu\u00ed, como especia. Tambi\u00e9n se le conoce como <em>azafr\u00e1n bastardo<\/em> por ser una alternativa m\u00e1s barata al azafr\u00e1n.<!--more--><\/p>\n<figure id=\"attachment_8193\" aria-describedby=\"caption-attachment-8193\" style=\"width: 960px\" class=\"wp-caption aligncenter\"><img data-recalc-dims=\"1\" loading=\"lazy\" decoding=\"async\" data-attachment-id=\"8193\" data-permalink=\"https:\/\/le-fort.org\/cocina\/cartamo-el-otro-azafran\/cartamo-seco\/\" data-orig-file=\"https:\/\/i0.wp.com\/le-fort.org\/cocina\/wp-content\/uploads\/2016\/06\/cartamo-seco.jpg?fit=960%2C600&amp;ssl=1\" data-orig-size=\"960,600\" data-comments-opened=\"0\" data-image-meta=\"{&quot;aperture&quot;:&quot;0&quot;,&quot;credit&quot;:&quot;&quot;,&quot;camera&quot;:&quot;&quot;,&quot;caption&quot;:&quot;&quot;,&quot;created_timestamp&quot;:&quot;0&quot;,&quot;copyright&quot;:&quot;&quot;,&quot;focal_length&quot;:&quot;0&quot;,&quot;iso&quot;:&quot;0&quot;,&quot;shutter_speed&quot;:&quot;0&quot;,&quot;title&quot;:&quot;&quot;,&quot;orientation&quot;:&quot;0&quot;}\" data-image-title=\"cartamo-seco\" data-image-description=\"\" data-image-caption=\"&lt;p&gt;C\u00e1rtamo&lt;\/p&gt;\n\" data-large-file=\"https:\/\/i0.wp.com\/le-fort.org\/cocina\/wp-content\/uploads\/2016\/06\/cartamo-seco.jpg?fit=960%2C600&amp;ssl=1\" class=\"size-full wp-image-8193\" src=\"https:\/\/i0.wp.com\/www.le-fort.org\/wp-content\/uploads\/2016\/06\/cartamo-seco.jpg?resize=960%2C600&#038;ssl=1\" alt=\"C\u00e1rtamo\" width=\"960\" height=\"600\" srcset=\"https:\/\/i0.wp.com\/le-fort.org\/cocina\/wp-content\/uploads\/2016\/06\/cartamo-seco.jpg?w=960&amp;ssl=1 960w, https:\/\/i0.wp.com\/le-fort.org\/cocina\/wp-content\/uploads\/2016\/06\/cartamo-seco.jpg?resize=600%2C375&amp;ssl=1 600w\" sizes=\"auto, (max-width: 960px) 100vw, 960px\" \/><figcaption id=\"caption-attachment-8193\" class=\"wp-caption-text\">C\u00e1rtamo<\/figcaption><\/figure>\n<p>El \u00a0nombre de esta planta viene de una palabra \u00e1rabe que quiere decir &#8220;colorante&#8221; y efectivamente se ha usado como tal desde la antig\u00fcedad, extray\u00e9ndose colores amarillo y rojo de la planta. Sus semillas se utilizan para alimento de aves y animales en reemplazo de las semillas de girasol, debido a la peculiaridad de que a las ardillas no les gusta.<\/p>\n<p>En gastronom\u00eda se utiliza como un sustituto barato del azafr\u00e1n, y cumple la misma funci\u00f3n de te\u00f1ir los platos. Otro uso es el de te\u00f1ir camarones, al ser utilizado como suplemento alimenticio de estos.<\/p>\n<p>Para su uso culinario lo utilizamos de la misma forma que el azafr\u00e1n, remoj\u00e1ndolo en agua caliente para que libere su color.<\/p>\n<figure id=\"attachment_8191\" aria-describedby=\"caption-attachment-8191\" style=\"width: 960px\" class=\"wp-caption aligncenter\"><img data-recalc-dims=\"1\" loading=\"lazy\" decoding=\"async\" data-attachment-id=\"8191\" data-permalink=\"https:\/\/le-fort.org\/cocina\/cartamo-el-otro-azafran\/cartamo\/\" data-orig-file=\"https:\/\/i0.wp.com\/le-fort.org\/cocina\/wp-content\/uploads\/2016\/06\/cartamo.jpg?fit=960%2C600&amp;ssl=1\" data-orig-size=\"960,600\" data-comments-opened=\"0\" data-image-meta=\"{&quot;aperture&quot;:&quot;0&quot;,&quot;credit&quot;:&quot;&quot;,&quot;camera&quot;:&quot;&quot;,&quot;caption&quot;:&quot;&quot;,&quot;created_timestamp&quot;:&quot;0&quot;,&quot;copyright&quot;:&quot;&quot;,&quot;focal_length&quot;:&quot;0&quot;,&quot;iso&quot;:&quot;0&quot;,&quot;shutter_speed&quot;:&quot;0&quot;,&quot;title&quot;:&quot;&quot;,&quot;orientation&quot;:&quot;0&quot;}\" data-image-title=\"cartamo\" data-image-description=\"\" data-image-caption=\"&lt;p&gt;C\u00e1rtamo remojado en agua caliente&lt;\/p&gt;\n\" data-large-file=\"https:\/\/i0.wp.com\/le-fort.org\/cocina\/wp-content\/uploads\/2016\/06\/cartamo.jpg?fit=960%2C600&amp;ssl=1\" class=\"size-full wp-image-8191\" src=\"https:\/\/i0.wp.com\/www.le-fort.org\/wp-content\/uploads\/2016\/06\/cartamo.jpg?resize=960%2C600&#038;ssl=1\" alt=\"C\u00e1rtamo remojado en agua caliente\" width=\"960\" height=\"600\" srcset=\"https:\/\/i0.wp.com\/le-fort.org\/cocina\/wp-content\/uploads\/2016\/06\/cartamo.jpg?w=960&amp;ssl=1 960w, https:\/\/i0.wp.com\/le-fort.org\/cocina\/wp-content\/uploads\/2016\/06\/cartamo.jpg?resize=600%2C375&amp;ssl=1 600w\" sizes=\"auto, (max-width: 960px) 100vw, 960px\" \/><figcaption id=\"caption-attachment-8191\" class=\"wp-caption-text\">C\u00e1rtamo remojado en agua caliente<\/figcaption><\/figure>\n<p>Produce un color menos intenso que el del azafr\u00e1n y no aporta gusto o aroma.<\/p>\n<p>Se suele vender como azafr\u00e1n sin especificar que es otra especie de planta. Probablemente si te est\u00e1n vendiendo un azafr\u00e1n que no es caro, lo que en verdad te est\u00e1n vendiendo es c\u00e1rtamo.<\/p>\n","protected":false},"excerpt":{"rendered":"<p>El c\u00e1rtamo o alazor es una planta muy apreciada por sus semillas, su aceite, y por lo que nos ocupa aqu\u00ed, como especia. Tambi\u00e9n se le conoce como azafr\u00e1n bastardo por ser una alternativa m\u00e1s barata al azafr\u00e1n.<\/p>\n","protected":false},"author":1,"featured_media":8192,"comment_status":"closed","ping_status":"closed","sticky":false,"template":"","format":"standard","meta":{"_jetpack_newsletter_access":"","_jetpack_dont_email_post_to_subs":false,"_jetpack_newsletter_tier_id":0,"_jetpack_memberships_contains_paywalled_content":false,"_jetpack_memberships_contains_paid_content":false,"footnotes":""},"categories":[14],"tags":[354],"class_list":["post-8190","post","type-post","status-publish","format-standard","has-post-thumbnail","hentry","category-condimentos-especias","tag-especias","entry","has-media"],"jetpack_featured_media_url":"https:\/\/i0.wp.com\/le-fort.org\/cocina\/wp-content\/uploads\/2016\/06\/cartamo-hd.jpg?fit=1500%2C500&ssl=1","jetpack_shortlink":"https:\/\/wp.me\/pghKer-286","jetpack_sharing_enabled":true,"jetpack-related-posts":[{"id":1195,"url":"https:\/\/le-fort.org\/cocina\/especias-cardamomo\/","url_meta":{"origin":8190,"position":0},"title":"Cardamomo","author":"Le-Fort.org","date":"18 de Agosto, 2011","format":false,"excerpt":"El Cardamomo es la \"especia extra\u00f1a\" por antonomasia, para nosotros que no la conocemos. Aprendamos un poco sobre ella.","rel":"","context":"En &quot;Comida&quot;","block_context":{"text":"Comida","link":"https:\/\/le-fort.org\/cocina\/categoria\/cocina-comida\/"},"img":{"alt_text":"","src":"https:\/\/i0.wp.com\/le-fort.org\/cocina\/wp-content\/uploads\/2011\/08\/cardamomo-hd.jpg?fit=1200%2C400&ssl=1&resize=350%2C200","width":350,"height":200,"srcset":"https:\/\/i0.wp.com\/le-fort.org\/cocina\/wp-content\/uploads\/2011\/08\/cardamomo-hd.jpg?fit=1200%2C400&ssl=1&resize=350%2C200 1x, https:\/\/i0.wp.com\/le-fort.org\/cocina\/wp-content\/uploads\/2011\/08\/cardamomo-hd.jpg?fit=1200%2C400&ssl=1&resize=525%2C300 1.5x, https:\/\/i0.wp.com\/le-fort.org\/cocina\/wp-content\/uploads\/2011\/08\/cardamomo-hd.jpg?fit=1200%2C400&ssl=1&resize=700%2C400 2x, https:\/\/i0.wp.com\/le-fort.org\/cocina\/wp-content\/uploads\/2011\/08\/cardamomo-hd.jpg?fit=1200%2C400&ssl=1&resize=1050%2C600 3x"},"classes":[]},{"id":8391,"url":"https:\/\/le-fort.org\/cocina\/anis\/","url_meta":{"origin":8190,"position":1},"title":"An\u00eds (semilla)","author":"Le-Fort.org","date":"9 de Julio, 2016","format":false,"excerpt":"El an\u00eds es una especia de la misma familia que el comino, el hinojo y otras. Se usa como planta medicinal, en reposter\u00eda, licores y en platos salados.","rel":"","context":"En &quot;Condimentos y Especias&quot;","block_context":{"text":"Condimentos y Especias","link":"https:\/\/le-fort.org\/cocina\/categoria\/condimentos-especias\/"},"img":{"alt_text":"","src":"https:\/\/i0.wp.com\/le-fort.org\/cocina\/wp-content\/uploads\/2016\/07\/anis-hd.jpg?fit=1200%2C400&ssl=1&resize=350%2C200","width":350,"height":200,"srcset":"https:\/\/i0.wp.com\/le-fort.org\/cocina\/wp-content\/uploads\/2016\/07\/anis-hd.jpg?fit=1200%2C400&ssl=1&resize=350%2C200 1x, https:\/\/i0.wp.com\/le-fort.org\/cocina\/wp-content\/uploads\/2016\/07\/anis-hd.jpg?fit=1200%2C400&ssl=1&resize=525%2C300 1.5x, https:\/\/i0.wp.com\/le-fort.org\/cocina\/wp-content\/uploads\/2016\/07\/anis-hd.jpg?fit=1200%2C400&ssl=1&resize=700%2C400 2x, https:\/\/i0.wp.com\/le-fort.org\/cocina\/wp-content\/uploads\/2016\/07\/anis-hd.jpg?fit=1200%2C400&ssl=1&resize=1050%2C600 3x"},"classes":[]},{"id":8329,"url":"https:\/\/le-fort.org\/cocina\/semillas-de-hinojo\/","url_meta":{"origin":8190,"position":2},"title":"Hinojo","author":"Le-Fort.org","date":"6 de Julio, 2016","format":false,"excerpt":"El hinojo es una planta muy vers\u00e1til: utilizamos su\u00a0bulbo, sus hojas y sus semillas. Hoy nos dedicaremos a las semillas (que en verdad son los frutos). El hinojo es una api\u00e1cea. Es decir, es pariente de una serie de otras especias tales como el comino, la alcaravea, el eneldo y\u2026","rel":"","context":"En &quot;Condimentos y Especias&quot;","block_context":{"text":"Condimentos y Especias","link":"https:\/\/le-fort.org\/cocina\/categoria\/condimentos-especias\/"},"img":{"alt_text":"Hinojo","src":"https:\/\/i0.wp.com\/le-fort.org\/cocina\/wp-content\/uploads\/2016\/07\/hinojo-hd.jpg?fit=1200%2C400&ssl=1&resize=350%2C200","width":350,"height":200,"srcset":"https:\/\/i0.wp.com\/le-fort.org\/cocina\/wp-content\/uploads\/2016\/07\/hinojo-hd.jpg?fit=1200%2C400&ssl=1&resize=350%2C200 1x, https:\/\/i0.wp.com\/le-fort.org\/cocina\/wp-content\/uploads\/2016\/07\/hinojo-hd.jpg?fit=1200%2C400&ssl=1&resize=525%2C300 1.5x, https:\/\/i0.wp.com\/le-fort.org\/cocina\/wp-content\/uploads\/2016\/07\/hinojo-hd.jpg?fit=1200%2C400&ssl=1&resize=700%2C400 2x, https:\/\/i0.wp.com\/le-fort.org\/cocina\/wp-content\/uploads\/2016\/07\/hinojo-hd.jpg?fit=1200%2C400&ssl=1&resize=1050%2C600 3x"},"classes":[]},{"id":4895,"url":"https:\/\/le-fort.org\/cocina\/la-semilla-de-eneldo\/","url_meta":{"origin":8190,"position":3},"title":"Eneldo (Semilla)","author":"Le-Fort.org","date":"19 de Agosto, 2013","format":false,"excerpt":"La semilla de eneldo es un ingrediente no muy frecuente pero esencial para la manufactura de pickles (encurtidos) y muy bueno con papas y en la elaboraci\u00f3n de panes.","rel":"","context":"En &quot;Condimentos y Especias&quot;","block_context":{"text":"Condimentos y Especias","link":"https:\/\/le-fort.org\/cocina\/categoria\/condimentos-especias\/"},"img":{"alt_text":"","src":"https:\/\/i0.wp.com\/le-fort.org\/cocina\/wp-content\/uploads\/2013\/08\/eneldo-hd.jpg?fit=1200%2C400&ssl=1&resize=350%2C200","width":350,"height":200,"srcset":"https:\/\/i0.wp.com\/le-fort.org\/cocina\/wp-content\/uploads\/2013\/08\/eneldo-hd.jpg?fit=1200%2C400&ssl=1&resize=350%2C200 1x, https:\/\/i0.wp.com\/le-fort.org\/cocina\/wp-content\/uploads\/2013\/08\/eneldo-hd.jpg?fit=1200%2C400&ssl=1&resize=525%2C300 1.5x, https:\/\/i0.wp.com\/le-fort.org\/cocina\/wp-content\/uploads\/2013\/08\/eneldo-hd.jpg?fit=1200%2C400&ssl=1&resize=700%2C400 2x, https:\/\/i0.wp.com\/le-fort.org\/cocina\/wp-content\/uploads\/2013\/08\/eneldo-hd.jpg?fit=1200%2C400&ssl=1&resize=1050%2C600 3x"},"classes":[]},{"id":565,"url":"https:\/\/le-fort.org\/cocina\/semillas-de-cilantro\/","url_meta":{"origin":8190,"position":4},"title":"Semillas de Cilantro (Especia)","author":"Le-Fort.org","date":"30 de Julio, 2011","format":false,"excerpt":"El cilantro es m\u00e1s que la hoja. Aqu\u00ed hablamos de la semilla de cilantro, que se usa mucho en cocina india, entre otras.","rel":"","context":"En &quot;Comida&quot;","block_context":{"text":"Comida","link":"https:\/\/le-fort.org\/cocina\/categoria\/cocina-comida\/"},"img":{"alt_text":"","src":"https:\/\/i0.wp.com\/le-fort.org\/cocina\/wp-content\/uploads\/2011\/07\/cilantro-1.jpg?fit=1200%2C400&ssl=1&resize=350%2C200","width":350,"height":200,"srcset":"https:\/\/i0.wp.com\/le-fort.org\/cocina\/wp-content\/uploads\/2011\/07\/cilantro-1.jpg?fit=1200%2C400&ssl=1&resize=350%2C200 1x, https:\/\/i0.wp.com\/le-fort.org\/cocina\/wp-content\/uploads\/2011\/07\/cilantro-1.jpg?fit=1200%2C400&ssl=1&resize=525%2C300 1.5x, https:\/\/i0.wp.com\/le-fort.org\/cocina\/wp-content\/uploads\/2011\/07\/cilantro-1.jpg?fit=1200%2C400&ssl=1&resize=700%2C400 2x, https:\/\/i0.wp.com\/le-fort.org\/cocina\/wp-content\/uploads\/2011\/07\/cilantro-1.jpg?fit=1200%2C400&ssl=1&resize=1050%2C600 3x"},"classes":[]},{"id":5299,"url":"https:\/\/le-fort.org\/cocina\/especias-la-alcaravea\/","url_meta":{"origin":8190,"position":5},"title":"Alcaravea","author":"Le-Fort.org","date":"22 de Febrero, 2015","format":false,"excerpt":"La alcaravea es una especia de la misma familia del comino y el cilantro, com\u00fan en la cocina de Europa oriental y medio oriente.","rel":"","context":"En &quot;Condimentos y Especias&quot;","block_context":{"text":"Condimentos y Especias","link":"https:\/\/le-fort.org\/cocina\/categoria\/condimentos-especias\/"},"img":{"alt_text":"Semillas de Alcaravea","src":"https:\/\/i0.wp.com\/le-fort.org\/cocina\/wp-content\/uploads\/2015\/02\/alcaravea-hd.jpg?fit=1200%2C400&ssl=1&resize=350%2C200","width":350,"height":200,"srcset":"https:\/\/i0.wp.com\/le-fort.org\/cocina\/wp-content\/uploads\/2015\/02\/alcaravea-hd.jpg?fit=1200%2C400&ssl=1&resize=350%2C200 1x, https:\/\/i0.wp.com\/le-fort.org\/cocina\/wp-content\/uploads\/2015\/02\/alcaravea-hd.jpg?fit=1200%2C400&ssl=1&resize=525%2C300 1.5x, https:\/\/i0.wp.com\/le-fort.org\/cocina\/wp-content\/uploads\/2015\/02\/alcaravea-hd.jpg?fit=1200%2C400&ssl=1&resize=700%2C400 2x, https:\/\/i0.wp.com\/le-fort.org\/cocina\/wp-content\/uploads\/2015\/02\/alcaravea-hd.jpg?fit=1200%2C400&ssl=1&resize=1050%2C600 3x"},"classes":[]}],"_links":{"self":[{"href":"https:\/\/le-fort.org\/cocina\/wp-json\/wp\/v2\/posts\/8190","targetHints":{"allow":["GET"]}}],"collection":[{"href":"https:\/\/le-fort.org\/cocina\/wp-json\/wp\/v2\/posts"}],"about":[{"href":"https:\/\/le-fort.org\/cocina\/wp-json\/wp\/v2\/types\/post"}],"author":[{"embeddable":true,"href":"https:\/\/le-fort.org\/cocina\/wp-json\/wp\/v2\/users\/1"}],"replies":[{"embeddable":true,"href":"https:\/\/le-fort.org\/cocina\/wp-json\/wp\/v2\/comments?post=8190"}],"version-history":[{"count":0,"href":"https:\/\/le-fort.org\/cocina\/wp-json\/wp\/v2\/posts\/8190\/revisions"}],"wp:featuredmedia":[{"embeddable":true,"href":"https:\/\/le-fort.org\/cocina\/wp-json\/wp\/v2\/media\/8192"}],"wp:attachment":[{"href":"https:\/\/le-fort.org\/cocina\/wp-json\/wp\/v2\/media?parent=8190"}],"wp:term":[{"taxonomy":"category","embeddable":true,"href":"https:\/\/le-fort.org\/cocina\/wp-json\/wp\/v2\/categories?post=8190"},{"taxonomy":"post_tag","embeddable":true,"href":"https:\/\/le-fort.org\/cocina\/wp-json\/wp\/v2\/tags?post=8190"}],"curies":[{"name":"wp","href":"https:\/\/api.w.org\/{rel}","templated":true}]}}