{"id":8210,"date":"2016-06-27T23:00:11","date_gmt":"2016-06-28T04:00:11","guid":{"rendered":"http:\/\/www.loquecomemos.com\/?p=8210"},"modified":"2017-05-06T09:59:00","modified_gmt":"2017-05-06T14:59:00","slug":"jumbals","status":"publish","type":"post","link":"https:\/\/le-fort.org\/cocina\/jumbals\/","title":{"rendered":"Jumbals"},"content":{"rendered":"<p>Preparamos estas galletas llamadas Jumbals como parte de <a href=\"https:\/\/www.futurelearn.com\/courses\/royal-food\" target=\"_blank\">un curso muy interesante<\/a> que estamos tomando en l\u00ednea, sobre la historia de la comida bajo distintos reyes y reinas de Inglaterra.<!--more-->\u00a0La receta es de la lecci\u00f3n sobre Isabel I, y est\u00e1 en el contexto del descenso del precio del az\u00facar en el siglo XVI.<\/p>\n<p>Estas galletas no son leudadas, lo que permite que duren mucho tiempo, y primero se hierven y luego se hornean, al igual que los\u00a0bagels.<\/p>\n<figure id=\"attachment_8211\" aria-describedby=\"caption-attachment-8211\" style=\"width: 600px\" class=\"wp-caption aligncenter\"><img data-recalc-dims=\"1\" loading=\"lazy\" decoding=\"async\" data-attachment-id=\"8211\" data-permalink=\"https:\/\/le-fort.org\/cocina\/jumbals\/jumbal\/\" data-orig-file=\"https:\/\/i0.wp.com\/le-fort.org\/cocina\/wp-content\/uploads\/2016\/06\/jumbal.jpg?fit=1280%2C850&amp;ssl=1\" data-orig-size=\"1280,850\" data-comments-opened=\"0\" data-image-meta=\"{&quot;aperture&quot;:&quot;0&quot;,&quot;credit&quot;:&quot;&quot;,&quot;camera&quot;:&quot;&quot;,&quot;caption&quot;:&quot;&quot;,&quot;created_timestamp&quot;:&quot;0&quot;,&quot;copyright&quot;:&quot;&quot;,&quot;focal_length&quot;:&quot;0&quot;,&quot;iso&quot;:&quot;0&quot;,&quot;shutter_speed&quot;:&quot;0&quot;,&quot;title&quot;:&quot;&quot;,&quot;orientation&quot;:&quot;0&quot;}\" data-image-title=\"jumbal\" data-image-description=\"\" data-image-caption=\"&lt;p&gt;Jumbal de alcaravea.&lt;\/p&gt;\n\" data-large-file=\"https:\/\/i0.wp.com\/le-fort.org\/cocina\/wp-content\/uploads\/2016\/06\/jumbal.jpg?fit=1200%2C797&amp;ssl=1\" class=\"size-medium wp-image-8211\" src=\"https:\/\/i0.wp.com\/www.le-fort.org\/wp-content\/uploads\/2016\/06\/jumbal-600x398.jpg?resize=600%2C398&#038;ssl=1\" alt=\"Jumbal de alcaravea.\" width=\"600\" height=\"398\" srcset=\"https:\/\/i0.wp.com\/le-fort.org\/cocina\/wp-content\/uploads\/2016\/06\/jumbal.jpg?resize=600%2C398&amp;ssl=1 600w, https:\/\/i0.wp.com\/le-fort.org\/cocina\/wp-content\/uploads\/2016\/06\/jumbal.jpg?w=1280&amp;ssl=1 1280w\" sizes=\"auto, (max-width: 600px) 100vw, 600px\" \/><figcaption id=\"caption-attachment-8211\" class=\"wp-caption-text\">Jumbal de alcaravea.<\/figcaption><\/figure>\n<p>Adaptamos la receta del material del curso que ya les mencionamos y es la siguiente:<\/p>\n<h2>Ingredientes<\/h2>\n<ul>\n<li>2 huevos<\/li>\n<li>100gr az\u00facar<\/li>\n<li>1 cucharada sopera de alcaravea<\/li>\n<li>180gr harina de trigo sin polvos de hornear<\/li>\n<\/ul>\n<p><img data-recalc-dims=\"1\" loading=\"lazy\" decoding=\"async\" data-attachment-id=\"6088\" data-permalink=\"https:\/\/le-fort.org\/cocina\/especias-la-alcaravea\/alcaravea-hd\/\" data-orig-file=\"https:\/\/i0.wp.com\/le-fort.org\/cocina\/wp-content\/uploads\/2015\/02\/alcaravea-hd.jpg?fit=1200%2C400&amp;ssl=1\" data-orig-size=\"1200,400\" data-comments-opened=\"0\" data-image-meta=\"{&quot;aperture&quot;:&quot;0&quot;,&quot;credit&quot;:&quot;&quot;,&quot;camera&quot;:&quot;&quot;,&quot;caption&quot;:&quot;&quot;,&quot;created_timestamp&quot;:&quot;0&quot;,&quot;copyright&quot;:&quot;&quot;,&quot;focal_length&quot;:&quot;0&quot;,&quot;iso&quot;:&quot;0&quot;,&quot;shutter_speed&quot;:&quot;0&quot;,&quot;title&quot;:&quot;&quot;,&quot;orientation&quot;:&quot;0&quot;}\" data-image-title=\"alcaravea-hd\" data-image-description=\"\" data-image-caption=\"\" data-large-file=\"https:\/\/i0.wp.com\/le-fort.org\/cocina\/wp-content\/uploads\/2015\/02\/alcaravea-hd.jpg?fit=1200%2C400&amp;ssl=1\" class=\"aligncenter size-medium wp-image-6088\" src=\"https:\/\/i0.wp.com\/www.le-fort.org\/wp-content\/uploads\/2015\/02\/alcaravea-hd-600x200.jpg?resize=600%2C200&#038;ssl=1\" alt=\"Semillas de Alcaravea\" width=\"600\" height=\"200\" srcset=\"https:\/\/i0.wp.com\/le-fort.org\/cocina\/wp-content\/uploads\/2015\/02\/alcaravea-hd.jpg?resize=600%2C200&amp;ssl=1 600w, https:\/\/i0.wp.com\/le-fort.org\/cocina\/wp-content\/uploads\/2015\/02\/alcaravea-hd.jpg?w=1200&amp;ssl=1 1200w\" sizes=\"auto, (max-width: 600px) 100vw, 600px\" \/><\/p>\n<h2>Procedimiento<\/h2>\n<ol>\n<li>Mezclamos el huevo y el az\u00facar<\/li>\n<li>a\u00f1adimos la alcaravea<\/li>\n<li>A\u00f1adimos la harina. La masa deber\u00eda\u00a0quedar similar a la\u00a0pasta de tallarines<\/li>\n<li>Le damos forma de un cilindro muy largo a la masa y la vamos enrollando o trenzando seg\u00fan nuestro gusto, habilidad, o lo posible \ud83d\ude09<\/li>\n<li>Hervimos las roscas, o galletas en agua, hasta que floten.<\/li>\n<li>Una vez que flotan, las sacamos del agua, escurrimos y disponemos en una lata de horno aceitada<\/li>\n<li>Horneamos dos horas a 120\u00b0C hasta que queden secas y comiencen a dorarse.<\/li>\n<\/ol>\n<p>Quedan duras, muy duras, lo que es adecuado para su preservaci\u00f3n.<\/p>\n<p>A nosotros nos gustaron mucho como galletas para el caf\u00e9.<\/p>\n<p>Les recomendamos el curso, y les recomendamos los jumbals<\/p>\n","protected":false},"excerpt":{"rendered":"<p>Preparamos estas galletas llamadas Jumbals como parte de un curso muy interesante que estamos tomando en l\u00ednea, sobre la historia de la comida bajo distintos reyes y reinas de Inglaterra.<\/p>\n","protected":false},"author":1,"featured_media":8212,"comment_status":"closed","ping_status":"closed","sticky":false,"template":"","format":"standard","meta":{"_jetpack_newsletter_access":"","_jetpack_dont_email_post_to_subs":false,"_jetpack_newsletter_tier_id":0,"_jetpack_memberships_contains_paywalled_content":false,"_jetpack_memberships_contains_paid_content":false,"footnotes":""},"categories":[25],"tags":[47,658],"class_list":["post-8210","post","type-post","status-publish","format-standard","has-post-thumbnail","hentry","category-reposteria","tag-dulces","tag-historia","entry","has-media"],"jetpack_featured_media_url":"https:\/\/i0.wp.com\/le-fort.org\/cocina\/wp-content\/uploads\/2016\/06\/jumbal-hd.jpg?fit=1500%2C500&ssl=1","jetpack_shortlink":"https:\/\/wp.me\/sghKer-jumbals","jetpack_sharing_enabled":true,"jetpack-related-posts":[{"id":4869,"url":"https:\/\/le-fort.org\/cocina\/galletas-de-mantequilla\/","url_meta":{"origin":8210,"position":0},"title":"Galletas de Mantequilla","author":"Le-Fort.org","date":"5 de Agosto, 2013","format":false,"excerpt":"Receta de galletas de mantequilla, hechas con mantequilla, harina, az\u00facar, yema y vainilla. Simples y muy ricas. Requieren un par de horas de refrigeraci\u00f3n.","rel":"","context":"En &quot;Recetas&quot;","block_context":{"text":"Recetas","link":"https:\/\/le-fort.org\/cocina\/categoria\/recetas\/"},"img":{"alt_text":"","src":"https:\/\/i0.wp.com\/le-fort.org\/cocina\/wp-content\/uploads\/2013\/08\/galletas-hd.jpg?fit=1200%2C400&ssl=1&resize=350%2C200","width":350,"height":200,"srcset":"https:\/\/i0.wp.com\/le-fort.org\/cocina\/wp-content\/uploads\/2013\/08\/galletas-hd.jpg?fit=1200%2C400&ssl=1&resize=350%2C200 1x, https:\/\/i0.wp.com\/le-fort.org\/cocina\/wp-content\/uploads\/2013\/08\/galletas-hd.jpg?fit=1200%2C400&ssl=1&resize=525%2C300 1.5x, https:\/\/i0.wp.com\/le-fort.org\/cocina\/wp-content\/uploads\/2013\/08\/galletas-hd.jpg?fit=1200%2C400&ssl=1&resize=700%2C400 2x, https:\/\/i0.wp.com\/le-fort.org\/cocina\/wp-content\/uploads\/2013\/08\/galletas-hd.jpg?fit=1200%2C400&ssl=1&resize=1050%2C600 3x"},"classes":[]},{"id":5110,"url":"https:\/\/le-fort.org\/cocina\/cheesecake-de-galletas-oreo-ii\/","url_meta":{"origin":8210,"position":1},"title":"Cheesecake de Galletas Oreo Horneado","author":"Le-Fort.org","date":"5 de Enero, 2014","format":false,"excerpt":"Receta de cheesecake de galletas Oreo, con base de galletas oreo y relleno de queso crema, crema y huevos, horneado.","rel":"","context":"En &quot;Recetas&quot;","block_context":{"text":"Recetas","link":"https:\/\/le-fort.org\/cocina\/categoria\/recetas\/"},"img":{"alt_text":"","src":"https:\/\/i0.wp.com\/le-fort.org\/cocina\/wp-content\/uploads\/2014\/01\/cheesecake-oreo-hd.jpg?fit=1200%2C400&ssl=1&resize=350%2C200","width":350,"height":200,"srcset":"https:\/\/i0.wp.com\/le-fort.org\/cocina\/wp-content\/uploads\/2014\/01\/cheesecake-oreo-hd.jpg?fit=1200%2C400&ssl=1&resize=350%2C200 1x, https:\/\/i0.wp.com\/le-fort.org\/cocina\/wp-content\/uploads\/2014\/01\/cheesecake-oreo-hd.jpg?fit=1200%2C400&ssl=1&resize=525%2C300 1.5x, https:\/\/i0.wp.com\/le-fort.org\/cocina\/wp-content\/uploads\/2014\/01\/cheesecake-oreo-hd.jpg?fit=1200%2C400&ssl=1&resize=700%2C400 2x, https:\/\/i0.wp.com\/le-fort.org\/cocina\/wp-content\/uploads\/2014\/01\/cheesecake-oreo-hd.jpg?fit=1200%2C400&ssl=1&resize=1050%2C600 3x"},"classes":[]},{"id":6660,"url":"https:\/\/le-fort.org\/cocina\/moncaibas-o-amor-con-hambre\/","url_meta":{"origin":8210,"position":2},"title":"Moncaibas o Amor con Hambre","author":"Le-Fort.org","date":"19 de Julio, 2015","format":false,"excerpt":"Receta de Moncaibas, tambi\u00e9n conocidas como \"Amor con Hambre.\" Galletas t\u00edpicas del Ecuador. Son simples, ricas y llenadoras.","rel":"","context":"En &quot;Recetas&quot;","block_context":{"text":"Recetas","link":"https:\/\/le-fort.org\/cocina\/categoria\/recetas\/"},"img":{"alt_text":"","src":"https:\/\/i0.wp.com\/le-fort.org\/cocina\/wp-content\/uploads\/2015\/07\/moncaibas-hd.jpg?fit=1200%2C400&ssl=1&resize=350%2C200","width":350,"height":200,"srcset":"https:\/\/i0.wp.com\/le-fort.org\/cocina\/wp-content\/uploads\/2015\/07\/moncaibas-hd.jpg?fit=1200%2C400&ssl=1&resize=350%2C200 1x, https:\/\/i0.wp.com\/le-fort.org\/cocina\/wp-content\/uploads\/2015\/07\/moncaibas-hd.jpg?fit=1200%2C400&ssl=1&resize=525%2C300 1.5x, https:\/\/i0.wp.com\/le-fort.org\/cocina\/wp-content\/uploads\/2015\/07\/moncaibas-hd.jpg?fit=1200%2C400&ssl=1&resize=700%2C400 2x, https:\/\/i0.wp.com\/le-fort.org\/cocina\/wp-content\/uploads\/2015\/07\/moncaibas-hd.jpg?fit=1200%2C400&ssl=1&resize=1050%2C600 3x"},"classes":[]},{"id":16049,"url":"https:\/\/le-fort.org\/cocina\/tarta-de-galletas\/","url_meta":{"origin":8210,"position":3},"title":"Tarta de Galletas","author":"Marell Rojas","date":"13 de Mayo, 2020","format":false,"excerpt":"Receta de base de tarta de galletas","rel":"","context":"En &quot;Productos&quot;","block_context":{"text":"Productos","link":"https:\/\/le-fort.org\/cocina\/categoria\/productos\/"},"img":{"alt_text":"","src":"","width":0,"height":0},"classes":[]},{"id":4882,"url":"https:\/\/le-fort.org\/cocina\/cheesecake-de-galletas-oreo\/","url_meta":{"origin":8210,"position":4},"title":"Cheesecake de Galletas Oreo","author":"Le-Fort.org","date":"10 de Agosto, 2013","format":false,"excerpt":"Receta sin horno de cheesecake de galletas Oreo. F\u00e1cil y muy bueno. Gallerat Oreo, queso crema, crema batida, az\u00facar y mantequilla.","rel":"","context":"En &quot;Recetas&quot;","block_context":{"text":"Recetas","link":"https:\/\/le-fort.org\/cocina\/categoria\/recetas\/"},"img":{"alt_text":"","src":"https:\/\/i0.wp.com\/le-fort.org\/cocina\/wp-content\/uploads\/2013\/08\/oreo-hd.jpg?fit=1200%2C400&ssl=1&resize=350%2C200","width":350,"height":200,"srcset":"https:\/\/i0.wp.com\/le-fort.org\/cocina\/wp-content\/uploads\/2013\/08\/oreo-hd.jpg?fit=1200%2C400&ssl=1&resize=350%2C200 1x, https:\/\/i0.wp.com\/le-fort.org\/cocina\/wp-content\/uploads\/2013\/08\/oreo-hd.jpg?fit=1200%2C400&ssl=1&resize=525%2C300 1.5x, https:\/\/i0.wp.com\/le-fort.org\/cocina\/wp-content\/uploads\/2013\/08\/oreo-hd.jpg?fit=1200%2C400&ssl=1&resize=700%2C400 2x, https:\/\/i0.wp.com\/le-fort.org\/cocina\/wp-content\/uploads\/2013\/08\/oreo-hd.jpg?fit=1200%2C400&ssl=1&resize=1050%2C600 3x"},"classes":[]},{"id":14898,"url":"https:\/\/le-fort.org\/cocina\/galletas-de-chips-de-chocolate\/","url_meta":{"origin":8210,"position":5},"title":"Galletas de Chips de Chocolate","author":"Le-Fort.org","date":"12 de Abril, 2020","format":false,"excerpt":"Receta de Galletas de Chips de Chocolate, uno de los cl\u00e1sicos de la reposter\u00eda dom\u00e9stica. Esta receta data de la d\u00e9cada de 1930, y fue adquirida por Nestl\u00e9.","rel":"","context":"En &quot;Reposter\u00eda&quot;","block_context":{"text":"Reposter\u00eda","link":"https:\/\/le-fort.org\/cocina\/categoria\/reposteria\/"},"img":{"alt_text":"","src":"https:\/\/i0.wp.com\/le-fort.org\/cocina\/wp-content\/uploads\/2020\/04\/chocolate-chip-cookies-hd.jpg?fit=1200%2C400&ssl=1&resize=350%2C200","width":350,"height":200,"srcset":"https:\/\/i0.wp.com\/le-fort.org\/cocina\/wp-content\/uploads\/2020\/04\/chocolate-chip-cookies-hd.jpg?fit=1200%2C400&ssl=1&resize=350%2C200 1x, https:\/\/i0.wp.com\/le-fort.org\/cocina\/wp-content\/uploads\/2020\/04\/chocolate-chip-cookies-hd.jpg?fit=1200%2C400&ssl=1&resize=525%2C300 1.5x, https:\/\/i0.wp.com\/le-fort.org\/cocina\/wp-content\/uploads\/2020\/04\/chocolate-chip-cookies-hd.jpg?fit=1200%2C400&ssl=1&resize=700%2C400 2x, https:\/\/i0.wp.com\/le-fort.org\/cocina\/wp-content\/uploads\/2020\/04\/chocolate-chip-cookies-hd.jpg?fit=1200%2C400&ssl=1&resize=1050%2C600 3x"},"classes":[]}],"_links":{"self":[{"href":"https:\/\/le-fort.org\/cocina\/wp-json\/wp\/v2\/posts\/8210","targetHints":{"allow":["GET"]}}],"collection":[{"href":"https:\/\/le-fort.org\/cocina\/wp-json\/wp\/v2\/posts"}],"about":[{"href":"https:\/\/le-fort.org\/cocina\/wp-json\/wp\/v2\/types\/post"}],"author":[{"embeddable":true,"href":"https:\/\/le-fort.org\/cocina\/wp-json\/wp\/v2\/users\/1"}],"replies":[{"embeddable":true,"href":"https:\/\/le-fort.org\/cocina\/wp-json\/wp\/v2\/comments?post=8210"}],"version-history":[{"count":0,"href":"https:\/\/le-fort.org\/cocina\/wp-json\/wp\/v2\/posts\/8210\/revisions"}],"wp:featuredmedia":[{"embeddable":true,"href":"https:\/\/le-fort.org\/cocina\/wp-json\/wp\/v2\/media\/8212"}],"wp:attachment":[{"href":"https:\/\/le-fort.org\/cocina\/wp-json\/wp\/v2\/media?parent=8210"}],"wp:term":[{"taxonomy":"category","embeddable":true,"href":"https:\/\/le-fort.org\/cocina\/wp-json\/wp\/v2\/categories?post=8210"},{"taxonomy":"post_tag","embeddable":true,"href":"https:\/\/le-fort.org\/cocina\/wp-json\/wp\/v2\/tags?post=8210"}],"curies":[{"name":"wp","href":"https:\/\/api.w.org\/{rel}","templated":true}]}}