{"id":8329,"date":"2016-07-06T12:45:45","date_gmt":"2016-07-06T17:45:45","guid":{"rendered":"http:\/\/www.loquecomemos.com\/?p=8329"},"modified":"2022-01-05T09:56:07","modified_gmt":"2022-01-05T14:56:07","slug":"semillas-de-hinojo","status":"publish","type":"post","link":"https:\/\/le-fort.org\/cocina\/semillas-de-hinojo\/","title":{"rendered":"Hinojo"},"content":{"rendered":"<p>El hinojo es una planta muy vers\u00e1til: utilizamos su\u00a0bulbo, sus hojas y sus semillas. Hoy nos dedicaremos a las semillas (que en verdad son los frutos).<!--more--><\/p>\n<p>El hinojo es una api\u00e1cea. Es decir, es pariente de una serie de otras especias tales como el comino, la alcaravea, el <a href=\"https:\/\/le-fort.org\/la-semilla-de-eneldo\/\">eneldo<\/a> y un largo etc\u00e9tera. Sus frutos (en verdad lo que utilizamos es el fruto) son alargados, con estr\u00edas y frecuentemente curvados.<\/p>\n<p>[wp_ad_camp_1]<\/p>\n<p>La planta es oriunda del Mediterr\u00e1neo pero se ha adaptado a muchas partes del mundo. En griego se dice <em>marathon<\/em>, y la batalla de Marat\u00f3n (y la carrera que de ah\u00ed deriva) provienen del nombre de la planta. Se supone que la batalla se desarroll\u00f3 en una llanura con hinojos. Tambi\u00e9n en la antig\u00fcedad se le atribu\u00eda la propiedad de restaurar la visi\u00f3n perdida.<\/p>\n<p>Hablando de Grecia, en la mitolog\u00eda griega se cuenta que Prometeo us\u00f3 un tallo de hinojo para robar el fuego a los dioses y d\u00e1rselo a los hombres.<\/p>\n<p><img data-recalc-dims=\"1\" loading=\"lazy\" decoding=\"async\" data-attachment-id=\"8330\" data-permalink=\"https:\/\/le-fort.org\/cocina\/semillas-de-hinojo\/hinojo-2\/\" data-orig-file=\"https:\/\/i0.wp.com\/le-fort.org\/cocina\/wp-content\/uploads\/2016\/07\/hinojo.jpg?fit=700%2C500&amp;ssl=1\" data-orig-size=\"700,500\" data-comments-opened=\"0\" data-image-meta=\"{&quot;aperture&quot;:&quot;0&quot;,&quot;credit&quot;:&quot;&quot;,&quot;camera&quot;:&quot;&quot;,&quot;caption&quot;:&quot;&quot;,&quot;created_timestamp&quot;:&quot;0&quot;,&quot;copyright&quot;:&quot;&quot;,&quot;focal_length&quot;:&quot;0&quot;,&quot;iso&quot;:&quot;0&quot;,&quot;shutter_speed&quot;:&quot;0&quot;,&quot;title&quot;:&quot;&quot;,&quot;orientation&quot;:&quot;0&quot;}\" data-image-title=\"hinojo\" data-image-description=\"\" data-image-caption=\"\" data-large-file=\"https:\/\/i0.wp.com\/le-fort.org\/cocina\/wp-content\/uploads\/2016\/07\/hinojo.jpg?fit=700%2C500&amp;ssl=1\" class=\"aligncenter size-medium wp-image-8330\" src=\"https:\/\/i0.wp.com\/www.le-fort.org\/wp-content\/uploads\/2016\/07\/hinojo-600x429.jpg?resize=600%2C429&#038;ssl=1\" alt=\"hinojo\" width=\"600\" height=\"429\" srcset=\"https:\/\/i0.wp.com\/le-fort.org\/cocina\/wp-content\/uploads\/2016\/07\/hinojo.jpg?resize=600%2C429&amp;ssl=1 600w, https:\/\/i0.wp.com\/le-fort.org\/cocina\/wp-content\/uploads\/2016\/07\/hinojo.jpg?w=700&amp;ssl=1 700w\" sizes=\"auto, (max-width: 600px) 100vw, 600px\" \/><\/p>\n<p>Se utiliza en cocina dulce y salada. Los usos en cocina salada son principalmente de oriente (India, Pakist\u00e1n, Ir\u00e1n y Medio Oriente), y forma parte del <a href=\"https:\/\/le-fort.org\/ingredientes\/panch-phoron-mezcla-de-especias-india\/\"><em>Panch Phoron<\/em><\/a>, el polvo de cinco sabores y otros condimentos.<\/p>\n<p>Quiz\u00e1 la forma en que m\u00e1s conocemos el hinojo es como ingrediente de los embutidos italianos: salsiccia, y sobre todo el el pepperoni de las pizzas. Aqu\u00ed en casa le encuentran &#8220;gusto a Pizza Hut&#8221;.<\/p>\n<p>\u00bfUtilizas hinojo en tu casa?<\/p>\n<p>[wp_ad_camp_4]<\/p>\n<p>&nbsp;<\/p>\n","protected":false},"excerpt":{"rendered":"<p>El hinojo es una planta muy vers\u00e1til: utilizamos su\u00a0bulbo, sus hojas y sus semillas. Hoy nos dedicaremos a las semillas (que en verdad son los frutos).<\/p>\n","protected":false},"author":1,"featured_media":8331,"comment_status":"closed","ping_status":"closed","sticky":false,"template":"","format":"standard","meta":{"_jetpack_newsletter_access":"","_jetpack_dont_email_post_to_subs":false,"_jetpack_newsletter_tier_id":0,"_jetpack_memberships_contains_paywalled_content":false,"_jetpack_memberships_contains_paid_content":false,"footnotes":""},"categories":[14],"tags":[354,662],"class_list":["post-8329","post","type-post","status-publish","format-standard","has-post-thumbnail","hentry","category-condimentos-especias","tag-especias","tag-hinojo","entry","has-media"],"jetpack_featured_media_url":"https:\/\/i0.wp.com\/le-fort.org\/cocina\/wp-content\/uploads\/2016\/07\/hinojo-hd.jpg?fit=1200%2C400&ssl=1","jetpack_shortlink":"https:\/\/wp.me\/pghKer-2al","jetpack_sharing_enabled":true,"jetpack-related-posts":[{"id":8391,"url":"https:\/\/le-fort.org\/cocina\/anis\/","url_meta":{"origin":8329,"position":0},"title":"An\u00eds (semilla)","author":"Le-Fort.org","date":"9 de Julio, 2016","format":false,"excerpt":"El an\u00eds es una especia de la misma familia que el comino, el hinojo y otras. Se usa como planta medicinal, en reposter\u00eda, licores y en platos salados.","rel":"","context":"En &quot;Condimentos y Especias&quot;","block_context":{"text":"Condimentos y Especias","link":"https:\/\/le-fort.org\/cocina\/categoria\/condimentos-especias\/"},"img":{"alt_text":"","src":"https:\/\/i0.wp.com\/le-fort.org\/cocina\/wp-content\/uploads\/2016\/07\/anis-hd.jpg?fit=1200%2C400&ssl=1&resize=350%2C200","width":350,"height":200,"srcset":"https:\/\/i0.wp.com\/le-fort.org\/cocina\/wp-content\/uploads\/2016\/07\/anis-hd.jpg?fit=1200%2C400&ssl=1&resize=350%2C200 1x, https:\/\/i0.wp.com\/le-fort.org\/cocina\/wp-content\/uploads\/2016\/07\/anis-hd.jpg?fit=1200%2C400&ssl=1&resize=525%2C300 1.5x, https:\/\/i0.wp.com\/le-fort.org\/cocina\/wp-content\/uploads\/2016\/07\/anis-hd.jpg?fit=1200%2C400&ssl=1&resize=700%2C400 2x, https:\/\/i0.wp.com\/le-fort.org\/cocina\/wp-content\/uploads\/2016\/07\/anis-hd.jpg?fit=1200%2C400&ssl=1&resize=1050%2C600 3x"},"classes":[]},{"id":5299,"url":"https:\/\/le-fort.org\/cocina\/especias-la-alcaravea\/","url_meta":{"origin":8329,"position":1},"title":"Alcaravea","author":"Le-Fort.org","date":"22 de Febrero, 2015","format":false,"excerpt":"La alcaravea es una especia de la misma familia del comino y el cilantro, com\u00fan en la cocina de Europa oriental y medio oriente.","rel":"","context":"En &quot;Condimentos y Especias&quot;","block_context":{"text":"Condimentos y Especias","link":"https:\/\/le-fort.org\/cocina\/categoria\/condimentos-especias\/"},"img":{"alt_text":"Semillas de Alcaravea","src":"https:\/\/i0.wp.com\/le-fort.org\/cocina\/wp-content\/uploads\/2015\/02\/alcaravea-hd.jpg?fit=1200%2C400&ssl=1&resize=350%2C200","width":350,"height":200,"srcset":"https:\/\/i0.wp.com\/le-fort.org\/cocina\/wp-content\/uploads\/2015\/02\/alcaravea-hd.jpg?fit=1200%2C400&ssl=1&resize=350%2C200 1x, https:\/\/i0.wp.com\/le-fort.org\/cocina\/wp-content\/uploads\/2015\/02\/alcaravea-hd.jpg?fit=1200%2C400&ssl=1&resize=525%2C300 1.5x, https:\/\/i0.wp.com\/le-fort.org\/cocina\/wp-content\/uploads\/2015\/02\/alcaravea-hd.jpg?fit=1200%2C400&ssl=1&resize=700%2C400 2x, https:\/\/i0.wp.com\/le-fort.org\/cocina\/wp-content\/uploads\/2015\/02\/alcaravea-hd.jpg?fit=1200%2C400&ssl=1&resize=1050%2C600 3x"},"classes":[]},{"id":1674,"url":"https:\/\/le-fort.org\/cocina\/receta-de-garam-masala\/","url_meta":{"origin":8329,"position":2},"title":"Garam Masala","author":"Le-Fort.org","date":"5 de Diciembre, 2011","format":false,"excerpt":"Receta de Garam Masala, mezcla de especias muy com\u00fan \u2013y apreciada\u2013 en cocina de la india","rel":"","context":"En &quot;Comida&quot;","block_context":{"text":"Comida","link":"https:\/\/le-fort.org\/cocina\/categoria\/cocina-comida\/"},"img":{"alt_text":"","src":"https:\/\/i0.wp.com\/le-fort.org\/cocina\/wp-content\/uploads\/2011\/12\/garam-masala-entero-hd.jpg?fit=1200%2C400&ssl=1&resize=350%2C200","width":350,"height":200,"srcset":"https:\/\/i0.wp.com\/le-fort.org\/cocina\/wp-content\/uploads\/2011\/12\/garam-masala-entero-hd.jpg?fit=1200%2C400&ssl=1&resize=350%2C200 1x, https:\/\/i0.wp.com\/le-fort.org\/cocina\/wp-content\/uploads\/2011\/12\/garam-masala-entero-hd.jpg?fit=1200%2C400&ssl=1&resize=525%2C300 1.5x, https:\/\/i0.wp.com\/le-fort.org\/cocina\/wp-content\/uploads\/2011\/12\/garam-masala-entero-hd.jpg?fit=1200%2C400&ssl=1&resize=700%2C400 2x, https:\/\/i0.wp.com\/le-fort.org\/cocina\/wp-content\/uploads\/2011\/12\/garam-masala-entero-hd.jpg?fit=1200%2C400&ssl=1&resize=1050%2C600 3x"},"classes":[]},{"id":10586,"url":"https:\/\/le-fort.org\/cocina\/kashmiri-pulao\/","url_meta":{"origin":8329,"position":3},"title":"Kashmiri Pulao","author":"Le-Fort.org","date":"6 de Diciembre, 2017","format":false,"excerpt":"Receta de arroz con frutos secos de India","rel":"","context":"En &quot;Recetas&quot;","block_context":{"text":"Recetas","link":"https:\/\/le-fort.org\/cocina\/categoria\/recetas\/"},"img":{"alt_text":"","src":"https:\/\/i0.wp.com\/le-fort.org\/cocina\/wp-content\/uploads\/2017\/12\/kashmiri-hd.jpg?fit=1200%2C400&ssl=1&resize=350%2C200","width":350,"height":200,"srcset":"https:\/\/i0.wp.com\/le-fort.org\/cocina\/wp-content\/uploads\/2017\/12\/kashmiri-hd.jpg?fit=1200%2C400&ssl=1&resize=350%2C200 1x, https:\/\/i0.wp.com\/le-fort.org\/cocina\/wp-content\/uploads\/2017\/12\/kashmiri-hd.jpg?fit=1200%2C400&ssl=1&resize=525%2C300 1.5x, https:\/\/i0.wp.com\/le-fort.org\/cocina\/wp-content\/uploads\/2017\/12\/kashmiri-hd.jpg?fit=1200%2C400&ssl=1&resize=700%2C400 2x, https:\/\/i0.wp.com\/le-fort.org\/cocina\/wp-content\/uploads\/2017\/12\/kashmiri-hd.jpg?fit=1200%2C400&ssl=1&resize=1050%2C600 3x"},"classes":[]},{"id":9421,"url":"https:\/\/le-fort.org\/cocina\/rogan-josh-clasico\/","url_meta":{"origin":8329,"position":4},"title":"Rogan Josh Cl\u00e1sico: El Secreto est\u00e1 en el Hinojo","author":"Le-Fort.org","date":"9 de Mayo, 2017","format":false,"excerpt":"Rogan Josh receta cl\u00e1sica, la sin tomate.","rel":"","context":"En &quot;Recetas&quot;","block_context":{"text":"Recetas","link":"https:\/\/le-fort.org\/cocina\/categoria\/recetas\/"},"img":{"alt_text":"","src":"https:\/\/i0.wp.com\/le-fort.org\/cocina\/wp-content\/uploads\/2017\/05\/rogan-hd.jpg?fit=1200%2C400&ssl=1&resize=350%2C200","width":350,"height":200,"srcset":"https:\/\/i0.wp.com\/le-fort.org\/cocina\/wp-content\/uploads\/2017\/05\/rogan-hd.jpg?fit=1200%2C400&ssl=1&resize=350%2C200 1x, https:\/\/i0.wp.com\/le-fort.org\/cocina\/wp-content\/uploads\/2017\/05\/rogan-hd.jpg?fit=1200%2C400&ssl=1&resize=525%2C300 1.5x, https:\/\/i0.wp.com\/le-fort.org\/cocina\/wp-content\/uploads\/2017\/05\/rogan-hd.jpg?fit=1200%2C400&ssl=1&resize=700%2C400 2x, https:\/\/i0.wp.com\/le-fort.org\/cocina\/wp-content\/uploads\/2017\/05\/rogan-hd.jpg?fit=1200%2C400&ssl=1&resize=1050%2C600 3x"},"classes":[]},{"id":10873,"url":"https:\/\/le-fort.org\/cocina\/babel-vi-hanukkah\/","url_meta":{"origin":8329,"position":5},"title":"Babel VI: Hanukkah","author":"Le-Fort.org","date":"20 de Diciembre, 2017","format":false,"excerpt":"Hanukkah: la fiesta de las luces.","rel":"","context":"En &quot;Comida&quot;","block_context":{"text":"Comida","link":"https:\/\/le-fort.org\/cocina\/categoria\/cocina-comida\/"},"img":{"alt_text":"","src":"https:\/\/i0.wp.com\/le-fort.org\/cocina\/wp-content\/uploads\/2017\/12\/hanukkah-hd-1.jpg?fit=1200%2C400&ssl=1&resize=350%2C200","width":350,"height":200,"srcset":"https:\/\/i0.wp.com\/le-fort.org\/cocina\/wp-content\/uploads\/2017\/12\/hanukkah-hd-1.jpg?fit=1200%2C400&ssl=1&resize=350%2C200 1x, https:\/\/i0.wp.com\/le-fort.org\/cocina\/wp-content\/uploads\/2017\/12\/hanukkah-hd-1.jpg?fit=1200%2C400&ssl=1&resize=525%2C300 1.5x, https:\/\/i0.wp.com\/le-fort.org\/cocina\/wp-content\/uploads\/2017\/12\/hanukkah-hd-1.jpg?fit=1200%2C400&ssl=1&resize=700%2C400 2x, https:\/\/i0.wp.com\/le-fort.org\/cocina\/wp-content\/uploads\/2017\/12\/hanukkah-hd-1.jpg?fit=1200%2C400&ssl=1&resize=1050%2C600 3x"},"classes":[]}],"_links":{"self":[{"href":"https:\/\/le-fort.org\/cocina\/wp-json\/wp\/v2\/posts\/8329","targetHints":{"allow":["GET"]}}],"collection":[{"href":"https:\/\/le-fort.org\/cocina\/wp-json\/wp\/v2\/posts"}],"about":[{"href":"https:\/\/le-fort.org\/cocina\/wp-json\/wp\/v2\/types\/post"}],"author":[{"embeddable":true,"href":"https:\/\/le-fort.org\/cocina\/wp-json\/wp\/v2\/users\/1"}],"replies":[{"embeddable":true,"href":"https:\/\/le-fort.org\/cocina\/wp-json\/wp\/v2\/comments?post=8329"}],"version-history":[{"count":1,"href":"https:\/\/le-fort.org\/cocina\/wp-json\/wp\/v2\/posts\/8329\/revisions"}],"predecessor-version":[{"id":16258,"href":"https:\/\/le-fort.org\/cocina\/wp-json\/wp\/v2\/posts\/8329\/revisions\/16258"}],"wp:featuredmedia":[{"embeddable":true,"href":"https:\/\/le-fort.org\/cocina\/wp-json\/wp\/v2\/media\/8331"}],"wp:attachment":[{"href":"https:\/\/le-fort.org\/cocina\/wp-json\/wp\/v2\/media?parent=8329"}],"wp:term":[{"taxonomy":"category","embeddable":true,"href":"https:\/\/le-fort.org\/cocina\/wp-json\/wp\/v2\/categories?post=8329"},{"taxonomy":"post_tag","embeddable":true,"href":"https:\/\/le-fort.org\/cocina\/wp-json\/wp\/v2\/tags?post=8329"}],"curies":[{"name":"wp","href":"https:\/\/api.w.org\/{rel}","templated":true}]}}