{"id":834,"date":"2011-08-14T03:25:07","date_gmt":"2011-08-14T07:25:07","guid":{"rendered":"http:\/\/www.duarte.cl\/?p=834"},"modified":"2019-04-14T20:49:09","modified_gmt":"2019-04-15T01:49:09","slug":"receta-de-samosas-vegetarianas","status":"publish","type":"post","link":"https:\/\/le-fort.org\/cocina\/receta-de-samosas-vegetarianas\/","title":{"rendered":"Samosas Vegetarianas"},"content":{"rendered":"<p>Las samosas son empanadas indias, con una serie de rellenos posibles.<\/p>\n<p>Los m\u00e1s populares parecen ser el vegetariano y el de cordero. Tienen una forma particular, derivada de que se preparan a partir de un trozo semicircular de masa, doblado para formar la hoja \u00a0de un cono y luego se rellenan y se cierran.<\/p>\n<p style=\"text-align: center;\"><img data-recalc-dims=\"1\" loading=\"lazy\" decoding=\"async\" class=\"size-medium wp-image-835 aligncenter\" title=\"Samosas\" src=\"https:\/\/i0.wp.com\/www.duarte.cl\/wp-content\/uploads\/2011\/08\/P1190866-520x390.jpg?resize=520%2C390\" alt=\"samosas\" width=\"520\" height=\"390\" \/><\/p>\n<p>Estas son las vegetarianas, e incluso veganas (en dicho caso no se pueden comer con salsa de yoghurt).<!--more--><\/p>\n<div class=\"vitrina\">\n<h2>Otras sugerencias<\/h2>\n<p>Ya que estamos hablando de empanadas, quiz\u00e1 te interese:<\/p>\n<div class=\"display-posts-listing\"><div class=\"listing-item\"><a class=\"image\" href=\"https:\/\/le-fort.org\/cocina\/empanadas-horno-loja\/\"><img loading=\"lazy\" decoding=\"async\" width=\"150\" height=\"150\" src=\"https:\/\/i0.wp.com\/le-fort.org\/cocina\/wp-content\/uploads\/2019\/06\/empanadas-hd.jpg?resize=150%2C150&amp;ssl=1\" class=\"attachment-thumbnail size-thumbnail wp-post-image\" alt=\"\" srcset=\"https:\/\/i0.wp.com\/le-fort.org\/cocina\/wp-content\/uploads\/2019\/06\/empanadas-hd.jpg?resize=150%2C150&amp;ssl=1 150w, https:\/\/i0.wp.com\/le-fort.org\/cocina\/wp-content\/uploads\/2019\/06\/empanadas-hd.jpg?zoom=2&amp;resize=150%2C150&amp;ssl=1 300w, https:\/\/i0.wp.com\/le-fort.org\/cocina\/wp-content\/uploads\/2019\/06\/empanadas-hd.jpg?zoom=3&amp;resize=150%2C150&amp;ssl=1 450w\" sizes=\"auto, (max-width: 150px) 100vw, 150px\" data-attachment-id=\"14174\" data-permalink=\"https:\/\/le-fort.org\/cocina\/empanadas-horno-loja\/empanadas-hd-4\/\" data-orig-file=\"https:\/\/i0.wp.com\/le-fort.org\/cocina\/wp-content\/uploads\/2019\/06\/empanadas-hd.jpg?fit=1500%2C500&amp;ssl=1\" data-orig-size=\"1500,500\" data-comments-opened=\"0\" data-image-meta=\"{&quot;aperture&quot;:&quot;0&quot;,&quot;credit&quot;:&quot;&quot;,&quot;camera&quot;:&quot;&quot;,&quot;caption&quot;:&quot;&quot;,&quot;created_timestamp&quot;:&quot;0&quot;,&quot;copyright&quot;:&quot;&quot;,&quot;focal_length&quot;:&quot;0&quot;,&quot;iso&quot;:&quot;0&quot;,&quot;shutter_speed&quot;:&quot;0&quot;,&quot;title&quot;:&quot;&quot;,&quot;orientation&quot;:&quot;0&quot;}\" data-image-title=\"empanadas-hd\" data-image-description=\"\" data-image-caption=\"\" data-large-file=\"https:\/\/i0.wp.com\/le-fort.org\/cocina\/wp-content\/uploads\/2019\/06\/empanadas-hd.jpg?fit=1200%2C400&amp;ssl=1\" \/><\/a> <a class=\"title\" href=\"https:\/\/le-fort.org\/cocina\/empanadas-horno-loja\/\">Empanadas al Horno en Loja<\/a><\/div><div class=\"listing-item\"><a class=\"image\" href=\"https:\/\/le-fort.org\/cocina\/sobre-la-controversia-de-las-pasas-en-la-empanada-chilena\/\"><img loading=\"lazy\" decoding=\"async\" width=\"150\" height=\"150\" src=\"https:\/\/i0.wp.com\/le-fort.org\/cocina\/wp-content\/uploads\/2018\/04\/empanadas-hd.jpg?resize=150%2C150&amp;ssl=1\" class=\"attachment-thumbnail size-thumbnail wp-post-image\" alt=\"\" srcset=\"https:\/\/i0.wp.com\/le-fort.org\/cocina\/wp-content\/uploads\/2018\/04\/empanadas-hd.jpg?resize=150%2C150&amp;ssl=1 150w, https:\/\/i0.wp.com\/le-fort.org\/cocina\/wp-content\/uploads\/2018\/04\/empanadas-hd.jpg?zoom=2&amp;resize=150%2C150&amp;ssl=1 300w, https:\/\/i0.wp.com\/le-fort.org\/cocina\/wp-content\/uploads\/2018\/04\/empanadas-hd.jpg?zoom=3&amp;resize=150%2C150&amp;ssl=1 450w\" sizes=\"auto, (max-width: 150px) 100vw, 150px\" data-attachment-id=\"12443\" data-permalink=\"https:\/\/le-fort.org\/cocina\/taller-de-empanadas-en-dasam\/empanadas-hd-3\/\" data-orig-file=\"https:\/\/i0.wp.com\/le-fort.org\/cocina\/wp-content\/uploads\/2018\/04\/empanadas-hd.jpg?fit=1800%2C600&amp;ssl=1\" data-orig-size=\"1800,600\" data-comments-opened=\"0\" data-image-meta=\"{&quot;aperture&quot;:&quot;0&quot;,&quot;credit&quot;:&quot;&quot;,&quot;camera&quot;:&quot;&quot;,&quot;caption&quot;:&quot;&quot;,&quot;created_timestamp&quot;:&quot;0&quot;,&quot;copyright&quot;:&quot;&quot;,&quot;focal_length&quot;:&quot;0&quot;,&quot;iso&quot;:&quot;0&quot;,&quot;shutter_speed&quot;:&quot;0&quot;,&quot;title&quot;:&quot;&quot;,&quot;orientation&quot;:&quot;0&quot;}\" data-image-title=\"empanadas-hd\" data-image-description=\"\" data-image-caption=\"\" data-large-file=\"https:\/\/i0.wp.com\/le-fort.org\/cocina\/wp-content\/uploads\/2018\/04\/empanadas-hd.jpg?fit=1200%2C400&amp;ssl=1\" \/><\/a> <a class=\"title\" href=\"https:\/\/le-fort.org\/cocina\/sobre-la-controversia-de-las-pasas-en-la-empanada-chilena\/\">Sobre la controversia de las pasas en la empanada chilena<\/a><\/div><div class=\"listing-item\"><a class=\"image\" href=\"https:\/\/le-fort.org\/cocina\/empanadas-de-pino-tipicas-empanadas-chilenas\/\"><img loading=\"lazy\" decoding=\"async\" width=\"150\" height=\"150\" src=\"https:\/\/i0.wp.com\/le-fort.org\/cocina\/wp-content\/uploads\/2014\/09\/empanada-de-pino-hd.jpg?resize=150%2C150&amp;ssl=1\" class=\"attachment-thumbnail size-thumbnail wp-post-image\" alt=\"\" srcset=\"https:\/\/i0.wp.com\/le-fort.org\/cocina\/wp-content\/uploads\/2014\/09\/empanada-de-pino-hd.jpg?resize=150%2C150&amp;ssl=1 150w, https:\/\/i0.wp.com\/le-fort.org\/cocina\/wp-content\/uploads\/2014\/09\/empanada-de-pino-hd.jpg?zoom=2&amp;resize=150%2C150&amp;ssl=1 300w, https:\/\/i0.wp.com\/le-fort.org\/cocina\/wp-content\/uploads\/2014\/09\/empanada-de-pino-hd.jpg?zoom=3&amp;resize=150%2C150&amp;ssl=1 450w\" sizes=\"auto, (max-width: 150px) 100vw, 150px\" data-attachment-id=\"5744\" data-permalink=\"https:\/\/le-fort.org\/cocina\/empanadas-de-pino-tipicas-empanadas-chilenas\/empanada-de-pino-hd\/\" data-orig-file=\"https:\/\/i0.wp.com\/le-fort.org\/cocina\/wp-content\/uploads\/2014\/09\/empanada-de-pino-hd.jpg?fit=1200%2C400&amp;ssl=1\" data-orig-size=\"1200,400\" data-comments-opened=\"0\" data-image-meta=\"{&quot;aperture&quot;:&quot;0&quot;,&quot;credit&quot;:&quot;&quot;,&quot;camera&quot;:&quot;&quot;,&quot;caption&quot;:&quot;&quot;,&quot;created_timestamp&quot;:&quot;0&quot;,&quot;copyright&quot;:&quot;&quot;,&quot;focal_length&quot;:&quot;0&quot;,&quot;iso&quot;:&quot;0&quot;,&quot;shutter_speed&quot;:&quot;0&quot;,&quot;title&quot;:&quot;&quot;,&quot;orientation&quot;:&quot;0&quot;}\" data-image-title=\"empanada-de-pino-hd\" data-image-description=\"\" data-image-caption=\"\" data-large-file=\"https:\/\/i0.wp.com\/le-fort.org\/cocina\/wp-content\/uploads\/2014\/09\/empanada-de-pino-hd.jpg?fit=1200%2C400&amp;ssl=1\" \/><\/a> <a class=\"title\" href=\"https:\/\/le-fort.org\/cocina\/empanadas-de-pino-tipicas-empanadas-chilenas\/\">Empanadas de Pino, T\u00edpicas Empanadas Chilenas<\/a><\/div><div class=\"listing-item\"><a class=\"image\" href=\"https:\/\/le-fort.org\/cocina\/empanadas-de-queso-bam-bam-en-guayaquil\/\"><img loading=\"lazy\" decoding=\"async\" width=\"150\" height=\"150\" src=\"https:\/\/i0.wp.com\/le-fort.org\/cocina\/wp-content\/uploads\/2014\/03\/empanadas-hd.jpg?resize=150%2C150&amp;ssl=1\" class=\"attachment-thumbnail size-thumbnail wp-post-image\" alt=\"\" srcset=\"https:\/\/i0.wp.com\/le-fort.org\/cocina\/wp-content\/uploads\/2014\/03\/empanadas-hd.jpg?resize=150%2C150&amp;ssl=1 150w, https:\/\/i0.wp.com\/le-fort.org\/cocina\/wp-content\/uploads\/2014\/03\/empanadas-hd.jpg?zoom=2&amp;resize=150%2C150&amp;ssl=1 300w, https:\/\/i0.wp.com\/le-fort.org\/cocina\/wp-content\/uploads\/2014\/03\/empanadas-hd.jpg?zoom=3&amp;resize=150%2C150&amp;ssl=1 450w\" sizes=\"auto, (max-width: 150px) 100vw, 150px\" data-attachment-id=\"5380\" data-permalink=\"https:\/\/le-fort.org\/cocina\/empanadas-de-queso-bam-bam-en-guayaquil\/empanadas-hd\/\" data-orig-file=\"https:\/\/i0.wp.com\/le-fort.org\/cocina\/wp-content\/uploads\/2014\/03\/empanadas-hd.jpg?fit=1200%2C400&amp;ssl=1\" data-orig-size=\"1200,400\" data-comments-opened=\"0\" data-image-meta=\"{&quot;aperture&quot;:&quot;0&quot;,&quot;credit&quot;:&quot;&quot;,&quot;camera&quot;:&quot;&quot;,&quot;caption&quot;:&quot;&quot;,&quot;created_timestamp&quot;:&quot;0&quot;,&quot;copyright&quot;:&quot;&quot;,&quot;focal_length&quot;:&quot;0&quot;,&quot;iso&quot;:&quot;0&quot;,&quot;shutter_speed&quot;:&quot;0&quot;,&quot;title&quot;:&quot;&quot;,&quot;orientation&quot;:&quot;0&quot;}\" data-image-title=\"empanadas-hd\" data-image-description=\"\" data-image-caption=\"\" data-large-file=\"https:\/\/i0.wp.com\/le-fort.org\/cocina\/wp-content\/uploads\/2014\/03\/empanadas-hd.jpg?fit=1200%2C400&amp;ssl=1\" \/><\/a> <a class=\"title\" href=\"https:\/\/le-fort.org\/cocina\/empanadas-de-queso-bam-bam-en-guayaquil\/\">Empanadas Bam-Bam<\/a><\/div><\/div>\n<div class=\"clear\"><\/div>\n<\/div>\n<h2>Ingredientes<\/h2>\n<h3>Masa<\/h3>\n<ul>\n<li>1 1\/2 tazas de harina sin polvos<\/li>\n<li>1\/2 taza de agua tibia<\/li>\n<li>1\/2 cucharadita de sal<\/li>\n<li>1 cucharada sopera de aceite<\/li>\n<\/ul>\n<h3>Relleno<\/h3>\n<ul>\n<li>2 papas grandes<\/li>\n<li>1\/2 taza de arvejitas<\/li>\n<li>1 1\/2 cucharadita de semillas de comino<\/li>\n<li>1 guindilla seca<\/li>\n<li>el jugo de un lim\u00f3n<\/li>\n<li>1\/2 taza de pasas sin pepa<\/li>\n<li>1 cucharada sopera de curry<\/li>\n<\/ul>\n<p><img data-recalc-dims=\"1\" loading=\"lazy\" decoding=\"async\" data-attachment-id=\"14019\" data-permalink=\"https:\/\/le-fort.org\/cocina\/bocaditos-loja\/samoss\/\" data-orig-file=\"https:\/\/i0.wp.com\/le-fort.org\/cocina\/wp-content\/uploads\/2019\/04\/samoss.jpg?fit=1920%2C1080&amp;ssl=1\" data-orig-size=\"1920,1080\" data-comments-opened=\"0\" data-image-meta=\"{&quot;aperture&quot;:&quot;0&quot;,&quot;credit&quot;:&quot;&quot;,&quot;camera&quot;:&quot;&quot;,&quot;caption&quot;:&quot;&quot;,&quot;created_timestamp&quot;:&quot;0&quot;,&quot;copyright&quot;:&quot;&quot;,&quot;focal_length&quot;:&quot;0&quot;,&quot;iso&quot;:&quot;0&quot;,&quot;shutter_speed&quot;:&quot;0&quot;,&quot;title&quot;:&quot;&quot;,&quot;orientation&quot;:&quot;0&quot;}\" data-image-title=\"samoss\" data-image-description=\"\" data-image-caption=\"\" data-large-file=\"https:\/\/i0.wp.com\/le-fort.org\/cocina\/wp-content\/uploads\/2019\/04\/samoss.jpg?fit=1200%2C675&amp;ssl=1\" class=\"aligncenter size-full wp-image-14019\" src=\"https:\/\/i0.wp.com\/www.le-fort.org\/wp-content\/uploads\/2019\/04\/samoss.jpg?resize=1200%2C675&#038;ssl=1\" alt=\"\" width=\"1200\" height=\"675\" srcset=\"https:\/\/i0.wp.com\/le-fort.org\/cocina\/wp-content\/uploads\/2019\/04\/samoss.jpg?w=1920&amp;ssl=1 1920w, https:\/\/i0.wp.com\/le-fort.org\/cocina\/wp-content\/uploads\/2019\/04\/samoss.jpg?resize=600%2C338&amp;ssl=1 600w, https:\/\/i0.wp.com\/le-fort.org\/cocina\/wp-content\/uploads\/2019\/04\/samoss.jpg?resize=1280%2C720&amp;ssl=1 1280w, https:\/\/i0.wp.com\/le-fort.org\/cocina\/wp-content\/uploads\/2019\/04\/samoss.jpg?resize=2%2C1&amp;ssl=1 2w\" sizes=\"auto, (max-width: 1200px) 100vw, 1200px\" \/><\/p>\n<h2>Procedimiento<\/h2>\n<p>Hacer la masa con la harina, sal agua y aceite mezclando todo y amasando hasta que no se pegue en las manos, o lo haga lo menos posible. Dejar reposar en el refrigerador envuelta en pl\u00e1stico adherente unos 30 minutos.<\/p>\n<p>Pelar las papas y cortar en cubitos muy peque\u00f1os. Fre\u00edrlas en un poco de aceite junto con el comino. A\u00f1adir las arvejitas.<\/p>\n<p style=\"text-align: center;\"><img data-recalc-dims=\"1\" loading=\"lazy\" decoding=\"async\" class=\"size-medium wp-image-836 aligncenter\" title=\"Haciendo el relleno\" src=\"https:\/\/i0.wp.com\/www.duarte.cl\/wp-content\/uploads\/2011\/08\/P1190807-520x390.jpg?resize=520%2C390\" alt=\"Haciendo el relleno de las samosas\" width=\"520\" height=\"390\" \/><\/p>\n<p>A\u00f1adir el aj\u00ed, \u00a0las pasas y el curry. cocer hasta que las papas y las arvejas est\u00e9n hechas.<\/p>\n<p>Dividir la masa en 8 bolitas iguales.<\/p>\n<p>Amasar y extender cada bolita en un disco de unos 15 cm. de di\u00e1metro.<\/p>\n<p style=\"text-align: center;\"><img data-recalc-dims=\"1\" loading=\"lazy\" decoding=\"async\" class=\"size-medium wp-image-837 aligncenter\" title=\"Disco de masa\" src=\"https:\/\/i0.wp.com\/www.duarte.cl\/wp-content\/uploads\/2011\/08\/P1190850-520x390.jpg?resize=520%2C390\" alt=\"Disco de masa\" width=\"520\" height=\"390\" \/><\/p>\n<p>&nbsp;<\/p>\n<p>Cortar el disco por la mitad.<\/p>\n<p style=\"text-align: center;\"><img data-recalc-dims=\"1\" loading=\"lazy\" decoding=\"async\" class=\"size-medium wp-image-838 aligncenter\" title=\"cortar\" src=\"https:\/\/i0.wp.com\/www.duarte.cl\/wp-content\/uploads\/2011\/08\/P1190851-520x390.jpg?resize=520%2C390\" alt=\"\" width=\"520\" height=\"390\" \/><\/p>\n<p>Usando medio disco de masa, humedecer uno de los bordes y plegar sobre s\u00ed mismo formando la hoja de un cono. En ese espacio va el relleno de la samosa.<\/p>\n<p style=\"text-align: center;\"><img data-recalc-dims=\"1\" loading=\"lazy\" decoding=\"async\" class=\"size-medium wp-image-839 aligncenter\" title=\"Hoja de un cono\" src=\"https:\/\/i0.wp.com\/www.duarte.cl\/wp-content\/uploads\/2011\/08\/P1190855-520x390.jpg?resize=520%2C390\" alt=\"Hoja de un cono\" width=\"520\" height=\"390\" \/><\/p>\n<p>Poner una cucharadita de relleno en el cono y plegar la samosa, sellando siempre con un poco de agua.<\/p>\n<p style=\"text-align: center;\"><img data-recalc-dims=\"1\" loading=\"lazy\" decoding=\"async\" class=\"size-medium wp-image-840 aligncenter\" title=\"P1190857\" src=\"https:\/\/i0.wp.com\/www.duarte.cl\/wp-content\/uploads\/2011\/08\/P1190857-520x390.jpg?resize=520%2C390\" alt=\"\" width=\"520\" height=\"390\" \/><\/p>\n<p style=\"text-align: center;\"><img data-recalc-dims=\"1\" loading=\"lazy\" decoding=\"async\" class=\"size-medium wp-image-841 aligncenter\" title=\"plegando\" src=\"https:\/\/i0.wp.com\/www.duarte.cl\/wp-content\/uploads\/2011\/08\/P1190860-520x390.jpg?resize=520%2C390\" alt=\"\" width=\"520\" height=\"390\" \/><img data-recalc-dims=\"1\" loading=\"lazy\" decoding=\"async\" class=\"size-medium wp-image-842 aligncenter\" title=\"Plegado\" src=\"https:\/\/i0.wp.com\/www.duarte.cl\/wp-content\/uploads\/2011\/08\/P1190861-520x390.jpg?resize=520%2C390\" alt=\"\" width=\"520\" height=\"390\" \/><\/p>\n<p>Ir dejando las samosas en una superficie en la que no se peguen. Un pa\u00f1o de cocina es bueno, o de lo contrario un individual pl\u00e1stico.<\/p>\n<p style=\"text-align: center;\"><img data-recalc-dims=\"1\" loading=\"lazy\" decoding=\"async\" class=\"size-medium wp-image-843 aligncenter\" title=\"Samosas listas\" src=\"https:\/\/i0.wp.com\/www.duarte.cl\/wp-content\/uploads\/2011\/08\/P1190863-520x390.jpg?resize=520%2C390\" alt=\"\" width=\"520\" height=\"390\" \/><\/p>\n<p style=\"text-align: left;\"><img data-recalc-dims=\"1\" loading=\"lazy\" decoding=\"async\" class=\"size-medium wp-image-844 aligncenter\" title=\"samosas listas\" src=\"https:\/\/i0.wp.com\/www.duarte.cl\/wp-content\/uploads\/2011\/08\/P1190865-520x390.jpg?resize=520%2C390\" alt=\"\" width=\"520\" height=\"390\" \/>Se supone que las samosas son fritas, y quedan muy buenas fritas, sobre todo en una fre\u00eddora. Nosotros, sin embargo, desde hace a\u00f1os las estamos horneando. Se demora m\u00e1s por tanda, pero se pueden hacer de a muchas m\u00e1s y quedan m\u00e1s livianas (lo que quiere decir que se pueden comer m\u00e1s.<\/p>\n<p style=\"text-align: center;\"><img data-recalc-dims=\"1\" loading=\"lazy\" decoding=\"async\" class=\"size-medium wp-image-845 aligncenter\" title=\"Samosas horneadas\" src=\"https:\/\/i0.wp.com\/www.duarte.cl\/wp-content\/uploads\/2011\/08\/P11908661-520x390.jpg?resize=520%2C390\" alt=\"\" width=\"520\" height=\"390\" \/><\/p>\n<p>Quedan muy buenas con raita de pepino (salsa de yoghurt) o un chutney de cilantro. Es cosa de experimentar. Ojo que si se comen con raita, hasta ah\u00ed no m\u00e1s les llega el veganismo.<\/p>\n<p style=\"text-align: center;\"><img data-recalc-dims=\"1\" loading=\"lazy\" decoding=\"async\" class=\"size-medium wp-image-846 aligncenter\" title=\"Samoooosa\" src=\"https:\/\/i0.wp.com\/www.duarte.cl\/wp-content\/uploads\/2011\/08\/P1190869-520x390.jpg?resize=520%2C390\" alt=\"\" width=\"520\" height=\"390\" \/><\/p>\n","protected":false},"excerpt":{"rendered":"<p>Receta de samosas vegetarianas. Empanaditas de la cocina india rellenas de papas, arvejas, y pasas.<\/p>\n","protected":false},"author":1,"featured_media":14030,"comment_status":"open","ping_status":"closed","sticky":false,"template":"","format":"standard","meta":{"_jetpack_newsletter_access":"","_jetpack_dont_email_post_to_subs":false,"_jetpack_newsletter_tier_id":0,"_jetpack_memberships_contains_paywalled_content":false,"_jetpack_memberships_contains_paid_content":false,"footnotes":""},"categories":[19,2],"tags":[355,12,46,351,55,56],"class_list":["post-834","post","type-post","status-publish","format-standard","has-post-thumbnail","hentry","category-cocina-comida","category-recetas","tag-cocina-comida","tag-comida-india","tag-empanadas","tag-recetas","tag-vegano","tag-vegetariano","entry","has-media"],"jetpack_featured_media_url":"https:\/\/i0.wp.com\/le-fort.org\/cocina\/wp-content\/uploads\/2011\/08\/samosas-hd.jpg?fit=1500%2C500&ssl=1","jetpack_shortlink":"https:\/\/wp.me\/pghKer-ds","jetpack_sharing_enabled":true,"jetpack-related-posts":[{"id":9139,"url":"https:\/\/le-fort.org\/cocina\/clase-comida-india-vegetariana\/","url_meta":{"origin":834,"position":0},"title":"Cocina India Vegetariana en La Libertad","author":"Le-Fort.org","date":"24 de Enero, 2017","format":false,"excerpt":"Curso de cocina india vegetariana.","rel":"","context":"En &quot;Educaci\u00f3n&quot;","block_context":{"text":"Educaci\u00f3n","link":"https:\/\/le-fort.org\/cocina\/categoria\/educacion\/"},"img":{"alt_text":"","src":"https:\/\/i0.wp.com\/le-fort.org\/cocina\/wp-content\/uploads\/2017\/01\/india-hd.jpg?fit=1200%2C400&ssl=1&resize=350%2C200","width":350,"height":200,"srcset":"https:\/\/i0.wp.com\/le-fort.org\/cocina\/wp-content\/uploads\/2017\/01\/india-hd.jpg?fit=1200%2C400&ssl=1&resize=350%2C200 1x, https:\/\/i0.wp.com\/le-fort.org\/cocina\/wp-content\/uploads\/2017\/01\/india-hd.jpg?fit=1200%2C400&ssl=1&resize=525%2C300 1.5x, https:\/\/i0.wp.com\/le-fort.org\/cocina\/wp-content\/uploads\/2017\/01\/india-hd.jpg?fit=1200%2C400&ssl=1&resize=700%2C400 2x, https:\/\/i0.wp.com\/le-fort.org\/cocina\/wp-content\/uploads\/2017\/01\/india-hd.jpg?fit=1200%2C400&ssl=1&resize=1050%2C600 3x"},"classes":[]},{"id":5630,"url":"https:\/\/le-fort.org\/cocina\/aloo-palak-una-receta-india-vegetariana-de-espinaca-papas-y-crema\/","url_meta":{"origin":834,"position":1},"title":"Aloo Palak: Una Receta India Vegetariana de Espinaca, Papas y Crema","author":"Le-Fort.org","date":"24 de Agosto, 2014","format":false,"excerpt":"Receta de Aloo Palak, un plato indio vegetariano de espinacas, papas y crema.","rel":"","context":"En &quot;Recetas&quot;","block_context":{"text":"Recetas","link":"https:\/\/le-fort.org\/cocina\/categoria\/recetas\/"},"img":{"alt_text":"","src":"https:\/\/i0.wp.com\/le-fort.org\/cocina\/wp-content\/uploads\/2014\/08\/aloopalak-hd.jpg?fit=1200%2C400&ssl=1&resize=350%2C200","width":350,"height":200,"srcset":"https:\/\/i0.wp.com\/le-fort.org\/cocina\/wp-content\/uploads\/2014\/08\/aloopalak-hd.jpg?fit=1200%2C400&ssl=1&resize=350%2C200 1x, https:\/\/i0.wp.com\/le-fort.org\/cocina\/wp-content\/uploads\/2014\/08\/aloopalak-hd.jpg?fit=1200%2C400&ssl=1&resize=525%2C300 1.5x, https:\/\/i0.wp.com\/le-fort.org\/cocina\/wp-content\/uploads\/2014\/08\/aloopalak-hd.jpg?fit=1200%2C400&ssl=1&resize=700%2C400 2x, https:\/\/i0.wp.com\/le-fort.org\/cocina\/wp-content\/uploads\/2014\/08\/aloopalak-hd.jpg?fit=1200%2C400&ssl=1&resize=1050%2C600 3x"},"classes":[]},{"id":3548,"url":"https:\/\/le-fort.org\/cocina\/khasta-kachori-bocaditos-fritos-de-masa-y-porotos-mung\/","url_meta":{"origin":834,"position":2},"title":"Khasta Kachori: Bocaditos Fritos de Masa y Porotos Mung","author":"Le-Fort.org","date":"10 de Mayo, 2013","format":false,"excerpt":"Los khasta kachori son bocaditos fritos de masa de harina de trigo rellena con porotos especiados. Son parte de la comida india y son originarios de Rajast\u00e1n.","rel":"","context":"En &quot;Comida&quot;","block_context":{"text":"Comida","link":"https:\/\/le-fort.org\/cocina\/categoria\/cocina-comida\/"},"img":{"alt_text":"","src":"https:\/\/i0.wp.com\/le-fort.org\/cocina\/wp-content\/uploads\/2013\/05\/hd3.jpg?fit=614%2C225&ssl=1&resize=350%2C200","width":350,"height":200,"srcset":"https:\/\/i0.wp.com\/le-fort.org\/cocina\/wp-content\/uploads\/2013\/05\/hd3.jpg?fit=614%2C225&ssl=1&resize=350%2C200 1x, https:\/\/i0.wp.com\/le-fort.org\/cocina\/wp-content\/uploads\/2013\/05\/hd3.jpg?fit=614%2C225&ssl=1&resize=525%2C300 1.5x"},"classes":[]},{"id":5322,"url":"https:\/\/le-fort.org\/cocina\/salsa-agridulce-china-mal-llamada-salsa-de-tamarindo-en-chile\/","url_meta":{"origin":834,"position":3},"title":"Salsa Agridulce China","author":"Le-Fort.org","date":"4 de Marzo, 2014","format":false,"excerpt":"Receta de la salsa agridulce de comida china, denominada err\u00f3neamente en Chile \"salsa de tamarindo\" Se prepara con ketchup y jugo de pi\u00f1a, principalmente. Es apta para recetas vegetarianas y veganas.","rel":"","context":"En &quot;Recetas&quot;","block_context":{"text":"Recetas","link":"https:\/\/le-fort.org\/cocina\/categoria\/recetas\/"},"img":{"alt_text":"Salsa agridulce china preparada en casa","src":"https:\/\/i0.wp.com\/le-fort.org\/cocina\/wp-content\/uploads\/2014\/03\/agridulce-hd.jpg?fit=1200%2C400&ssl=1&resize=350%2C200","width":350,"height":200,"srcset":"https:\/\/i0.wp.com\/le-fort.org\/cocina\/wp-content\/uploads\/2014\/03\/agridulce-hd.jpg?fit=1200%2C400&ssl=1&resize=350%2C200 1x, https:\/\/i0.wp.com\/le-fort.org\/cocina\/wp-content\/uploads\/2014\/03\/agridulce-hd.jpg?fit=1200%2C400&ssl=1&resize=525%2C300 1.5x, https:\/\/i0.wp.com\/le-fort.org\/cocina\/wp-content\/uploads\/2014\/03\/agridulce-hd.jpg?fit=1200%2C400&ssl=1&resize=700%2C400 2x, https:\/\/i0.wp.com\/le-fort.org\/cocina\/wp-content\/uploads\/2014\/03\/agridulce-hd.jpg?fit=1200%2C400&ssl=1&resize=1050%2C600 3x"},"classes":[]},{"id":5019,"url":"https:\/\/le-fort.org\/cocina\/malai-kofta-albondigas-vegetarianas-en-salsa\/","url_meta":{"origin":834,"position":4},"title":"Malai Kofta: Alb\u00f3ndigas Vegetarianas en Salsa","author":"Le-Fort.org","date":"16 de Noviembre, 2013","format":false,"excerpt":"Receta de Malai Kofta, alb\u00f3ndigas de papa con queso, fritas y luego servidas en una salsa de tomate, crema y jengibre.","rel":"","context":"En &quot;Recetas&quot;","block_context":{"text":"Recetas","link":"https:\/\/le-fort.org\/cocina\/categoria\/recetas\/"},"img":{"alt_text":"","src":"https:\/\/i0.wp.com\/le-fort.org\/cocina\/wp-content\/uploads\/2013\/11\/malai-kofta-hd.jpg?fit=1200%2C400&ssl=1&resize=350%2C200","width":350,"height":200,"srcset":"https:\/\/i0.wp.com\/le-fort.org\/cocina\/wp-content\/uploads\/2013\/11\/malai-kofta-hd.jpg?fit=1200%2C400&ssl=1&resize=350%2C200 1x, https:\/\/i0.wp.com\/le-fort.org\/cocina\/wp-content\/uploads\/2013\/11\/malai-kofta-hd.jpg?fit=1200%2C400&ssl=1&resize=525%2C300 1.5x, https:\/\/i0.wp.com\/le-fort.org\/cocina\/wp-content\/uploads\/2013\/11\/malai-kofta-hd.jpg?fit=1200%2C400&ssl=1&resize=700%2C400 2x, https:\/\/i0.wp.com\/le-fort.org\/cocina\/wp-content\/uploads\/2013\/11\/malai-kofta-hd.jpg?fit=1200%2C400&ssl=1&resize=1050%2C600 3x"},"classes":[]},{"id":3651,"url":"https:\/\/le-fort.org\/cocina\/mattar-paneer-curry-de-arvejitas-y-queso\/","url_meta":{"origin":834,"position":5},"title":"Mattar Paneer: Curry de Arvejitas y Queso","author":"Le-Fort.org","date":"22 de Mayo, 2013","format":false,"excerpt":"Receta de Mattar Paneer: Curry vegetariano (no vegano) de arvejas y queso, originario del norte de la India.","rel":"","context":"En &quot;Recetas&quot;","block_context":{"text":"Recetas","link":"https:\/\/le-fort.org\/cocina\/categoria\/recetas\/"},"img":{"alt_text":"","src":"https:\/\/i0.wp.com\/le-fort.org\/cocina\/wp-content\/uploads\/2013\/05\/hd-mattar-paneer.jpg?fit=600%2C225&ssl=1&resize=350%2C200","width":350,"height":200,"srcset":"https:\/\/i0.wp.com\/le-fort.org\/cocina\/wp-content\/uploads\/2013\/05\/hd-mattar-paneer.jpg?fit=600%2C225&ssl=1&resize=350%2C200 1x, https:\/\/i0.wp.com\/le-fort.org\/cocina\/wp-content\/uploads\/2013\/05\/hd-mattar-paneer.jpg?fit=600%2C225&ssl=1&resize=525%2C300 1.5x"},"classes":[]}],"_links":{"self":[{"href":"https:\/\/le-fort.org\/cocina\/wp-json\/wp\/v2\/posts\/834","targetHints":{"allow":["GET"]}}],"collection":[{"href":"https:\/\/le-fort.org\/cocina\/wp-json\/wp\/v2\/posts"}],"about":[{"href":"https:\/\/le-fort.org\/cocina\/wp-json\/wp\/v2\/types\/post"}],"author":[{"embeddable":true,"href":"https:\/\/le-fort.org\/cocina\/wp-json\/wp\/v2\/users\/1"}],"replies":[{"embeddable":true,"href":"https:\/\/le-fort.org\/cocina\/wp-json\/wp\/v2\/comments?post=834"}],"version-history":[{"count":1,"href":"https:\/\/le-fort.org\/cocina\/wp-json\/wp\/v2\/posts\/834\/revisions"}],"predecessor-version":[{"id":14031,"href":"https:\/\/le-fort.org\/cocina\/wp-json\/wp\/v2\/posts\/834\/revisions\/14031"}],"wp:featuredmedia":[{"embeddable":true,"href":"https:\/\/le-fort.org\/cocina\/wp-json\/wp\/v2\/media\/14030"}],"wp:attachment":[{"href":"https:\/\/le-fort.org\/cocina\/wp-json\/wp\/v2\/media?parent=834"}],"wp:term":[{"taxonomy":"category","embeddable":true,"href":"https:\/\/le-fort.org\/cocina\/wp-json\/wp\/v2\/categories?post=834"},{"taxonomy":"post_tag","embeddable":true,"href":"https:\/\/le-fort.org\/cocina\/wp-json\/wp\/v2\/tags?post=834"}],"curies":[{"name":"wp","href":"https:\/\/api.w.org\/{rel}","templated":true}]}}