{"id":8650,"date":"2016-08-16T13:23:03","date_gmt":"2016-08-16T18:23:03","guid":{"rendered":"http:\/\/loquecomemos.com\/?p=8650"},"modified":"2022-01-05T10:02:04","modified_gmt":"2022-01-05T15:02:04","slug":"la-vainilla","status":"publish","type":"post","link":"https:\/\/le-fort.org\/cocina\/la-vainilla\/","title":{"rendered":"La Vainilla"},"content":{"rendered":"<p>La vainilla es una de las especias y condimentos que se conocieron a trav\u00e9s de la conquista de Am\u00e9rica por parte de Europa. Es la vaina de semillas de una especie de orqu\u00eddea, y de ah\u00ed su nombre: peque\u00f1a vaina. Se utiliza sobre todo en reposter\u00eda y preparaciones dulces y su principal consumidor a nivel mundial es<!--more-->\u00a0la Coca-Cola.<\/p>\n<figure id=\"attachment_8653\" aria-describedby=\"caption-attachment-8653\" style=\"width: 1000px\" class=\"wp-caption aligncenter\"><img data-recalc-dims=\"1\" loading=\"lazy\" decoding=\"async\" data-attachment-id=\"8653\" data-permalink=\"https:\/\/le-fort.org\/cocina\/la-vainilla\/vainilla-azucar\/\" data-orig-file=\"https:\/\/i0.wp.com\/le-fort.org\/cocina\/wp-content\/uploads\/2016\/08\/vainilla-azucar.jpg?fit=1280%2C720&amp;ssl=1\" data-orig-size=\"1280,720\" data-comments-opened=\"0\" data-image-meta=\"{&quot;aperture&quot;:&quot;0&quot;,&quot;credit&quot;:&quot;&quot;,&quot;camera&quot;:&quot;&quot;,&quot;caption&quot;:&quot;&quot;,&quot;created_timestamp&quot;:&quot;0&quot;,&quot;copyright&quot;:&quot;&quot;,&quot;focal_length&quot;:&quot;0&quot;,&quot;iso&quot;:&quot;0&quot;,&quot;shutter_speed&quot;:&quot;0&quot;,&quot;title&quot;:&quot;&quot;,&quot;orientation&quot;:&quot;0&quot;}\" data-image-title=\"vainilla-azucar\" data-image-description=\"\" data-image-caption=\"&lt;p&gt;Una vaina de vainilla&lt;\/p&gt;\n\" data-large-file=\"https:\/\/i0.wp.com\/le-fort.org\/cocina\/wp-content\/uploads\/2016\/08\/vainilla-azucar.jpg?fit=1200%2C675&amp;ssl=1\" class=\"size-large wp-image-8653\" src=\"https:\/\/i0.wp.com\/loquecomemos.com\/wp-content\/uploads\/2016\/08\/vainilla-azucar-1280x720.jpg?resize=1000%2C563\" alt=\"Vainilla y az\u00facar\" width=\"1000\" height=\"563\" srcset=\"https:\/\/i0.wp.com\/le-fort.org\/cocina\/wp-content\/uploads\/2016\/08\/vainilla-azucar.jpg?w=1280&amp;ssl=1 1280w, https:\/\/i0.wp.com\/le-fort.org\/cocina\/wp-content\/uploads\/2016\/08\/vainilla-azucar.jpg?resize=600%2C338&amp;ssl=1 600w\" sizes=\"auto, (max-width: 1000px) 100vw, 1000px\" \/><figcaption id=\"caption-attachment-8653\" class=\"wp-caption-text\">Una vaina de vainilla<\/figcaption><\/figure>\n<h2>Historia<\/h2>\n<p>La vainilla se &#8220;descubri\u00f3&#8221; en el a\u00f1o 1520. Al parecer no se considera que los aztecas llevaran ya un buen tiempo utiliz\u00e1ndola para aromatizar el chocolate. Hablando de chocolate, la vainilla no fue m\u00e1s que un aromatizante del chocolate hasta que un cocinero de la reina Isabel I de Inglaterra cre\u00f3 los primeros confites saborizados con vainilla sin el uso del chocolate a fines del siglo XVII.<\/p>\n<p>La vainilla se populariz\u00f3 en Francia y se utiliz\u00f3 ampliamente en pasteler\u00eda y en helados en el siglo XVIII. Quiz\u00e1 por eso donde m\u00e1s se utiliza es en pasteler\u00eda cl\u00e1sica.<\/p>\n<p>Nuestra especia aparece en\u00a0los libros de cocina a principios del siglo XIX, y el uso del aroma se expandi\u00f3 grandemente a partir de fines del siglo XIX, con el desarrollo de la vainilla sint\u00e9tica.<\/p>\n<h2>De la orqu\u00eddea a la especia<\/h2>\n<figure style=\"width: 328px\" class=\"wp-caption alignright\"><img loading=\"lazy\" decoding=\"async\" class=\"\" src=\"https:\/\/upload.wikimedia.org\/wikipedia\/commons\/thumb\/7\/73\/Vanilla_chamissonis_habitat.JPG\/655px-Vanilla_chamissonis_habitat.JPG\" alt=\"Flor de vainilla\" width=\"328\" height=\"384\" \/><figcaption class=\"wp-caption-text\">Flor de vainilla. Fuente: Wikipedia<\/figcaption><\/figure>\n<p>La vainilla es la vaina inmadura y procesada de una especie de orqu\u00eddea. Al cosechar las vainas, no tienen aroma alguno. Para desarrollar el aroma, las vainas deben ser curadas y procesadas. El primer paso es curarlas. Para ello primero se &#8220;mata&#8221; la vaina sumergi\u00e9ndola en agua a 70\u00b0C por unos minutos. El siguiente paso es dejarlas &#8220;sudar&#8221;, procedimiento que se realiza en cajas de madera forradas con frazadas. Aqu\u00ed sobreviene una fermentaci\u00f3n en las vainas y es aqu\u00ed cuando se comienza a percibir el aroma a vainilla.<\/p>\n<p>El siguiente paso del curado es el secado al sol, que se sigue alternando con el sudado por varios d\u00edas, desarroll\u00e1ndose el aroma y perdi\u00e9ndose peso de la vaina por efecto del secado. El siguiente paso es el secado a la sombra, al que sigue el acondicionamiento final en cajas met\u00e1licas.<\/p>\n<p>Reci\u00e9n despu\u00e9s de todo este proceso la vainilla est\u00e1 lista para su comercializaci\u00f3n.<\/p>\n<h2>Vainilla y vainillina<\/h2>\n<p>En el a\u00f1o 1858 se aisl\u00f3 la vainillina, o si prefieres la nomenclatura qu\u00edmica, el\u00a0<i>4-hidroxi-3-metoxibenzaldeh\u00eddo\u00a0<\/i>a partir de la vainilla. Pocos a\u00f1os despu\u00e9s se dedujo su estructura qu\u00edmica y ya a fines del siglo XIX exist\u00eda la vainilla sint\u00e9tica.<\/p>\n<figure id=\"attachment_5701\" aria-describedby=\"caption-attachment-5701\" style=\"width: 1200px\" class=\"wp-caption aligncenter\"><img data-recalc-dims=\"1\" loading=\"lazy\" decoding=\"async\" data-attachment-id=\"5701\" data-permalink=\"https:\/\/le-fort.org\/cocina\/listado-de-especias\/clavo-hd\/\" data-orig-file=\"https:\/\/i0.wp.com\/le-fort.org\/cocina\/wp-content\/uploads\/2011\/07\/clavo-hd.jpg?fit=1200%2C400&amp;ssl=1\" data-orig-size=\"1200,400\" data-comments-opened=\"0\" data-image-meta=\"{&quot;aperture&quot;:&quot;0&quot;,&quot;credit&quot;:&quot;&quot;,&quot;camera&quot;:&quot;&quot;,&quot;caption&quot;:&quot;&quot;,&quot;created_timestamp&quot;:&quot;0&quot;,&quot;copyright&quot;:&quot;&quot;,&quot;focal_length&quot;:&quot;0&quot;,&quot;iso&quot;:&quot;0&quot;,&quot;shutter_speed&quot;:&quot;0&quot;,&quot;title&quot;:&quot;&quot;,&quot;orientation&quot;:&quot;0&quot;}\" data-image-title=\"clavo-hd\" data-image-description=\"\" data-image-caption=\"&lt;p&gt;Clavo de olor. Inicialmente la vainillina se sintetizaba a partir del eugenol, presente en el clavo.&lt;\/p&gt;\n\" data-large-file=\"https:\/\/i0.wp.com\/le-fort.org\/cocina\/wp-content\/uploads\/2011\/07\/clavo-hd.jpg?fit=1200%2C400&amp;ssl=1\" class=\"size-full wp-image-5701\" src=\"https:\/\/i0.wp.com\/loquecomemos.com\/wp-content\/uploads\/2011\/07\/clavo-hd.jpg?resize=1200%2C400\" alt=\"Clavo de olor\" width=\"1200\" height=\"400\" srcset=\"https:\/\/i0.wp.com\/le-fort.org\/cocina\/wp-content\/uploads\/2011\/07\/clavo-hd.jpg?w=1200&amp;ssl=1 1200w, https:\/\/i0.wp.com\/le-fort.org\/cocina\/wp-content\/uploads\/2011\/07\/clavo-hd.jpg?resize=600%2C200&amp;ssl=1 600w\" sizes=\"auto, (max-width: 1200px) 100vw, 1200px\" \/><figcaption id=\"caption-attachment-5701\" class=\"wp-caption-text\">Clavo de olor. Inicialmente la vainillina se sintetizaba a partir del eugenol, presente en el clavo.<\/figcaption><\/figure>\n<p>La vainilla sint\u00e9tica se produc\u00eda originalmente a partir del eugenol, presente en el aceite del <a href=\"https:\/\/www.le-fort.org\/clavo-de-olor\/\">clavo de olor<\/a>, pero en la d\u00e9cada de 1930 pas\u00f3 a sintetizarse desde la lignina, un subproducto de la industria de la madera.<\/p>\n<figure id=\"attachment_15854\" aria-describedby=\"caption-attachment-15854\" style=\"width: 1920px\" class=\"wp-caption aligncenter\"><img data-recalc-dims=\"1\" loading=\"lazy\" decoding=\"async\" data-attachment-id=\"15854\" data-permalink=\"https:\/\/le-fort.org\/cocina\/la-vainilla\/vainillina\/\" data-orig-file=\"https:\/\/i0.wp.com\/le-fort.org\/cocina\/wp-content\/uploads\/2016\/08\/vainillina.jpg?fit=1920%2C1080&amp;ssl=1\" data-orig-size=\"1920,1080\" data-comments-opened=\"0\" data-image-meta=\"{&quot;aperture&quot;:&quot;0&quot;,&quot;credit&quot;:&quot;&quot;,&quot;camera&quot;:&quot;&quot;,&quot;caption&quot;:&quot;&quot;,&quot;created_timestamp&quot;:&quot;0&quot;,&quot;copyright&quot;:&quot;&quot;,&quot;focal_length&quot;:&quot;0&quot;,&quot;iso&quot;:&quot;0&quot;,&quot;shutter_speed&quot;:&quot;0&quot;,&quot;title&quot;:&quot;&quot;,&quot;orientation&quot;:&quot;0&quot;}\" data-image-title=\"vainillina\" data-image-description=\"\" data-image-caption=\"&lt;p&gt;Cristales de vainillina&lt;\/p&gt;\n\" data-large-file=\"https:\/\/i0.wp.com\/le-fort.org\/cocina\/wp-content\/uploads\/2016\/08\/vainillina.jpg?fit=1200%2C675&amp;ssl=1\" class=\"wp-image-15854 size-full\" src=\"https:\/\/i0.wp.com\/www.le-fort.org\/wp-content\/uploads\/2016\/08\/vainillina.jpg?resize=1200%2C675&#038;ssl=1\" alt=\"Cristales de vainillina\" width=\"1200\" height=\"675\" srcset=\"https:\/\/i0.wp.com\/le-fort.org\/cocina\/wp-content\/uploads\/2016\/08\/vainillina.jpg?w=1920&amp;ssl=1 1920w, https:\/\/i0.wp.com\/le-fort.org\/cocina\/wp-content\/uploads\/2016\/08\/vainillina.jpg?resize=600%2C338&amp;ssl=1 600w, https:\/\/i0.wp.com\/le-fort.org\/cocina\/wp-content\/uploads\/2016\/08\/vainillina.jpg?resize=1280%2C720&amp;ssl=1 1280w, https:\/\/i0.wp.com\/le-fort.org\/cocina\/wp-content\/uploads\/2016\/08\/vainillina.jpg?resize=1536%2C864&amp;ssl=1 1536w\" sizes=\"auto, (max-width: 1200px) 100vw, 1200px\" \/><figcaption id=\"caption-attachment-15854\" class=\"wp-caption-text\">Cristales de vainillina<\/figcaption><\/figure>\n<p>El envejecimiento del vino y otras bebidas alcoh\u00f3licas en barriles de madera provoca las &#8220;notas de vainilla&#8221; por la presencia de lignina en la madera.<\/p>\n<h2>Uso en la cocina<\/h2>\n<p>Si bien gran parte del mercado mundial est\u00e1 dominado por la vainillina sint\u00e9tica, los pasteleros suelen preferir la utilizaci\u00f3n de la vainilla verdadera por tener un aroma m\u00e1s complejo. La vainilla tambi\u00e9n se utiliza mucho en perfumer\u00eda. Debido a que este es un sitio de cocina, nos dedicaremos al uso gastron\u00f3mico de la especia.<\/p>\n<p>Lo usual es raspar el interior de la vaina para separar las semillas, y lo que se utiliza son las semillas. Es com\u00fan hervir la vaina y las semillas\u00a0en leche o crema para que libere su aroma.<\/p>\n<figure id=\"attachment_8651\" aria-describedby=\"caption-attachment-8651\" style=\"width: 1000px\" class=\"wp-caption aligncenter\"><img data-recalc-dims=\"1\" loading=\"lazy\" decoding=\"async\" data-attachment-id=\"8651\" data-permalink=\"https:\/\/le-fort.org\/cocina\/la-vainilla\/raspandito\/\" data-orig-file=\"https:\/\/i0.wp.com\/le-fort.org\/cocina\/wp-content\/uploads\/2016\/08\/raspandito.jpg?fit=1280%2C720&amp;ssl=1\" data-orig-size=\"1280,720\" data-comments-opened=\"0\" data-image-meta=\"{&quot;aperture&quot;:&quot;0&quot;,&quot;credit&quot;:&quot;&quot;,&quot;camera&quot;:&quot;&quot;,&quot;caption&quot;:&quot;&quot;,&quot;created_timestamp&quot;:&quot;0&quot;,&quot;copyright&quot;:&quot;&quot;,&quot;focal_length&quot;:&quot;0&quot;,&quot;iso&quot;:&quot;0&quot;,&quot;shutter_speed&quot;:&quot;0&quot;,&quot;title&quot;:&quot;&quot;,&quot;orientation&quot;:&quot;0&quot;}\" data-image-title=\"raspandito\" data-image-description=\"\" data-image-caption=\"&lt;p&gt;Raspando semillas de vainilla&lt;\/p&gt;\n\" data-large-file=\"https:\/\/i0.wp.com\/le-fort.org\/cocina\/wp-content\/uploads\/2016\/08\/raspandito.jpg?fit=1200%2C675&amp;ssl=1\" class=\"size-large wp-image-8651\" src=\"https:\/\/i0.wp.com\/loquecomemos.com\/wp-content\/uploads\/2016\/08\/raspandito-1280x720.jpg?resize=1000%2C563\" alt=\"Raspando semillas de vainilla\" width=\"1000\" height=\"563\" srcset=\"https:\/\/i0.wp.com\/le-fort.org\/cocina\/wp-content\/uploads\/2016\/08\/raspandito.jpg?w=1280&amp;ssl=1 1280w, https:\/\/i0.wp.com\/le-fort.org\/cocina\/wp-content\/uploads\/2016\/08\/raspandito.jpg?resize=600%2C338&amp;ssl=1 600w\" sizes=\"auto, (max-width: 1000px) 100vw, 1000px\" \/><figcaption id=\"caption-attachment-8651\" class=\"wp-caption-text\">Raspando semillas<\/figcaption><\/figure>\n<p>Tambi\u00e9n se utilizan las vainas completas para impartirle aroma al az\u00facar, y tambi\u00e9n se prepara una tintura (infusi\u00f3n alcoh\u00f3lica) denominada &#8220;extracto de vainilla&#8221;.<\/p>\n<p>Con el uso de &#8220;una tapita de vainilla&#8221; en las recetas, se nos suele olvidar que la vainilla proviene de una orqu\u00eddea.<\/p>\n<h2>Referencias<\/h2>\n<ol>\n<li>Historia<\/li>\n<li>Procesamiento de la vaina<\/li>\n<li><a href=\"https:\/\/es.wikipedia.org\/wiki\/Vanilina\" target=\"_blank\" rel=\"noopener\">Vainillina<\/a><\/li>\n<\/ol>\n","protected":false},"excerpt":{"rendered":"<p>Conozcamos un poco m\u00e1s sobre la vainilla, una de las especias del Nuevo Mundo y una muy apreciada, sobre todo en pasteler\u00eda y reposter\u00eda.<\/p>\n","protected":false},"author":1,"featured_media":8652,"comment_status":"closed","ping_status":"closed","sticky":false,"template":"","format":"standard","meta":{"_jetpack_newsletter_access":"","_jetpack_dont_email_post_to_subs":false,"_jetpack_newsletter_tier_id":0,"_jetpack_memberships_contains_paywalled_content":false,"_jetpack_memberships_contains_paid_content":false,"footnotes":""},"categories":[14],"tags":[],"class_list":["post-8650","post","type-post","status-publish","format-standard","has-post-thumbnail","hentry","category-condimentos-especias","entry","has-media"],"jetpack_featured_media_url":"https:\/\/i0.wp.com\/le-fort.org\/cocina\/wp-content\/uploads\/2016\/08\/vainilla-hd.jpg?fit=1500%2C500&ssl=1","jetpack_shortlink":"https:\/\/wp.me\/pghKer-2fw","jetpack_sharing_enabled":true,"jetpack-related-posts":[{"id":1195,"url":"https:\/\/le-fort.org\/cocina\/especias-cardamomo\/","url_meta":{"origin":8650,"position":0},"title":"Cardamomo","author":"Le-Fort.org","date":"18 de Agosto, 2011","format":false,"excerpt":"El Cardamomo es la \"especia extra\u00f1a\" por antonomasia, para nosotros que no la conocemos. Aprendamos un poco sobre ella.","rel":"","context":"En &quot;Comida&quot;","block_context":{"text":"Comida","link":"https:\/\/le-fort.org\/cocina\/categoria\/cocina-comida\/"},"img":{"alt_text":"","src":"https:\/\/i0.wp.com\/le-fort.org\/cocina\/wp-content\/uploads\/2011\/08\/cardamomo-hd.jpg?fit=1200%2C400&ssl=1&resize=350%2C200","width":350,"height":200,"srcset":"https:\/\/i0.wp.com\/le-fort.org\/cocina\/wp-content\/uploads\/2011\/08\/cardamomo-hd.jpg?fit=1200%2C400&ssl=1&resize=350%2C200 1x, https:\/\/i0.wp.com\/le-fort.org\/cocina\/wp-content\/uploads\/2011\/08\/cardamomo-hd.jpg?fit=1200%2C400&ssl=1&resize=525%2C300 1.5x, https:\/\/i0.wp.com\/le-fort.org\/cocina\/wp-content\/uploads\/2011\/08\/cardamomo-hd.jpg?fit=1200%2C400&ssl=1&resize=700%2C400 2x, https:\/\/i0.wp.com\/le-fort.org\/cocina\/wp-content\/uploads\/2011\/08\/cardamomo-hd.jpg?fit=1200%2C400&ssl=1&resize=1050%2C600 3x"},"classes":[]},{"id":5728,"url":"https:\/\/le-fort.org\/cocina\/pimienta-de-jamaica-una-especia-del-nuevo-mundo\/","url_meta":{"origin":8650,"position":1},"title":"Pimienta de Jamaica","author":"Le-Fort.org","date":"8 de Septiembre, 2014","format":false,"excerpt":"La Pimienta de Jamaica se conoce tambi\u00e9n por una serie de otros nombres: pimienta dulce, pimienta de olor, pimienta gorda, todaespecia (traducido del ingl\u00e9s Allspice), pimienta inglesa, malagueta, Tabasca, pimienta de chapa, etc. Es -junto con la vainilla y el aj\u00ed- de las pocas especias de origen americano que se\u2026","rel":"","context":"En &quot;Condimentos y Especias&quot;","block_context":{"text":"Condimentos y Especias","link":"https:\/\/le-fort.org\/cocina\/categoria\/condimentos-especias\/"},"img":{"alt_text":"","src":"https:\/\/i0.wp.com\/le-fort.org\/cocina\/wp-content\/uploads\/2011\/07\/pimienta-de-jamaica-hd.jpg?fit=1200%2C400&ssl=1&resize=350%2C200","width":350,"height":200,"srcset":"https:\/\/i0.wp.com\/le-fort.org\/cocina\/wp-content\/uploads\/2011\/07\/pimienta-de-jamaica-hd.jpg?fit=1200%2C400&ssl=1&resize=350%2C200 1x, https:\/\/i0.wp.com\/le-fort.org\/cocina\/wp-content\/uploads\/2011\/07\/pimienta-de-jamaica-hd.jpg?fit=1200%2C400&ssl=1&resize=525%2C300 1.5x, https:\/\/i0.wp.com\/le-fort.org\/cocina\/wp-content\/uploads\/2011\/07\/pimienta-de-jamaica-hd.jpg?fit=1200%2C400&ssl=1&resize=700%2C400 2x, https:\/\/i0.wp.com\/le-fort.org\/cocina\/wp-content\/uploads\/2011\/07\/pimienta-de-jamaica-hd.jpg?fit=1200%2C400&ssl=1&resize=1050%2C600 3x"},"classes":[]},{"id":8555,"url":"https:\/\/le-fort.org\/cocina\/tortugas-chocolate-nuez\/","url_meta":{"origin":8650,"position":2},"title":"Tortugas de Chocolate y Nuez","author":"Le-Fort.org","date":"4 de Agosto, 2016","format":false,"excerpt":"Receta de tortugas de chocolate, caramelo, nueces y sal gruesa. Maravillosas.","rel":"","context":"En &quot;Reposter\u00eda&quot;","block_context":{"text":"Reposter\u00eda","link":"https:\/\/le-fort.org\/cocina\/categoria\/reposteria\/"},"img":{"alt_text":"","src":"https:\/\/i0.wp.com\/le-fort.org\/cocina\/wp-content\/uploads\/2016\/08\/tortugas-hd.jpg?fit=1200%2C400&ssl=1&resize=350%2C200","width":350,"height":200,"srcset":"https:\/\/i0.wp.com\/le-fort.org\/cocina\/wp-content\/uploads\/2016\/08\/tortugas-hd.jpg?fit=1200%2C400&ssl=1&resize=350%2C200 1x, https:\/\/i0.wp.com\/le-fort.org\/cocina\/wp-content\/uploads\/2016\/08\/tortugas-hd.jpg?fit=1200%2C400&ssl=1&resize=525%2C300 1.5x, https:\/\/i0.wp.com\/le-fort.org\/cocina\/wp-content\/uploads\/2016\/08\/tortugas-hd.jpg?fit=1200%2C400&ssl=1&resize=700%2C400 2x, https:\/\/i0.wp.com\/le-fort.org\/cocina\/wp-content\/uploads\/2016\/08\/tortugas-hd.jpg?fit=1200%2C400&ssl=1&resize=1050%2C600 3x"},"classes":[]},{"id":5396,"url":"https:\/\/le-fort.org\/cocina\/chocolate-ecuatoriano-kallari-70\/","url_meta":{"origin":8650,"position":3},"title":"Chocolate Ecuatoriano: Kallari 70% de Cacao","author":"Le-Fort.org","date":"12 de Abril, 2014","format":false,"excerpt":"Opiniones sobre el chocolate Kallari 70% de origen Ecuatoriano. Rico, suave, con fuerte sabor a chocolate, notas de caramelo y sin esa acidez que a veces acompa\u00f1a al chocolate amargo.","rel":"","context":"En &quot;Chocolate&quot;","block_context":{"text":"Chocolate","link":"https:\/\/le-fort.org\/cocina\/categoria\/chocolate\/"},"img":{"alt_text":"","src":"https:\/\/i0.wp.com\/le-fort.org\/cocina\/wp-content\/uploads\/2014\/04\/kallari-70-hd.jpg?fit=1200%2C400&ssl=1&resize=350%2C200","width":350,"height":200,"srcset":"https:\/\/i0.wp.com\/le-fort.org\/cocina\/wp-content\/uploads\/2014\/04\/kallari-70-hd.jpg?fit=1200%2C400&ssl=1&resize=350%2C200 1x, https:\/\/i0.wp.com\/le-fort.org\/cocina\/wp-content\/uploads\/2014\/04\/kallari-70-hd.jpg?fit=1200%2C400&ssl=1&resize=525%2C300 1.5x, https:\/\/i0.wp.com\/le-fort.org\/cocina\/wp-content\/uploads\/2014\/04\/kallari-70-hd.jpg?fit=1200%2C400&ssl=1&resize=700%2C400 2x, https:\/\/i0.wp.com\/le-fort.org\/cocina\/wp-content\/uploads\/2014\/04\/kallari-70-hd.jpg?fit=1200%2C400&ssl=1&resize=1050%2C600 3x"},"classes":[]},{"id":14898,"url":"https:\/\/le-fort.org\/cocina\/galletas-de-chips-de-chocolate\/","url_meta":{"origin":8650,"position":4},"title":"Galletas de Chips de Chocolate","author":"Le-Fort.org","date":"12 de Abril, 2020","format":false,"excerpt":"Receta de Galletas de Chips de Chocolate, uno de los cl\u00e1sicos de la reposter\u00eda dom\u00e9stica. Esta receta data de la d\u00e9cada de 1930, y fue adquirida por Nestl\u00e9.","rel":"","context":"En &quot;Reposter\u00eda&quot;","block_context":{"text":"Reposter\u00eda","link":"https:\/\/le-fort.org\/cocina\/categoria\/reposteria\/"},"img":{"alt_text":"","src":"https:\/\/i0.wp.com\/le-fort.org\/cocina\/wp-content\/uploads\/2020\/04\/chocolate-chip-cookies-hd.jpg?fit=1200%2C400&ssl=1&resize=350%2C200","width":350,"height":200,"srcset":"https:\/\/i0.wp.com\/le-fort.org\/cocina\/wp-content\/uploads\/2020\/04\/chocolate-chip-cookies-hd.jpg?fit=1200%2C400&ssl=1&resize=350%2C200 1x, https:\/\/i0.wp.com\/le-fort.org\/cocina\/wp-content\/uploads\/2020\/04\/chocolate-chip-cookies-hd.jpg?fit=1200%2C400&ssl=1&resize=525%2C300 1.5x, https:\/\/i0.wp.com\/le-fort.org\/cocina\/wp-content\/uploads\/2020\/04\/chocolate-chip-cookies-hd.jpg?fit=1200%2C400&ssl=1&resize=700%2C400 2x, https:\/\/i0.wp.com\/le-fort.org\/cocina\/wp-content\/uploads\/2020\/04\/chocolate-chip-cookies-hd.jpg?fit=1200%2C400&ssl=1&resize=1050%2C600 3x"},"classes":[]},{"id":3155,"url":"https:\/\/le-fort.org\/cocina\/queque-vegano-de-chocolate\/","url_meta":{"origin":8650,"position":5},"title":"Queque Vegano de Chocolate","author":"Le-Fort.org","date":"13 de Febrero, 2013","format":false,"excerpt":"Receta de queque r\u00e1pido y vegano de chocolate.","rel":"","context":"En &quot;Recetas&quot;","block_context":{"text":"Recetas","link":"https:\/\/le-fort.org\/cocina\/categoria\/recetas\/"},"img":{"alt_text":"","src":"https:\/\/i0.wp.com\/le-fort.org\/cocina\/wp-content\/uploads\/2013\/02\/P1280105.jpg?fit=960%2C249&ssl=1&resize=350%2C200","width":350,"height":200,"srcset":"https:\/\/i0.wp.com\/le-fort.org\/cocina\/wp-content\/uploads\/2013\/02\/P1280105.jpg?fit=960%2C249&ssl=1&resize=350%2C200 1x, https:\/\/i0.wp.com\/le-fort.org\/cocina\/wp-content\/uploads\/2013\/02\/P1280105.jpg?fit=960%2C249&ssl=1&resize=525%2C300 1.5x, https:\/\/i0.wp.com\/le-fort.org\/cocina\/wp-content\/uploads\/2013\/02\/P1280105.jpg?fit=960%2C249&ssl=1&resize=700%2C400 2x"},"classes":[]}],"_links":{"self":[{"href":"https:\/\/le-fort.org\/cocina\/wp-json\/wp\/v2\/posts\/8650","targetHints":{"allow":["GET"]}}],"collection":[{"href":"https:\/\/le-fort.org\/cocina\/wp-json\/wp\/v2\/posts"}],"about":[{"href":"https:\/\/le-fort.org\/cocina\/wp-json\/wp\/v2\/types\/post"}],"author":[{"embeddable":true,"href":"https:\/\/le-fort.org\/cocina\/wp-json\/wp\/v2\/users\/1"}],"replies":[{"embeddable":true,"href":"https:\/\/le-fort.org\/cocina\/wp-json\/wp\/v2\/comments?post=8650"}],"version-history":[{"count":4,"href":"https:\/\/le-fort.org\/cocina\/wp-json\/wp\/v2\/posts\/8650\/revisions"}],"predecessor-version":[{"id":16267,"href":"https:\/\/le-fort.org\/cocina\/wp-json\/wp\/v2\/posts\/8650\/revisions\/16267"}],"wp:featuredmedia":[{"embeddable":true,"href":"https:\/\/le-fort.org\/cocina\/wp-json\/wp\/v2\/media\/8652"}],"wp:attachment":[{"href":"https:\/\/le-fort.org\/cocina\/wp-json\/wp\/v2\/media?parent=8650"}],"wp:term":[{"taxonomy":"category","embeddable":true,"href":"https:\/\/le-fort.org\/cocina\/wp-json\/wp\/v2\/categories?post=8650"},{"taxonomy":"post_tag","embeddable":true,"href":"https:\/\/le-fort.org\/cocina\/wp-json\/wp\/v2\/tags?post=8650"}],"curies":[{"name":"wp","href":"https:\/\/api.w.org\/{rel}","templated":true}]}}