{"id":8670,"date":"2016-09-05T08:45:29","date_gmt":"2016-09-05T13:45:29","guid":{"rendered":"http:\/\/loquecomemos.com\/?p=8670"},"modified":"2017-03-21T13:20:55","modified_gmt":"2017-03-21T18:20:55","slug":"buttercream-de-cacao-en-polvo","status":"publish","type":"post","link":"https:\/\/le-fort.org\/cocina\/buttercream-de-cacao-en-polvo\/","title":{"rendered":"Buttercream de Cacao en Polvo"},"content":{"rendered":"<p>Ya les hab\u00edmos contado de nuestra felicidad por la <a href=\"https:\/\/le-fort.org\/reposteria\/buttercream-merengue-suizo\/\">crema de mantequilla de merengue suizo<\/a>. Pues bien, esta buttercream de cacao es una variante que hicimos para una <a href=\"https:\/\/le-fort.org\/torta-dobos-hungria-chocolate\/\">torta Dobos<\/a>, y qued\u00f3 muy buena.<!--more--><\/p>\n<p><img data-recalc-dims=\"1\" loading=\"lazy\" decoding=\"async\" data-attachment-id=\"8673\" data-permalink=\"https:\/\/le-fort.org\/cocina\/buttercream-de-cacao-en-polvo\/roseta\/\" data-orig-file=\"https:\/\/i0.wp.com\/le-fort.org\/cocina\/wp-content\/uploads\/2016\/09\/roseta.jpg?fit=1280%2C720&amp;ssl=1\" data-orig-size=\"1280,720\" data-comments-opened=\"0\" data-image-meta=\"{&quot;aperture&quot;:&quot;0&quot;,&quot;credit&quot;:&quot;&quot;,&quot;camera&quot;:&quot;&quot;,&quot;caption&quot;:&quot;&quot;,&quot;created_timestamp&quot;:&quot;0&quot;,&quot;copyright&quot;:&quot;&quot;,&quot;focal_length&quot;:&quot;0&quot;,&quot;iso&quot;:&quot;0&quot;,&quot;shutter_speed&quot;:&quot;0&quot;,&quot;title&quot;:&quot;&quot;,&quot;orientation&quot;:&quot;0&quot;}\" data-image-title=\"roseta\" data-image-description=\"\" data-image-caption=\"\" data-large-file=\"https:\/\/i0.wp.com\/le-fort.org\/cocina\/wp-content\/uploads\/2016\/09\/roseta.jpg?fit=1200%2C675&amp;ssl=1\" class=\"aligncenter size-large wp-image-8673\" src=\"https:\/\/i0.wp.com\/loquecomemos.com\/wp-content\/uploads\/2016\/09\/roseta-1280x720.jpg?resize=1000%2C563\" alt=\"Buttercream de cacao\" width=\"1000\" height=\"563\" srcset=\"https:\/\/i0.wp.com\/le-fort.org\/cocina\/wp-content\/uploads\/2016\/09\/roseta.jpg?w=1280&amp;ssl=1 1280w, https:\/\/i0.wp.com\/le-fort.org\/cocina\/wp-content\/uploads\/2016\/09\/roseta.jpg?resize=600%2C338&amp;ssl=1 600w\" sizes=\"auto, (max-width: 1000px) 100vw, 1000px\" \/><\/p>\n<p>Una <em>buttercream<\/em> de cacao no es lo mismo que una de chocolate. Es un poco m\u00e1s granulosa por efecto del cacao en polvo, pero es perfectamente buena. Esa textura s\u00f3lo est\u00e1 si uno la busca.<\/p>\n<p>Es una crema apta para decorar con manga pastelera y para cubrir tortas. Si la vamos a utilizar para cubrir tortas, creemos que lo mejor es sacar la torta del refrigerador unos 15 minutos antes de servir, para apreciar mejor la textura de la crema.<\/p>\n<h2>Ingredientes para el <em>buttercream<\/em> de cacao<\/h2>\n<p>Los ingredientes son los siguientes:<\/p>\n<ul>\n<li>2 claras<\/li>\n<li>120gr de az\u00facar (1\/2 de taza)<\/li>\n<li>250gr de mantequilla a temperatura ambiente, cortada en cubitos<\/li>\n<li>4 cucharadas de cacao amargo en polvo<\/li>\n<li>1 cucharadita de esencia de vainilla<\/li>\n<\/ul>\n<h2>Preparaci\u00f3n del buttercream de cacao<\/h2>\n<p>Comencemos por el merengue suizo. Aqu\u00ed est\u00e1 el video de c\u00f3mo hacer merengue suizo. Recordemos que esta vez es un merengue de dos claras.<\/p>\n<p><span class=\"embed-youtube\" style=\"text-align:center; display: block;\"><iframe loading=\"lazy\" class=\"youtube-player\" width=\"1200\" height=\"675\" src=\"https:\/\/www.youtube.com\/embed\/EzTD2VEd03s?version=3&#038;rel=1&#038;showsearch=0&#038;showinfo=1&#038;iv_load_policy=1&#038;fs=1&#038;hl=es-CL&#038;autohide=2&#038;wmode=transparent\" allowfullscreen=\"true\" style=\"border:0;\" sandbox=\"allow-scripts allow-same-origin allow-popups allow-presentation allow-popups-to-escape-sandbox\"><\/iframe><\/span><\/p>\n<p>Una vez listo el merengue suizo, reemplacemos el batidor de globo por el de escudo y, batiendo a velocidad media, a\u00f1adamos los cubitos de mantequilla de uno en uno. En elg\u00fan momento la mezcla se va a crotar y se ver\u00e1 francamente mal, pero sigamos batiendo y a\u00f1adiendo mantequilla y eventualmente volver\u00e1 a emulsionar.<\/p>\n<p>Cuando tengamos el <em>buttercream<\/em>, a\u00f1adamos el cacao de a una cucharada a la vez, batiendo a velocidad baja, para evitar llenar nuestra cocina con nubes de cacao en polvo.<\/p>\n<p>Una vez incorporado, volvamos a batir a velocidad alta hasta obtener un buttercream de cacao homog\u00e9neo.<\/p>\n<p><img data-recalc-dims=\"1\" loading=\"lazy\" decoding=\"async\" data-attachment-id=\"8675\" data-permalink=\"https:\/\/le-fort.org\/cocina\/buttercream-de-cacao-en-polvo\/lista-4\/\" data-orig-file=\"https:\/\/i0.wp.com\/le-fort.org\/cocina\/wp-content\/uploads\/2016\/09\/lista.jpg?fit=1280%2C720&amp;ssl=1\" data-orig-size=\"1280,720\" data-comments-opened=\"0\" data-image-meta=\"{&quot;aperture&quot;:&quot;0&quot;,&quot;credit&quot;:&quot;&quot;,&quot;camera&quot;:&quot;&quot;,&quot;caption&quot;:&quot;&quot;,&quot;created_timestamp&quot;:&quot;0&quot;,&quot;copyright&quot;:&quot;&quot;,&quot;focal_length&quot;:&quot;0&quot;,&quot;iso&quot;:&quot;0&quot;,&quot;shutter_speed&quot;:&quot;0&quot;,&quot;title&quot;:&quot;&quot;,&quot;orientation&quot;:&quot;0&quot;}\" data-image-title=\"lista\" data-image-description=\"\" data-image-caption=\"\" data-large-file=\"https:\/\/i0.wp.com\/le-fort.org\/cocina\/wp-content\/uploads\/2016\/09\/lista.jpg?fit=1200%2C675&amp;ssl=1\" class=\"aligncenter size-large wp-image-8675\" src=\"https:\/\/i0.wp.com\/loquecomemos.com\/wp-content\/uploads\/2016\/09\/lista-1280x720.jpg?resize=1000%2C563\" alt=\"buttercream de cacao\" width=\"1000\" height=\"563\" srcset=\"https:\/\/i0.wp.com\/le-fort.org\/cocina\/wp-content\/uploads\/2016\/09\/lista.jpg?w=1280&amp;ssl=1 1280w, https:\/\/i0.wp.com\/le-fort.org\/cocina\/wp-content\/uploads\/2016\/09\/lista.jpg?resize=600%2C338&amp;ssl=1 600w\" sizes=\"auto, (max-width: 1000px) 100vw, 1000px\" \/><\/p>\n<p>Estamos listos para usarlo. Nosotros lo utilizamos en una torta Dobos, que nos encanta, y cuya receta les daremos otro d\u00eda, jejejejeje.<\/p>\n<figure id=\"attachment_8674\" aria-describedby=\"caption-attachment-8674\" style=\"width: 1000px\" class=\"wp-caption aligncenter\"><img data-recalc-dims=\"1\" loading=\"lazy\" decoding=\"async\" data-attachment-id=\"8674\" data-permalink=\"https:\/\/le-fort.org\/cocina\/buttercream-de-cacao-en-polvo\/manga\/\" data-orig-file=\"https:\/\/i0.wp.com\/le-fort.org\/cocina\/wp-content\/uploads\/2016\/09\/manga.jpg?fit=1280%2C720&amp;ssl=1\" data-orig-size=\"1280,720\" data-comments-opened=\"0\" data-image-meta=\"{&quot;aperture&quot;:&quot;0&quot;,&quot;credit&quot;:&quot;&quot;,&quot;camera&quot;:&quot;&quot;,&quot;caption&quot;:&quot;&quot;,&quot;created_timestamp&quot;:&quot;0&quot;,&quot;copyright&quot;:&quot;&quot;,&quot;focal_length&quot;:&quot;0&quot;,&quot;iso&quot;:&quot;0&quot;,&quot;shutter_speed&quot;:&quot;0&quot;,&quot;title&quot;:&quot;&quot;,&quot;orientation&quot;:&quot;0&quot;}\" data-image-title=\"manga\" data-image-description=\"\" data-image-caption=\"&lt;p&gt;Torta Dobos&lt;\/p&gt;\n\" data-large-file=\"https:\/\/i0.wp.com\/le-fort.org\/cocina\/wp-content\/uploads\/2016\/09\/manga.jpg?fit=1200%2C675&amp;ssl=1\" class=\"size-large wp-image-8674\" src=\"https:\/\/i0.wp.com\/loquecomemos.com\/wp-content\/uploads\/2016\/09\/manga-1280x720.jpg?resize=1000%2C563\" alt=\"Torta Dobos, h\u00fangara del siglo XIX con buttercream de cacao\" width=\"1000\" height=\"563\" srcset=\"https:\/\/i0.wp.com\/le-fort.org\/cocina\/wp-content\/uploads\/2016\/09\/manga.jpg?w=1280&amp;ssl=1 1280w, https:\/\/i0.wp.com\/le-fort.org\/cocina\/wp-content\/uploads\/2016\/09\/manga.jpg?resize=600%2C338&amp;ssl=1 600w\" sizes=\"auto, (max-width: 1000px) 100vw, 1000px\" \/><figcaption id=\"caption-attachment-8674\" class=\"wp-caption-text\">Torta Dobos<\/figcaption><\/figure>\n","protected":false},"excerpt":{"rendered":"<p>Receta de buttercream de cacao en polvo con merengue suizo, excelente para decoraci\u00f3n con manga y para rellenar tortas.<\/p>\n","protected":false},"author":1,"featured_media":8671,"comment_status":"closed","ping_status":"closed","sticky":false,"template":"","format":"standard","meta":{"_jetpack_newsletter_access":"","_jetpack_dont_email_post_to_subs":true,"_jetpack_newsletter_tier_id":0,"_jetpack_memberships_contains_paywalled_content":false,"_jetpack_memberships_contains_paid_content":false,"footnotes":""},"categories":[25],"tags":[676,193],"class_list":["post-8670","post","type-post","status-publish","format-standard","has-post-thumbnail","hentry","category-reposteria","tag-buttercream","tag-cacao","entry","has-media"],"jetpack_featured_media_url":"https:\/\/i0.wp.com\/le-fort.org\/cocina\/wp-content\/uploads\/2016\/09\/buttercream-chocolate-hd.jpg?fit=1500%2C500&ssl=1","jetpack_shortlink":"https:\/\/wp.me\/pghKer-2fQ","jetpack_sharing_enabled":true,"jetpack-related-posts":[{"id":8595,"url":"https:\/\/le-fort.org\/cocina\/buttercream-merengue-suizo\/","url_meta":{"origin":8670,"position":0},"title":"Buttercream de Merengue Suizo","author":"Le-Fort.org","date":"9 de Agosto, 2016","format":false,"excerpt":"Receta de buttercream de merengue suizo, una crema de mantequilla estabilizada con merengue y sin la textura \u00e1spera de los cristales de az\u00facar.","rel":"","context":"En &quot;Reposter\u00eda&quot;","block_context":{"text":"Reposter\u00eda","link":"https:\/\/le-fort.org\/cocina\/categoria\/reposteria\/"},"img":{"alt_text":"","src":"https:\/\/i0.wp.com\/le-fort.org\/cocina\/wp-content\/uploads\/2016\/08\/buttercream-swiss-hd.jpg?fit=1200%2C400&ssl=1&resize=350%2C200","width":350,"height":200,"srcset":"https:\/\/i0.wp.com\/le-fort.org\/cocina\/wp-content\/uploads\/2016\/08\/buttercream-swiss-hd.jpg?fit=1200%2C400&ssl=1&resize=350%2C200 1x, https:\/\/i0.wp.com\/le-fort.org\/cocina\/wp-content\/uploads\/2016\/08\/buttercream-swiss-hd.jpg?fit=1200%2C400&ssl=1&resize=525%2C300 1.5x, https:\/\/i0.wp.com\/le-fort.org\/cocina\/wp-content\/uploads\/2016\/08\/buttercream-swiss-hd.jpg?fit=1200%2C400&ssl=1&resize=700%2C400 2x, https:\/\/i0.wp.com\/le-fort.org\/cocina\/wp-content\/uploads\/2016\/08\/buttercream-swiss-hd.jpg?fit=1200%2C400&ssl=1&resize=1050%2C600 3x"},"classes":[]},{"id":11219,"url":"https:\/\/le-fort.org\/cocina\/buttercream-de-merengue-italiano\/","url_meta":{"origin":8670,"position":1},"title":"Buttercream de Merengue Italiano","author":"Marell Rojas","date":"30 de Diciembre, 2017","format":false,"excerpt":"Receta de Merengue de Buttercream Italiano, a\u00f1adiendo mantequilla al merengue italiano.","rel":"","context":"En &quot;Reposter\u00eda&quot;","block_context":{"text":"Reposter\u00eda","link":"https:\/\/le-fort.org\/cocina\/categoria\/reposteria\/"},"img":{"alt_text":"","src":"https:\/\/i0.wp.com\/le-fort.org\/cocina\/wp-content\/uploads\/2017\/12\/buttercream-hd.jpg?fit=1200%2C400&ssl=1&resize=350%2C200","width":350,"height":200,"srcset":"https:\/\/i0.wp.com\/le-fort.org\/cocina\/wp-content\/uploads\/2017\/12\/buttercream-hd.jpg?fit=1200%2C400&ssl=1&resize=350%2C200 1x, https:\/\/i0.wp.com\/le-fort.org\/cocina\/wp-content\/uploads\/2017\/12\/buttercream-hd.jpg?fit=1200%2C400&ssl=1&resize=525%2C300 1.5x, https:\/\/i0.wp.com\/le-fort.org\/cocina\/wp-content\/uploads\/2017\/12\/buttercream-hd.jpg?fit=1200%2C400&ssl=1&resize=700%2C400 2x, https:\/\/i0.wp.com\/le-fort.org\/cocina\/wp-content\/uploads\/2017\/12\/buttercream-hd.jpg?fit=1200%2C400&ssl=1&resize=1050%2C600 3x"},"classes":[]},{"id":8744,"url":"https:\/\/le-fort.org\/cocina\/crema-mantequilla-rapida-buttercream\/","url_meta":{"origin":8670,"position":2},"title":"Crema de Mantequilla R\u00e1pida (Buttercream)","author":"Le-Fort.org","date":"17 de Diciembre, 2015","format":false,"excerpt":"Receta de buttercream r\u00e1pido, para rellenos y otras aplicaciones. Tiene la ventaja de ser muy r\u00e1pido y muy simple de preparar.","rel":"","context":"En &quot;Reposter\u00eda&quot;","block_context":{"text":"Reposter\u00eda","link":"https:\/\/le-fort.org\/cocina\/categoria\/reposteria\/"},"img":{"alt_text":"","src":"https:\/\/i0.wp.com\/le-fort.org\/cocina\/wp-content\/uploads\/2016\/09\/buttercream-hd.jpg?fit=1200%2C400&ssl=1&resize=350%2C200","width":350,"height":200,"srcset":"https:\/\/i0.wp.com\/le-fort.org\/cocina\/wp-content\/uploads\/2016\/09\/buttercream-hd.jpg?fit=1200%2C400&ssl=1&resize=350%2C200 1x, https:\/\/i0.wp.com\/le-fort.org\/cocina\/wp-content\/uploads\/2016\/09\/buttercream-hd.jpg?fit=1200%2C400&ssl=1&resize=525%2C300 1.5x, https:\/\/i0.wp.com\/le-fort.org\/cocina\/wp-content\/uploads\/2016\/09\/buttercream-hd.jpg?fit=1200%2C400&ssl=1&resize=700%2C400 2x, https:\/\/i0.wp.com\/le-fort.org\/cocina\/wp-content\/uploads\/2016\/09\/buttercream-hd.jpg?fit=1200%2C400&ssl=1&resize=1050%2C600 3x"},"classes":[]},{"id":8609,"url":"https:\/\/le-fort.org\/cocina\/torta-concorde\/","url_meta":{"origin":8670,"position":3},"title":"Torta Concorde","author":"Le-Fort.org","date":"12 de Agosto, 2016","format":false,"excerpt":"La torta Concorde es una torta de merengue y mousse de chocolate de origen franc\u00e9s. Es simple de hacer y muy buena. Aqu\u00ed est\u00e1 la receta.","rel":"","context":"En &quot;Reposter\u00eda&quot;","block_context":{"text":"Reposter\u00eda","link":"https:\/\/le-fort.org\/cocina\/categoria\/reposteria\/"},"img":{"alt_text":"","src":"https:\/\/i0.wp.com\/le-fort.org\/cocina\/wp-content\/uploads\/2016\/08\/concorde-hd.jpg?fit=1200%2C400&ssl=1&resize=350%2C200","width":350,"height":200,"srcset":"https:\/\/i0.wp.com\/le-fort.org\/cocina\/wp-content\/uploads\/2016\/08\/concorde-hd.jpg?fit=1200%2C400&ssl=1&resize=350%2C200 1x, https:\/\/i0.wp.com\/le-fort.org\/cocina\/wp-content\/uploads\/2016\/08\/concorde-hd.jpg?fit=1200%2C400&ssl=1&resize=525%2C300 1.5x, https:\/\/i0.wp.com\/le-fort.org\/cocina\/wp-content\/uploads\/2016\/08\/concorde-hd.jpg?fit=1200%2C400&ssl=1&resize=700%2C400 2x, https:\/\/i0.wp.com\/le-fort.org\/cocina\/wp-content\/uploads\/2016\/08\/concorde-hd.jpg?fit=1200%2C400&ssl=1&resize=1050%2C600 3x"},"classes":[]},{"id":8372,"url":"https:\/\/le-fort.org\/cocina\/torta-opera\/","url_meta":{"origin":8670,"position":4},"title":"Torta Opera: caf\u00e9 y chocolate","author":"Le-Fort.org","date":"12 de Julio, 2016","format":false,"excerpt":"Receta de torta Opera, que es un bizcochuelo de almendras llamado Joconde, crema de mantequilla y caf\u00e9 y ganache de chocolate.","rel":"","context":"En &quot;Reposter\u00eda&quot;","block_context":{"text":"Reposter\u00eda","link":"https:\/\/le-fort.org\/cocina\/categoria\/reposteria\/"},"img":{"alt_text":"","src":"https:\/\/i0.wp.com\/le-fort.org\/cocina\/wp-content\/uploads\/2016\/07\/opera-hd.jpg?fit=1200%2C400&ssl=1&resize=350%2C200","width":350,"height":200,"srcset":"https:\/\/i0.wp.com\/le-fort.org\/cocina\/wp-content\/uploads\/2016\/07\/opera-hd.jpg?fit=1200%2C400&ssl=1&resize=350%2C200 1x, https:\/\/i0.wp.com\/le-fort.org\/cocina\/wp-content\/uploads\/2016\/07\/opera-hd.jpg?fit=1200%2C400&ssl=1&resize=525%2C300 1.5x, https:\/\/i0.wp.com\/le-fort.org\/cocina\/wp-content\/uploads\/2016\/07\/opera-hd.jpg?fit=1200%2C400&ssl=1&resize=700%2C400 2x, https:\/\/i0.wp.com\/le-fort.org\/cocina\/wp-content\/uploads\/2016\/07\/opera-hd.jpg?fit=1200%2C400&ssl=1&resize=1050%2C600 3x"},"classes":[]},{"id":236,"url":"https:\/\/le-fort.org\/cocina\/pavlova-de-chocolate\/","url_meta":{"origin":8670,"position":5},"title":"Pavlova de Chocolate","author":"Marell Rojas","date":"28 de Mayo, 2020","format":false,"excerpt":"Receta de Pavlova de chocolate, que se puede convertir en una torta Concorde.","rel":"","context":"En &quot;Postres&quot;","block_context":{"text":"Postres","link":"https:\/\/le-fort.org\/cocina\/categoria\/postres\/"},"img":{"alt_text":"Carbonara Photo by Sam Lion from Pexels","src":"https:\/\/i0.wp.com\/le-fort.org\/cocina\/wp-content\/uploads\/2021\/01\/carbonara.jpg?fit=1200%2C675&ssl=1&resize=350%2C200","width":350,"height":200,"srcset":"https:\/\/i0.wp.com\/le-fort.org\/cocina\/wp-content\/uploads\/2021\/01\/carbonara.jpg?fit=1200%2C675&ssl=1&resize=350%2C200 1x, https:\/\/i0.wp.com\/le-fort.org\/cocina\/wp-content\/uploads\/2021\/01\/carbonara.jpg?fit=1200%2C675&ssl=1&resize=525%2C300 1.5x, https:\/\/i0.wp.com\/le-fort.org\/cocina\/wp-content\/uploads\/2021\/01\/carbonara.jpg?fit=1200%2C675&ssl=1&resize=700%2C400 2x, https:\/\/i0.wp.com\/le-fort.org\/cocina\/wp-content\/uploads\/2021\/01\/carbonara.jpg?fit=1200%2C675&ssl=1&resize=1050%2C600 3x"},"classes":[]}],"_links":{"self":[{"href":"https:\/\/le-fort.org\/cocina\/wp-json\/wp\/v2\/posts\/8670","targetHints":{"allow":["GET"]}}],"collection":[{"href":"https:\/\/le-fort.org\/cocina\/wp-json\/wp\/v2\/posts"}],"about":[{"href":"https:\/\/le-fort.org\/cocina\/wp-json\/wp\/v2\/types\/post"}],"author":[{"embeddable":true,"href":"https:\/\/le-fort.org\/cocina\/wp-json\/wp\/v2\/users\/1"}],"replies":[{"embeddable":true,"href":"https:\/\/le-fort.org\/cocina\/wp-json\/wp\/v2\/comments?post=8670"}],"version-history":[{"count":0,"href":"https:\/\/le-fort.org\/cocina\/wp-json\/wp\/v2\/posts\/8670\/revisions"}],"wp:featuredmedia":[{"embeddable":true,"href":"https:\/\/le-fort.org\/cocina\/wp-json\/wp\/v2\/media\/8671"}],"wp:attachment":[{"href":"https:\/\/le-fort.org\/cocina\/wp-json\/wp\/v2\/media?parent=8670"}],"wp:term":[{"taxonomy":"category","embeddable":true,"href":"https:\/\/le-fort.org\/cocina\/wp-json\/wp\/v2\/categories?post=8670"},{"taxonomy":"post_tag","embeddable":true,"href":"https:\/\/le-fort.org\/cocina\/wp-json\/wp\/v2\/tags?post=8670"}],"curies":[{"name":"wp","href":"https:\/\/api.w.org\/{rel}","templated":true}]}}