{"id":8715,"date":"2016-09-10T12:24:44","date_gmt":"2016-09-10T17:24:44","guid":{"rendered":"http:\/\/loquecomemos.com\/?p=8715"},"modified":"2023-10-05T11:07:40","modified_gmt":"2023-10-05T16:07:40","slug":"focaccia-un-antecesor-de-la-pizza","status":"publish","type":"post","link":"https:\/\/le-fort.org\/cocina\/focaccia-un-antecesor-de-la-pizza\/","title":{"rendered":"Focaccia: Un antecesor de la pizza"},"content":{"rendered":"<p>La <strong><em>focaccia<\/em> <\/strong>en italiano o <em>fugazza<\/em> en ligur es una suerte de eslab\u00f3n perdido entre el pan y la <a href=\"https:\/\/le-fort.org\/masa-clasica-pizza\/\">pizza<\/a>, en un continuo de recetas y variedades que nos llega a trav\u00e9s del tiempo, porque esta preparaci\u00f3n si hay algo que tiene, es tiempo.<!--more--><\/p>\n<p><img data-recalc-dims=\"1\" loading=\"lazy\" decoding=\"async\" data-attachment-id=\"8727\" data-permalink=\"https:\/\/le-fort.org\/cocina\/focaccia-un-antecesor-de-la-pizza\/focaccia-2-2\/\" data-orig-file=\"https:\/\/i0.wp.com\/le-fort.org\/cocina\/wp-content\/uploads\/2016\/09\/focaccia-2-1.jpg?fit=1280%2C720&amp;ssl=1\" data-orig-size=\"1280,720\" data-comments-opened=\"0\" data-image-meta=\"{&quot;aperture&quot;:&quot;0&quot;,&quot;credit&quot;:&quot;&quot;,&quot;camera&quot;:&quot;&quot;,&quot;caption&quot;:&quot;&quot;,&quot;created_timestamp&quot;:&quot;0&quot;,&quot;copyright&quot;:&quot;&quot;,&quot;focal_length&quot;:&quot;0&quot;,&quot;iso&quot;:&quot;0&quot;,&quot;shutter_speed&quot;:&quot;0&quot;,&quot;title&quot;:&quot;&quot;,&quot;orientation&quot;:&quot;0&quot;}\" data-image-title=\"focaccia-2\" data-image-description=\"\" data-image-caption=\"\" data-large-file=\"https:\/\/i0.wp.com\/le-fort.org\/cocina\/wp-content\/uploads\/2016\/09\/focaccia-2-1.jpg?fit=1200%2C675&amp;ssl=1\" class=\"aligncenter wp-image-8727 size-large\" src=\"https:\/\/i0.wp.com\/loquecomemos.com\/wp-content\/uploads\/2016\/09\/focaccia-2-1-1280x720.jpg?resize=1000%2C563\" width=\"1000\" height=\"563\" srcset=\"https:\/\/i0.wp.com\/le-fort.org\/cocina\/wp-content\/uploads\/2016\/09\/focaccia-2-1.jpg?w=1280&amp;ssl=1 1280w, https:\/\/i0.wp.com\/le-fort.org\/cocina\/wp-content\/uploads\/2016\/09\/focaccia-2-1.jpg?resize=600%2C338&amp;ssl=1 600w\" sizes=\"auto, (max-width: 1000px) 100vw, 1000px\" \/><\/p>\n<p>Al parecer,\u00a0su origen es\u00a0etrusco, pero el <em>panis focacius<\/em> romano es ya pr\u00e1cticamente una focaccia. incidentalmente, la palabra en nuestro idioma para una pieza grande de pan es <strong>hogaza<\/strong>, que como podemos ver, proviene de la misma ra\u00edz.<\/p>\n<h2>Receta de focaccia<\/h2>\n<p>Preparemos una focaccia con cebolla y romero, muy cl\u00e1sica.<\/p>\n<p>Sus ingredientes son:<\/p>\n<h3>La focaccia<\/h3>\n<ul>\n<li>300gr harina de trigo sin polvos de hornear<\/li>\n<li>180ml de agua tibia<\/li>\n<li>1 cucharadita de levadura seca<\/li>\n<li>1 cucharadita de az\u00facar<\/li>\n<li>1cucharadita de sal<\/li>\n<li>2 cucharadas de aceite de oliva<\/li>\n<\/ul>\n<h3>Para cubrir\u00a0la focaccia<\/h3>\n<ul>\n<li>1\/2 cebolla cortada en pluma<\/li>\n<li>1 cucharada de romero picado<\/li>\n<li>1\/4 taza de aceite de oliva<\/li>\n<li>1 cucharada de sal gruesa<\/li>\n<\/ul>\n<h2>Preparaci\u00f3n<\/h2>\n<ol>\n<li>Mezclar todos los ingredientes y amasar 5 minutos, ya sea a mano o en una batidora con gancho.<\/li>\n<li>Aceitar, poner en un bol tapado y dejar subir 45 minutos<\/li>\n<li>Estirar, darle forma con los dedos y poner la masa en un molde generosamente aceitado.<\/li>\n<li>Dejar subir nuevamente 30 minutos m\u00e1s<\/li>\n<li>Precalentar el horno \u00a0a 200\u00b0C<\/li>\n<li>Hacer oquedades en la superficie de la focaccia con el pulgar y llenarlas con aceite de oliva<\/li>\n<li>Cubir con la cebolla y el romero<\/li>\n<li>Espolvorear la sal gruesa sobre la superficie<\/li>\n<li>Hornear por 25 minutos, hasta que la parte superior est\u00e9 dorada<\/li>\n<li>Dejar enfriar hasta que est\u00e9 tibia<\/li>\n<li>Servir tibia<\/li>\n<\/ol>\n<figure id=\"attachment_8719\" aria-describedby=\"caption-attachment-8719\" style=\"width: 960px\" class=\"wp-caption aligncenter\"><img data-recalc-dims=\"1\" loading=\"lazy\" decoding=\"async\" data-attachment-id=\"8719\" data-permalink=\"https:\/\/le-fort.org\/cocina\/focaccia-un-antecesor-de-la-pizza\/focaccia-top\/\" data-orig-file=\"https:\/\/i0.wp.com\/le-fort.org\/cocina\/wp-content\/uploads\/2016\/09\/focaccia-top.jpg?fit=960%2C600&amp;ssl=1\" data-orig-size=\"960,600\" data-comments-opened=\"0\" data-image-meta=\"{&quot;aperture&quot;:&quot;0&quot;,&quot;credit&quot;:&quot;&quot;,&quot;camera&quot;:&quot;&quot;,&quot;caption&quot;:&quot;&quot;,&quot;created_timestamp&quot;:&quot;0&quot;,&quot;copyright&quot;:&quot;&quot;,&quot;focal_length&quot;:&quot;0&quot;,&quot;iso&quot;:&quot;0&quot;,&quot;shutter_speed&quot;:&quot;0&quot;,&quot;title&quot;:&quot;&quot;,&quot;orientation&quot;:&quot;0&quot;}\" data-image-title=\"focaccia-top\" data-image-description=\"\" data-image-caption=\"&lt;p&gt;Focaccia lista&lt;\/p&gt;\n\" data-large-file=\"https:\/\/i0.wp.com\/le-fort.org\/cocina\/wp-content\/uploads\/2016\/09\/focaccia-top.jpg?fit=960%2C600&amp;ssl=1\" class=\"size-full wp-image-8719\" src=\"https:\/\/i0.wp.com\/loquecomemos.com\/wp-content\/uploads\/2016\/09\/focaccia-top.jpg?resize=960%2C600\" alt=\"Focaccia lista\" width=\"960\" height=\"600\" srcset=\"https:\/\/i0.wp.com\/le-fort.org\/cocina\/wp-content\/uploads\/2016\/09\/focaccia-top.jpg?w=960&amp;ssl=1 960w, https:\/\/i0.wp.com\/le-fort.org\/cocina\/wp-content\/uploads\/2016\/09\/focaccia-top.jpg?resize=600%2C375&amp;ssl=1 600w\" sizes=\"auto, (max-width: 960px) 100vw, 960px\" \/><figcaption id=\"caption-attachment-8719\" class=\"wp-caption-text\">Focaccia lista<\/figcaption><\/figure>\n<h2>Otras coberturas<\/h2>\n<p>Las coberturas est\u00e1n limitadas por nuestra imaginaci\u00f3n, ya que sus posibilidades son\u00a0pr\u00e1cticamente ilimitadas. Otras coberturas comunes son:<\/p>\n<ul>\n<li>Aceitunas negras o verdes, enteras o en tajadas. Recomendamos, eso s\u00ed, que sean sin cuesco.<\/li>\n<li>Ajo. Dorado en un poco de aceite o confitado<\/li>\n<li>Anchoas. En filetes o en pasta<\/li>\n<li>Alcaparras<\/li>\n<li>Queso. Parmesano, mozzarella, Cheddar&#8230; la lista es larga<\/li>\n<li>Tomate. Fresco o seco<\/li>\n<li>Papas doradas, en tajadas<\/li>\n<li>Berenjenas<\/li>\n<li>Fondos de alcachofa<\/li>\n<li>Hierbas\n<ul>\n<li>Albahaca<\/li>\n<li>Or\u00e9gano<\/li>\n<li>Tomillo<\/li>\n<li>Salvia<\/li>\n<\/ul>\n<\/li>\n<\/ul>\n<p><img data-recalc-dims=\"1\" loading=\"lazy\" decoding=\"async\" data-attachment-id=\"8720\" data-permalink=\"https:\/\/le-fort.org\/cocina\/focaccia-un-antecesor-de-la-pizza\/focaccia-hd-2\/\" data-orig-file=\"https:\/\/i0.wp.com\/le-fort.org\/cocina\/wp-content\/uploads\/2016\/09\/focaccia-hd-1.jpg?fit=1200%2C400&amp;ssl=1\" data-orig-size=\"1200,400\" data-comments-opened=\"0\" data-image-meta=\"{&quot;aperture&quot;:&quot;0&quot;,&quot;credit&quot;:&quot;&quot;,&quot;camera&quot;:&quot;&quot;,&quot;caption&quot;:&quot;&quot;,&quot;created_timestamp&quot;:&quot;0&quot;,&quot;copyright&quot;:&quot;&quot;,&quot;focal_length&quot;:&quot;0&quot;,&quot;iso&quot;:&quot;0&quot;,&quot;shutter_speed&quot;:&quot;0&quot;,&quot;title&quot;:&quot;&quot;,&quot;orientation&quot;:&quot;0&quot;}\" data-image-title=\"focaccia-hd\" data-image-description=\"\" data-image-caption=\"\" data-large-file=\"https:\/\/i0.wp.com\/le-fort.org\/cocina\/wp-content\/uploads\/2016\/09\/focaccia-hd-1.jpg?fit=1200%2C400&amp;ssl=1\" class=\"aligncenter size-full wp-image-8720\" src=\"https:\/\/i0.wp.com\/loquecomemos.com\/wp-content\/uploads\/2016\/09\/focaccia-hd-1.jpg?resize=1200%2C400\" alt=\"focaccia-hd\" width=\"1200\" height=\"400\" srcset=\"https:\/\/i0.wp.com\/le-fort.org\/cocina\/wp-content\/uploads\/2016\/09\/focaccia-hd-1.jpg?w=1200&amp;ssl=1 1200w, https:\/\/i0.wp.com\/le-fort.org\/cocina\/wp-content\/uploads\/2016\/09\/focaccia-hd-1.jpg?resize=600%2C200&amp;ssl=1 600w\" sizes=\"auto, (max-width: 1200px) 100vw, 1200px\" \/><\/p>\n<p>&nbsp;<\/p>\n<p>&nbsp;<\/p>\n","protected":false},"excerpt":{"rendered":"<p>Pan cubierto por aceite de oliva y otros ingredientes. Excelente solo o como acompa\u00f1amiento.<\/p>\n","protected":false},"author":1,"featured_media":8720,"comment_status":"closed","ping_status":"closed","sticky":false,"template":"","format":"standard","meta":{"_jetpack_newsletter_access":"","_jetpack_dont_email_post_to_subs":false,"_jetpack_newsletter_tier_id":0,"_jetpack_memberships_contains_paywalled_content":false,"_jetpack_memberships_contains_paid_content":false,"footnotes":""},"categories":[19],"tags":[70,51,72],"class_list":["post-8715","post","type-post","status-publish","format-standard","has-post-thumbnail","hentry","category-cocina-comida","tag-comida-italiana","tag-pan","tag-pizza","entry","has-media"],"jetpack_featured_media_url":"https:\/\/i0.wp.com\/le-fort.org\/cocina\/wp-content\/uploads\/2016\/09\/focaccia-hd-1.jpg?fit=1200%2C400&ssl=1","jetpack_shortlink":"https:\/\/wp.me\/pghKer-2gz","jetpack_sharing_enabled":true,"jetpack-related-posts":[{"id":14090,"url":"https:\/\/le-fort.org\/cocina\/fugazza-argentina\/","url_meta":{"origin":8715,"position":0},"title":"Fugazza Argentina","author":"Le-Fort.org","date":"26 de Junio, 2019","format":false,"excerpt":"Receta de fugazza argentina, con masa doble, as\u00ed llamada por su doble fermentaci\u00f3n. Tiene la particularidad de ser una pizza sin salsa de tomates.","rel":"","context":"En &quot;Recetas&quot;","block_context":{"text":"Recetas","link":"https:\/\/le-fort.org\/cocina\/categoria\/recetas\/"},"img":{"alt_text":"","src":"https:\/\/i0.wp.com\/le-fort.org\/cocina\/wp-content\/uploads\/2019\/05\/fugazza-hd.jpg?fit=1200%2C400&ssl=1&resize=350%2C200","width":350,"height":200,"srcset":"https:\/\/i0.wp.com\/le-fort.org\/cocina\/wp-content\/uploads\/2019\/05\/fugazza-hd.jpg?fit=1200%2C400&ssl=1&resize=350%2C200 1x, https:\/\/i0.wp.com\/le-fort.org\/cocina\/wp-content\/uploads\/2019\/05\/fugazza-hd.jpg?fit=1200%2C400&ssl=1&resize=525%2C300 1.5x, https:\/\/i0.wp.com\/le-fort.org\/cocina\/wp-content\/uploads\/2019\/05\/fugazza-hd.jpg?fit=1200%2C400&ssl=1&resize=700%2C400 2x, https:\/\/i0.wp.com\/le-fort.org\/cocina\/wp-content\/uploads\/2019\/05\/fugazza-hd.jpg?fit=1200%2C400&ssl=1&resize=1050%2C600 3x"},"classes":[]},{"id":9481,"url":"https:\/\/le-fort.org\/cocina\/lahmajun-o-pizza-armenia\/","url_meta":{"origin":8715,"position":1},"title":"Lahmajun o Pizza Armenia. Cuando la pizza no es pizza","author":"Le-Fort.org","date":"17 de Mayo, 2017","format":false,"excerpt":"El Lahmajun es una especie de pizza levantina, de Armenia y Turqu\u00eda que no tiene queso pero no por eso es menos deliciosa. Aqu\u00ed una versi\u00f3n.","rel":"","context":"En &quot;General&quot;","block_context":{"text":"General","link":"https:\/\/le-fort.org\/cocina\/categoria\/general\/"},"img":{"alt_text":"","src":"https:\/\/i0.wp.com\/le-fort.org\/cocina\/wp-content\/uploads\/2017\/05\/lahmajun-hd.jpg?fit=1200%2C400&ssl=1&resize=350%2C200","width":350,"height":200,"srcset":"https:\/\/i0.wp.com\/le-fort.org\/cocina\/wp-content\/uploads\/2017\/05\/lahmajun-hd.jpg?fit=1200%2C400&ssl=1&resize=350%2C200 1x, https:\/\/i0.wp.com\/le-fort.org\/cocina\/wp-content\/uploads\/2017\/05\/lahmajun-hd.jpg?fit=1200%2C400&ssl=1&resize=525%2C300 1.5x, https:\/\/i0.wp.com\/le-fort.org\/cocina\/wp-content\/uploads\/2017\/05\/lahmajun-hd.jpg?fit=1200%2C400&ssl=1&resize=700%2C400 2x, https:\/\/i0.wp.com\/le-fort.org\/cocina\/wp-content\/uploads\/2017\/05\/lahmajun-hd.jpg?fit=1200%2C400&ssl=1&resize=1050%2C600 3x"},"classes":[]},{"id":11985,"url":"https:\/\/le-fort.org\/cocina\/taller-pizza-cuenca\/","url_meta":{"origin":8715,"position":2},"title":"Taller de Pizza en Cuenca","author":"Le-Fort.org","date":"10 de Marzo, 2018","format":false,"excerpt":"Taller de pizza en Cuenca, Ecuador, dictado en DASAM Distribuidora. Revisamos pizza Margherita, NYC, Siciliana, y dos \"no-pizzas\": La Focaccia y el Flammkuchen.","rel":"","context":"En &quot;Educaci\u00f3n&quot;","block_context":{"text":"Educaci\u00f3n","link":"https:\/\/le-fort.org\/cocina\/categoria\/educacion\/"},"img":{"alt_text":"","src":"https:\/\/i0.wp.com\/le-fort.org\/cocina\/wp-content\/uploads\/2018\/03\/dasam-hd.jpg?fit=1200%2C400&ssl=1&resize=350%2C200","width":350,"height":200,"srcset":"https:\/\/i0.wp.com\/le-fort.org\/cocina\/wp-content\/uploads\/2018\/03\/dasam-hd.jpg?fit=1200%2C400&ssl=1&resize=350%2C200 1x, https:\/\/i0.wp.com\/le-fort.org\/cocina\/wp-content\/uploads\/2018\/03\/dasam-hd.jpg?fit=1200%2C400&ssl=1&resize=525%2C300 1.5x, https:\/\/i0.wp.com\/le-fort.org\/cocina\/wp-content\/uploads\/2018\/03\/dasam-hd.jpg?fit=1200%2C400&ssl=1&resize=700%2C400 2x, https:\/\/i0.wp.com\/le-fort.org\/cocina\/wp-content\/uploads\/2018\/03\/dasam-hd.jpg?fit=1200%2C400&ssl=1&resize=1050%2C600 3x"},"classes":[]},{"id":12489,"url":"https:\/\/le-fort.org\/cocina\/historia-de-la-pizza\/","url_meta":{"origin":8715,"position":3},"title":"Historia de la Pizza","author":"Le-Fort.org","date":"14 de Mayo, 2018","format":false,"excerpt":"Una breve historia de la pizza, que iremos ampliando a medida que vayamos conociendo. Por favor cont\u00e1ctanos si ves un hito importante que nos falta. Esta l\u00ednea de tiempo tiene su origen en nuestro Taller de pizza. 5.000 a\u00f1os o es gratis: Breve historia de la pizza La historia de\u2026","rel":"","context":"En &quot;General&quot;","block_context":{"text":"General","link":"https:\/\/le-fort.org\/cocina\/categoria\/general\/"},"img":{"alt_text":"","src":"https:\/\/i0.wp.com\/le-fort.org\/cocina\/wp-content\/uploads\/2017\/12\/curso-pizza-hd.jpg?fit=1200%2C400&ssl=1&resize=350%2C200","width":350,"height":200,"srcset":"https:\/\/i0.wp.com\/le-fort.org\/cocina\/wp-content\/uploads\/2017\/12\/curso-pizza-hd.jpg?fit=1200%2C400&ssl=1&resize=350%2C200 1x, https:\/\/i0.wp.com\/le-fort.org\/cocina\/wp-content\/uploads\/2017\/12\/curso-pizza-hd.jpg?fit=1200%2C400&ssl=1&resize=525%2C300 1.5x, https:\/\/i0.wp.com\/le-fort.org\/cocina\/wp-content\/uploads\/2017\/12\/curso-pizza-hd.jpg?fit=1200%2C400&ssl=1&resize=700%2C400 2x, https:\/\/i0.wp.com\/le-fort.org\/cocina\/wp-content\/uploads\/2017\/12\/curso-pizza-hd.jpg?fit=1200%2C400&ssl=1&resize=1050%2C600 3x"},"classes":[]},{"id":8624,"url":"https:\/\/le-fort.org\/cocina\/pizza-saag-paneer\/","url_meta":{"origin":8715,"position":4},"title":"Pizza de Saag Paneer: fusi\u00f3n indoitaliana","author":"Le-Fort.org","date":"13 de Agosto, 2016","format":false,"excerpt":"Receta de pizza de Saag Paneer, fusi\u00f3n indoitaliana.","rel":"","context":"En &quot;Recetas&quot;","block_context":{"text":"Recetas","link":"https:\/\/le-fort.org\/cocina\/categoria\/recetas\/"},"img":{"alt_text":"","src":"https:\/\/i0.wp.com\/le-fort.org\/cocina\/wp-content\/uploads\/2016\/08\/pizza-saag-paneer-hd.jpg?fit=1200%2C400&ssl=1&resize=350%2C200","width":350,"height":200,"srcset":"https:\/\/i0.wp.com\/le-fort.org\/cocina\/wp-content\/uploads\/2016\/08\/pizza-saag-paneer-hd.jpg?fit=1200%2C400&ssl=1&resize=350%2C200 1x, https:\/\/i0.wp.com\/le-fort.org\/cocina\/wp-content\/uploads\/2016\/08\/pizza-saag-paneer-hd.jpg?fit=1200%2C400&ssl=1&resize=525%2C300 1.5x, https:\/\/i0.wp.com\/le-fort.org\/cocina\/wp-content\/uploads\/2016\/08\/pizza-saag-paneer-hd.jpg?fit=1200%2C400&ssl=1&resize=700%2C400 2x, https:\/\/i0.wp.com\/le-fort.org\/cocina\/wp-content\/uploads\/2016\/08\/pizza-saag-paneer-hd.jpg?fit=1200%2C400&ssl=1&resize=1050%2C600 3x"},"classes":[]},{"id":11442,"url":"https:\/\/le-fort.org\/cocina\/clase-pizza-santa-elena\/","url_meta":{"origin":8715,"position":5},"title":"Clase de Pizza en Santa Elena","author":"Le-Fort.org","date":"17 de Enero, 2018","format":false,"excerpt":"Ya que estamos en Santa Elena, dictamos un breve curso de pizza. Amamos la pizza y amamos ense\u00f1ar. \u00bfQu\u00e9 mejor? Dictamos el curso como iniciativa de la Asociaci\u00f3n de Chefs del Ecuador en la Escuela de Alta Cocina Arte Chef. Tuvimos alrededor de 30 asistentes, desde Chefs hasta gente que\u2026","rel":"","context":"En &quot;Ecuador&quot;","block_context":{"text":"Ecuador","link":"https:\/\/le-fort.org\/cocina\/categoria\/ecuador\/"},"img":{"alt_text":"","src":"https:\/\/i0.wp.com\/le-fort.org\/cocina\/wp-content\/uploads\/2017\/01\/hawaiana-hd.jpg?fit=1200%2C400&ssl=1&resize=350%2C200","width":350,"height":200,"srcset":"https:\/\/i0.wp.com\/le-fort.org\/cocina\/wp-content\/uploads\/2017\/01\/hawaiana-hd.jpg?fit=1200%2C400&ssl=1&resize=350%2C200 1x, https:\/\/i0.wp.com\/le-fort.org\/cocina\/wp-content\/uploads\/2017\/01\/hawaiana-hd.jpg?fit=1200%2C400&ssl=1&resize=525%2C300 1.5x, https:\/\/i0.wp.com\/le-fort.org\/cocina\/wp-content\/uploads\/2017\/01\/hawaiana-hd.jpg?fit=1200%2C400&ssl=1&resize=700%2C400 2x, https:\/\/i0.wp.com\/le-fort.org\/cocina\/wp-content\/uploads\/2017\/01\/hawaiana-hd.jpg?fit=1200%2C400&ssl=1&resize=1050%2C600 3x"},"classes":[]}],"_links":{"self":[{"href":"https:\/\/le-fort.org\/cocina\/wp-json\/wp\/v2\/posts\/8715","targetHints":{"allow":["GET"]}}],"collection":[{"href":"https:\/\/le-fort.org\/cocina\/wp-json\/wp\/v2\/posts"}],"about":[{"href":"https:\/\/le-fort.org\/cocina\/wp-json\/wp\/v2\/types\/post"}],"author":[{"embeddable":true,"href":"https:\/\/le-fort.org\/cocina\/wp-json\/wp\/v2\/users\/1"}],"replies":[{"embeddable":true,"href":"https:\/\/le-fort.org\/cocina\/wp-json\/wp\/v2\/comments?post=8715"}],"version-history":[{"count":1,"href":"https:\/\/le-fort.org\/cocina\/wp-json\/wp\/v2\/posts\/8715\/revisions"}],"predecessor-version":[{"id":16906,"href":"https:\/\/le-fort.org\/cocina\/wp-json\/wp\/v2\/posts\/8715\/revisions\/16906"}],"wp:featuredmedia":[{"embeddable":true,"href":"https:\/\/le-fort.org\/cocina\/wp-json\/wp\/v2\/media\/8720"}],"wp:attachment":[{"href":"https:\/\/le-fort.org\/cocina\/wp-json\/wp\/v2\/media?parent=8715"}],"wp:term":[{"taxonomy":"category","embeddable":true,"href":"https:\/\/le-fort.org\/cocina\/wp-json\/wp\/v2\/categories?post=8715"},{"taxonomy":"post_tag","embeddable":true,"href":"https:\/\/le-fort.org\/cocina\/wp-json\/wp\/v2\/tags?post=8715"}],"curies":[{"name":"wp","href":"https:\/\/api.w.org\/{rel}","templated":true}]}}