{"id":9112,"date":"2017-05-15T11:12:19","date_gmt":"2017-05-15T16:12:19","guid":{"rendered":"http:\/\/loquecomemos.com\/?p=9112"},"modified":"2020-03-28T20:23:05","modified_gmt":"2020-03-29T01:23:05","slug":"primeros-pasos-pan-masa-madre","status":"publish","type":"post","link":"https:\/\/le-fort.org\/cocina\/primeros-pasos-pan-masa-madre\/","title":{"rendered":"Primeros Pasos en Pan de Masa Madre"},"content":{"rendered":"<p>Hemos estado estudiando una serie de cosas, y entre ellas nos metimos en el pan de masa madre. Este es un relato de nuestros primeros pasos.<!--more--><\/p>\n<figure id=\"attachment_9113\" aria-describedby=\"caption-attachment-9113\" style=\"width: 1280px\" class=\"wp-caption aligncenter\"><img data-recalc-dims=\"1\" loading=\"lazy\" decoding=\"async\" data-attachment-id=\"9113\" data-permalink=\"https:\/\/le-fort.org\/cocina\/primeros-pasos-pan-masa-madre\/pan-de-molde\/\" data-orig-file=\"https:\/\/i0.wp.com\/le-fort.org\/cocina\/wp-content\/uploads\/2016\/12\/pan-de-molde.jpg?fit=1280%2C720&amp;ssl=1\" data-orig-size=\"1280,720\" data-comments-opened=\"0\" data-image-meta=\"{&quot;aperture&quot;:&quot;0&quot;,&quot;credit&quot;:&quot;&quot;,&quot;camera&quot;:&quot;&quot;,&quot;caption&quot;:&quot;&quot;,&quot;created_timestamp&quot;:&quot;0&quot;,&quot;copyright&quot;:&quot;&quot;,&quot;focal_length&quot;:&quot;0&quot;,&quot;iso&quot;:&quot;0&quot;,&quot;shutter_speed&quot;:&quot;0&quot;,&quot;title&quot;:&quot;&quot;,&quot;orientation&quot;:&quot;0&quot;}\" data-image-title=\"pan-de-molde\" data-image-description=\"\" data-image-caption=\"\" data-large-file=\"https:\/\/i0.wp.com\/le-fort.org\/cocina\/wp-content\/uploads\/2016\/12\/pan-de-molde.jpg?fit=1200%2C675&amp;ssl=1\" class=\"wp-image-9113 size-full\" src=\"https:\/\/i0.wp.com\/loquecomemos.com\/wp-content\/uploads\/2016\/12\/pan-de-molde.jpg?resize=1200%2C675\" alt=\"Pan de molde de masa madre\" width=\"1200\" height=\"675\" srcset=\"https:\/\/i0.wp.com\/le-fort.org\/cocina\/wp-content\/uploads\/2016\/12\/pan-de-molde.jpg?w=1280&amp;ssl=1 1280w, https:\/\/i0.wp.com\/le-fort.org\/cocina\/wp-content\/uploads\/2016\/12\/pan-de-molde.jpg?resize=600%2C338&amp;ssl=1 600w\" sizes=\"auto, (max-width: 1200px) 100vw, 1200px\" \/><figcaption id=\"caption-attachment-9113\" class=\"wp-caption-text\">Pan de molde de masa madre<\/figcaption><\/figure>\n<h2>\u00bfQu\u00e9 es la masa madre?<\/h2>\n<p>La masa madre es una mezcla de agua y harina que es colonizada por hongos (levadura) y bacterias. Podemos decir que es una &#8220;levadura natural&#8221; ya que la masa es colonizada por levaduras y bacterias que hay en el ambiente, principalmente en la misma harina, y en mucha menos proporci\u00f3n en el aire. Utilizamos esta masa como leudante en la preparaci\u00f3n del pan. Leuda menos que la levadura pero tiene otros beneficios, como sabor, prebi\u00f3ticos y al parecer, un menor \u00edndice glic\u00e9mico.<\/p>\n<p>Podemos aventurarnos a afirmar que esta fue la forma en que se descubri\u00f3 el uso de la levadura en la panificaci\u00f3n, en el antiguo Egipto o en Sumer.<\/p>\n<h2>Preparaci\u00f3n de la Masa madre<\/h2>\n<p>S\u00f3lo necesitamos harina, agua, un recipiente de loza, vidrio o acero inoxidable y paciencia. Dividimos el proceso en d\u00edas para mayor facilidad.<\/p>\n<h3>D\u00eda 1<\/h3>\n<p>Mezclar 50gr de harina con 50ml de agua potable. Revolver hasta homogeneizar. Dejar reposando en el recipiente tapado con un pa\u00f1o limpio.<\/p>\n<p>Tenemos un total de 100gr de masa<\/p>\n<h3>D\u00eda 2<\/h3>\n<p>A\u00f1adir 50gr de harina y 50ml de agua potable. Revolver hasta homogeneizar. Dejar reposando en el recipiente tapado con un pa\u00f1o limpio.<\/p>\n<p>Esta pr\u00e1ctica se llama &#8220;alimentar&#8221; la masa madre. Si la concentraci\u00f3n de levaduras y bacterias en la masa es muy alta, corremos el peligro de que la masa sufra cambios poco agradables, como avinagrarse u oscurecerse, o en el peor de los casos: &#8220;morir&#8221; Una masa madre muerta huele realmente a cad\u00e1ver, y no queremos eso.<\/p>\n<p>Tenemos un total de 200gr de masa<\/p>\n<h3>D\u00eda\u00a03<\/h3>\n<p>Desechar la mitad de la mezcla que tenemos y a\u00f1adir 50gr de harina y 50ml de agua potable. Revolver hasta homogeneizar. Dejar reposando en el recipiente tapado con un pa\u00f1o limpio.<\/p>\n<p>Tenemos un total de 200gr de masa<\/p>\n<h3>D\u00eda\u00a04<\/h3>\n<p>Desechar la mitad de la mezcla que tenemos y a\u00f1adir 50gr de harina y 50ml de agua potable. Revolver hasta homogeneizar. Dejar reposando en el recipiente tapado con un pa\u00f1o limpio.<\/p>\n<p>Tenemos un total de 200gr de masa<\/p>\n<p>Dependiendo de c\u00f3mo se comporte la masa, puede ser conveniente comenzar a refrigerar en esta etapa. <strong>Esto depende en gran medida de la temperatura<\/strong>. Nosotros vivimos en Ecuador, por lo que refrigerar se hace importante para evitar que la fermentaci\u00f3n suceda muy r\u00e1pidamente, porque ah\u00ed la masa adquiere un olor a vinagre poco agradable.<\/p>\n<p>Se supone que la apariencia de la masa deber\u00eda ser algo similar a esto:<\/p>\n<figure id=\"attachment_9117\" aria-describedby=\"caption-attachment-9117\" style=\"width: 1280px\" class=\"wp-caption aligncenter\"><img data-recalc-dims=\"1\" loading=\"lazy\" decoding=\"async\" data-attachment-id=\"9117\" data-permalink=\"https:\/\/le-fort.org\/cocina\/primeros-pasos-pan-masa-madre\/masa-madre-1\/\" data-orig-file=\"https:\/\/i0.wp.com\/le-fort.org\/cocina\/wp-content\/uploads\/2016\/12\/masa-madre-1.jpg?fit=1280%2C720&amp;ssl=1\" data-orig-size=\"1280,720\" data-comments-opened=\"0\" data-image-meta=\"{&quot;aperture&quot;:&quot;2.4&quot;,&quot;credit&quot;:&quot;&quot;,&quot;camera&quot;:&quot;XT1040&quot;,&quot;caption&quot;:&quot;&quot;,&quot;created_timestamp&quot;:&quot;1481185119&quot;,&quot;copyright&quot;:&quot;&quot;,&quot;focal_length&quot;:&quot;3.5&quot;,&quot;iso&quot;:&quot;160&quot;,&quot;shutter_speed&quot;:&quot;0.00832&quot;,&quot;title&quot;:&quot;&quot;,&quot;orientation&quot;:&quot;1&quot;}\" data-image-title=\"masa madre 1\" data-image-description=\"\" data-image-caption=\"\" data-large-file=\"https:\/\/i0.wp.com\/le-fort.org\/cocina\/wp-content\/uploads\/2016\/12\/masa-madre-1.jpg?fit=1200%2C675&amp;ssl=1\" class=\"wp-image-9117 size-full\" src=\"https:\/\/i0.wp.com\/loquecomemos.com\/wp-content\/uploads\/2016\/12\/masa-madre-1.jpg?resize=1200%2C675\" alt=\"masa madre al cuarto d\u00eda\" width=\"1200\" height=\"675\" srcset=\"https:\/\/i0.wp.com\/le-fort.org\/cocina\/wp-content\/uploads\/2016\/12\/masa-madre-1.jpg?w=1280&amp;ssl=1 1280w, https:\/\/i0.wp.com\/le-fort.org\/cocina\/wp-content\/uploads\/2016\/12\/masa-madre-1.jpg?resize=600%2C338&amp;ssl=1 600w\" sizes=\"auto, (max-width: 1200px) 100vw, 1200px\" \/><figcaption id=\"caption-attachment-9117\" class=\"wp-caption-text\">Masa madre activa<\/figcaption><\/figure>\n<h3>D\u00edas sucesivos<\/h3>\n<p>De aqu\u00ed en adelante, el procedimiento d\u00eda tras d\u00eda ser\u00e1 el mismo:<\/p>\n<ul>\n<li>Sacar la masa del refrigerador<\/li>\n<li>Desechar (o utilizar) la mitad de la masa madre<\/li>\n<li>Mezclar 50gr de harina y 50gr de agua en la masa restante<\/li>\n<li>Dejar que se active 30 minutos fuera del refrigerador<\/li>\n<li>Volver a refrigerar<\/li>\n<\/ul>\n<h2>Aumentar la cantidad de masa madre<\/h2>\n<p>En general, si vamos a utilizar la masa madre para preparar pan, un 30% del peso de la masa deber\u00eda ser masa madre, salvo que tengamos mucho tiempo.<\/p>\n<figure id=\"attachment_12209\" aria-describedby=\"caption-attachment-12209\" style=\"width: 755px\" class=\"wp-caption aligncenter\"><img data-recalc-dims=\"1\" loading=\"lazy\" decoding=\"async\" data-attachment-id=\"12209\" data-permalink=\"https:\/\/le-fort.org\/cocina\/primeros-pasos-pan-masa-madre\/masa-madre-avena\/\" data-orig-file=\"https:\/\/i0.wp.com\/le-fort.org\/cocina\/wp-content\/uploads\/2017\/05\/masa-madre-avena.jpg?fit=1280%2C720&amp;ssl=1\" data-orig-size=\"1280,720\" data-comments-opened=\"0\" data-image-meta=\"{&quot;aperture&quot;:&quot;0&quot;,&quot;credit&quot;:&quot;&quot;,&quot;camera&quot;:&quot;&quot;,&quot;caption&quot;:&quot;&quot;,&quot;created_timestamp&quot;:&quot;0&quot;,&quot;copyright&quot;:&quot;&quot;,&quot;focal_length&quot;:&quot;0&quot;,&quot;iso&quot;:&quot;0&quot;,&quot;shutter_speed&quot;:&quot;0&quot;,&quot;title&quot;:&quot;&quot;,&quot;orientation&quot;:&quot;0&quot;}\" data-image-title=\"masa-madre-avena\" data-image-description=\"\" data-image-caption=\"&lt;p&gt;Pan de masa madre&lt;\/p&gt;\n\" data-large-file=\"https:\/\/i0.wp.com\/le-fort.org\/cocina\/wp-content\/uploads\/2017\/05\/masa-madre-avena.jpg?fit=1200%2C675&amp;ssl=1\" class=\"wp-image-12209 size-large\" src=\"https:\/\/i0.wp.com\/www.le-fort.org\/wp-content\/uploads\/2017\/05\/masa-madre-avena-1280x720.jpg?resize=755%2C425&#038;ssl=1\" alt=\"Pan de masa madre: 70% harina de trigo y 30% avena.\" width=\"755\" height=\"425\" srcset=\"https:\/\/i0.wp.com\/le-fort.org\/cocina\/wp-content\/uploads\/2017\/05\/masa-madre-avena.jpg?w=1280&amp;ssl=1 1280w, https:\/\/i0.wp.com\/le-fort.org\/cocina\/wp-content\/uploads\/2017\/05\/masa-madre-avena.jpg?resize=600%2C338&amp;ssl=1 600w\" sizes=\"auto, (max-width: 755px) 100vw, 755px\" \/><figcaption id=\"caption-attachment-12209\" class=\"wp-caption-text\">Pan de masa madre: 70% harina de trigo y 30% avena.<\/figcaption><\/figure>\n<p>Si necesitas aumentar la cantidad de masa madre, unos d\u00edas antes de necesitarla, no botes la mitad y a\u00f1ade la mitad del peso total de la masa madre de agua y la mitad de harina, hasta tener la cantidad necesaria para tu receta, m\u00e1s la suficiente para continuar el proceso de la masa madre.<\/p>\n<h2>Alternativas a desechar la masa madre<\/h2>\n<p>En vez de botar la masa madre excedente, podemos utilizarla en <a href=\"https:\/\/www.le-fort.org\/muffins-masa-madre\/\">muffins<\/a>, <a href=\"https:\/\/www.le-fort.org\/panqueques-de-masa-madre\/\">panqueques (o waffles)<\/a>, y otras preparaciones.<\/p>\n<p>Ahora podemos proceder a preparar <a href=\"https:\/\/www.le-fort.org\/pan-de-masa-madre\/\">pan de masa madre<\/a>.<\/p>\n<p>Por favor cu\u00e9ntanos c\u00f3mo te va.<\/p>\n","protected":false},"excerpt":{"rendered":"<p>Hemos estado estudiando una serie de cosas, y entre ellas nos metimos en el pan de masa madre. Este es un relato de nuestros primeros pasos.<\/p>\n","protected":false},"author":1,"featured_media":9476,"comment_status":"closed","ping_status":"closed","sticky":false,"template":"","format":"standard","meta":{"_jetpack_newsletter_access":"","_jetpack_dont_email_post_to_subs":false,"_jetpack_newsletter_tier_id":0,"_jetpack_memberships_contains_paywalled_content":false,"_jetpack_memberships_contains_paid_content":false,"footnotes":""},"categories":[665,2],"tags":[688,51],"class_list":["post-9112","post","type-post","status-publish","format-standard","has-post-thumbnail","hentry","category-panes","category-recetas","tag-masa-madre","tag-pan","entry","has-media"],"jetpack_featured_media_url":"https:\/\/i0.wp.com\/le-fort.org\/cocina\/wp-content\/uploads\/2016\/12\/masa-madre-hd.jpg?fit=1500%2C500&ssl=1","jetpack_shortlink":"https:\/\/wp.me\/pghKer-2mY","jetpack_sharing_enabled":true,"jetpack-related-posts":[{"id":14846,"url":"https:\/\/le-fort.org\/cocina\/pan-de-molde\/","url_meta":{"origin":9112,"position":0},"title":"Pan de Molde","author":"Le-Fort.org","date":"20 de Marzo, 2020","format":false,"excerpt":"El pan de molde es una excelente receta para estos d\u00edas de aislamiento social y cuarentena, en los que saber hacer pan es una habilidad \u00fatil. Compartimos con ustedes esta receta de un pan f\u00e1cil, delicioso y bajo en grasa. Qu\u00e9date en casa y cu\u00eddate a ti y a los\u2026","rel":"","context":"En &quot;Panes&quot;","block_context":{"text":"Panes","link":"https:\/\/le-fort.org\/cocina\/categoria\/panes\/"},"img":{"alt_text":"","src":"https:\/\/i0.wp.com\/le-fort.org\/cocina\/wp-content\/uploads\/2020\/03\/pan.jpg?fit=1200%2C675&ssl=1&resize=350%2C200","width":350,"height":200,"srcset":"https:\/\/i0.wp.com\/le-fort.org\/cocina\/wp-content\/uploads\/2020\/03\/pan.jpg?fit=1200%2C675&ssl=1&resize=350%2C200 1x, https:\/\/i0.wp.com\/le-fort.org\/cocina\/wp-content\/uploads\/2020\/03\/pan.jpg?fit=1200%2C675&ssl=1&resize=525%2C300 1.5x, https:\/\/i0.wp.com\/le-fort.org\/cocina\/wp-content\/uploads\/2020\/03\/pan.jpg?fit=1200%2C675&ssl=1&resize=700%2C400 2x, https:\/\/i0.wp.com\/le-fort.org\/cocina\/wp-content\/uploads\/2020\/03\/pan.jpg?fit=1200%2C675&ssl=1&resize=1050%2C600 3x"},"classes":[]},{"id":11876,"url":"https:\/\/le-fort.org\/cocina\/pan-de-masa-madre\/","url_meta":{"origin":9112,"position":1},"title":"Pan de Masa Madre","author":"Le-Fort.org","date":"18 de Marzo, 2018","format":false,"excerpt":"C\u00f3mo preparar una hogaza de pan de masa madre.","rel":"","context":"En &quot;Panes&quot;","block_context":{"text":"Panes","link":"https:\/\/le-fort.org\/cocina\/categoria\/panes\/"},"img":{"alt_text":"","src":"https:\/\/i0.wp.com\/le-fort.org\/cocina\/wp-content\/uploads\/2018\/02\/pan-masa-madre-hd.jpg?fit=1200%2C400&ssl=1&resize=350%2C200","width":350,"height":200,"srcset":"https:\/\/i0.wp.com\/le-fort.org\/cocina\/wp-content\/uploads\/2018\/02\/pan-masa-madre-hd.jpg?fit=1200%2C400&ssl=1&resize=350%2C200 1x, https:\/\/i0.wp.com\/le-fort.org\/cocina\/wp-content\/uploads\/2018\/02\/pan-masa-madre-hd.jpg?fit=1200%2C400&ssl=1&resize=525%2C300 1.5x, https:\/\/i0.wp.com\/le-fort.org\/cocina\/wp-content\/uploads\/2018\/02\/pan-masa-madre-hd.jpg?fit=1200%2C400&ssl=1&resize=700%2C400 2x, https:\/\/i0.wp.com\/le-fort.org\/cocina\/wp-content\/uploads\/2018\/02\/pan-masa-madre-hd.jpg?fit=1200%2C400&ssl=1&resize=1050%2C600 3x"},"classes":[]},{"id":3596,"url":"https:\/\/le-fort.org\/cocina\/por-que-no-hacer-pan-el-domingo\/","url_meta":{"origin":9112,"position":2},"title":"\u00bfPor qu\u00e9 no hacer pan el Domingo?","author":"Le-Fort.org","date":"19 de Mayo, 2013","format":false,"excerpt":"Te proponemos hacer pan para un desayuno tard\u00edo los d\u00edas domingo en la ma\u00f1ana. Es f\u00e1cil y muy satisfactorio. Aqu\u00ed te damos una receta base.","rel":"","context":"En &quot;Recetas&quot;","block_context":{"text":"Recetas","link":"https:\/\/le-fort.org\/cocina\/categoria\/recetas\/"},"img":{"alt_text":"","src":"https:\/\/i0.wp.com\/le-fort.org\/cocina\/wp-content\/uploads\/2013\/05\/hd5.jpg?fit=610%2C225&ssl=1&resize=350%2C200","width":350,"height":200,"srcset":"https:\/\/i0.wp.com\/le-fort.org\/cocina\/wp-content\/uploads\/2013\/05\/hd5.jpg?fit=610%2C225&ssl=1&resize=350%2C200 1x, https:\/\/i0.wp.com\/le-fort.org\/cocina\/wp-content\/uploads\/2013\/05\/hd5.jpg?fit=610%2C225&ssl=1&resize=525%2C300 1.5x"},"classes":[]},{"id":4952,"url":"https:\/\/le-fort.org\/cocina\/naan-pan-indio\/","url_meta":{"origin":9112,"position":3},"title":"Naan \u2013 Pan Indio","author":"Le-Fort.org","date":"1 de Octubre, 2013","format":false,"excerpt":"Receta de Naan, un pan de India y el centro y oeste de Asia que se prepara con harina de trigo, levadura y yoghurt y se sirve como acompa\u00f1amiento de la comida india.","rel":"","context":"En &quot;Recetas&quot;","block_context":{"text":"Recetas","link":"https:\/\/le-fort.org\/cocina\/categoria\/recetas\/"},"img":{"alt_text":"","src":"https:\/\/i0.wp.com\/le-fort.org\/cocina\/wp-content\/uploads\/2013\/10\/naan-2-hd.jpg?fit=1200%2C400&ssl=1&resize=350%2C200","width":350,"height":200,"srcset":"https:\/\/i0.wp.com\/le-fort.org\/cocina\/wp-content\/uploads\/2013\/10\/naan-2-hd.jpg?fit=1200%2C400&ssl=1&resize=350%2C200 1x, https:\/\/i0.wp.com\/le-fort.org\/cocina\/wp-content\/uploads\/2013\/10\/naan-2-hd.jpg?fit=1200%2C400&ssl=1&resize=525%2C300 1.5x, https:\/\/i0.wp.com\/le-fort.org\/cocina\/wp-content\/uploads\/2013\/10\/naan-2-hd.jpg?fit=1200%2C400&ssl=1&resize=700%2C400 2x, https:\/\/i0.wp.com\/le-fort.org\/cocina\/wp-content\/uploads\/2013\/10\/naan-2-hd.jpg?fit=1200%2C400&ssl=1&resize=1050%2C600 3x"},"classes":[]},{"id":5060,"url":"https:\/\/le-fort.org\/cocina\/marraquetas-tambien-conocidas-como-pan-batido\/","url_meta":{"origin":9112,"position":4},"title":"Marraquetas o Pan Batido","author":"Le-Fort.org","date":"11 de Diciembre, 2013","format":false,"excerpt":"Receta de marraqueta, pan t\u00edpico chileno conocido tambi\u00e9n como pan batido o pan franc\u00e9s. El secreto es el vapor.","rel":"","context":"En &quot;Recetas&quot;","block_context":{"text":"Recetas","link":"https:\/\/le-fort.org\/cocina\/categoria\/recetas\/"},"img":{"alt_text":"","src":"https:\/\/i0.wp.com\/le-fort.org\/cocina\/wp-content\/uploads\/2013\/12\/marraqueta-hd.jpg?fit=960%2C400&ssl=1&resize=350%2C200","width":350,"height":200,"srcset":"https:\/\/i0.wp.com\/le-fort.org\/cocina\/wp-content\/uploads\/2013\/12\/marraqueta-hd.jpg?fit=960%2C400&ssl=1&resize=350%2C200 1x, https:\/\/i0.wp.com\/le-fort.org\/cocina\/wp-content\/uploads\/2013\/12\/marraqueta-hd.jpg?fit=960%2C400&ssl=1&resize=525%2C300 1.5x, https:\/\/i0.wp.com\/le-fort.org\/cocina\/wp-content\/uploads\/2013\/12\/marraqueta-hd.jpg?fit=960%2C400&ssl=1&resize=700%2C400 2x"},"classes":[]},{"id":14508,"url":"https:\/\/le-fort.org\/cocina\/culmina-curso-de-panaderia-en-loja\/","url_meta":{"origin":9112,"position":5},"title":"Culmina curso de Panader\u00eda en Loja","author":"Le-Fort.org","date":"13 de Octubre, 2019","format":false,"excerpt":"Curso de panader\u00eda en Loja. Concluimos ya la primera parte de nuestro curso de panader\u00eda y reposter\u00eda en la ciudad de Loja. A lo largo de ocho semanas comenzamos desde cero, eliminando el almid\u00f3n para dejar el gluten y preparar seitan, y terminamos elaborando una serie de panes de diversos\u2026","rel":"","context":"En &quot;Educaci\u00f3n&quot;","block_context":{"text":"Educaci\u00f3n","link":"https:\/\/le-fort.org\/cocina\/categoria\/educacion\/"},"img":{"alt_text":"","src":"https:\/\/i0.wp.com\/le-fort.org\/cocina\/wp-content\/uploads\/2019\/10\/panaderia-hd.jpg?fit=1200%2C400&ssl=1&resize=350%2C200","width":350,"height":200,"srcset":"https:\/\/i0.wp.com\/le-fort.org\/cocina\/wp-content\/uploads\/2019\/10\/panaderia-hd.jpg?fit=1200%2C400&ssl=1&resize=350%2C200 1x, https:\/\/i0.wp.com\/le-fort.org\/cocina\/wp-content\/uploads\/2019\/10\/panaderia-hd.jpg?fit=1200%2C400&ssl=1&resize=525%2C300 1.5x, https:\/\/i0.wp.com\/le-fort.org\/cocina\/wp-content\/uploads\/2019\/10\/panaderia-hd.jpg?fit=1200%2C400&ssl=1&resize=700%2C400 2x, https:\/\/i0.wp.com\/le-fort.org\/cocina\/wp-content\/uploads\/2019\/10\/panaderia-hd.jpg?fit=1200%2C400&ssl=1&resize=1050%2C600 3x"},"classes":[]}],"_links":{"self":[{"href":"https:\/\/le-fort.org\/cocina\/wp-json\/wp\/v2\/posts\/9112","targetHints":{"allow":["GET"]}}],"collection":[{"href":"https:\/\/le-fort.org\/cocina\/wp-json\/wp\/v2\/posts"}],"about":[{"href":"https:\/\/le-fort.org\/cocina\/wp-json\/wp\/v2\/types\/post"}],"author":[{"embeddable":true,"href":"https:\/\/le-fort.org\/cocina\/wp-json\/wp\/v2\/users\/1"}],"replies":[{"embeddable":true,"href":"https:\/\/le-fort.org\/cocina\/wp-json\/wp\/v2\/comments?post=9112"}],"version-history":[{"count":1,"href":"https:\/\/le-fort.org\/cocina\/wp-json\/wp\/v2\/posts\/9112\/revisions"}],"predecessor-version":[{"id":14881,"href":"https:\/\/le-fort.org\/cocina\/wp-json\/wp\/v2\/posts\/9112\/revisions\/14881"}],"wp:featuredmedia":[{"embeddable":true,"href":"https:\/\/le-fort.org\/cocina\/wp-json\/wp\/v2\/media\/9476"}],"wp:attachment":[{"href":"https:\/\/le-fort.org\/cocina\/wp-json\/wp\/v2\/media?parent=9112"}],"wp:term":[{"taxonomy":"category","embeddable":true,"href":"https:\/\/le-fort.org\/cocina\/wp-json\/wp\/v2\/categories?post=9112"},{"taxonomy":"post_tag","embeddable":true,"href":"https:\/\/le-fort.org\/cocina\/wp-json\/wp\/v2\/tags?post=9112"}],"curies":[{"name":"wp","href":"https:\/\/api.w.org\/{rel}","templated":true}]}}