{"id":9528,"date":"2017-06-26T09:00:43","date_gmt":"2017-06-26T14:00:43","guid":{"rendered":"http:\/\/loquecomemos.com\/?p=9528"},"modified":"2022-01-05T10:03:33","modified_gmt":"2022-01-05T15:03:33","slug":"ciencia-y-cocina-introduccion","status":"publish","type":"post","link":"https:\/\/le-fort.org\/cocina\/ciencia-y-cocina-introduccion\/","title":{"rendered":"Ciencia y Cocina: Una Introducci\u00f3n"},"content":{"rendered":"<p>Recientemente tuvimos la oportunidad de conversar una clase con estudiantes de la carrera de Gastronom\u00eda de la UNIANDES en Ambato. El tema fue\u00a0<strong><a href=\"https:\/\/le-fort.org\/etiqueta\/ciencia-y-cocina\/\">Ciencia y Cocina<\/a>: Una Introducci\u00f3n<\/strong>. La idea fue pensar la cocina desde el m\u00e9todo cient\u00edfico y desmitificar el tema de la quiz\u00e1 mal llamada cocina molecular.<!--more--><\/p>\n<p><img data-recalc-dims=\"1\" loading=\"lazy\" decoding=\"async\" data-attachment-id=\"9553\" data-permalink=\"https:\/\/le-fort.org\/cocina\/ciencia-y-cocina-introduccion\/img_2471\/\" data-orig-file=\"https:\/\/i0.wp.com\/le-fort.org\/cocina\/wp-content\/uploads\/2017\/06\/IMG_2471.jpg?fit=1280%2C854&amp;ssl=1\" data-orig-size=\"1280,854\" data-comments-opened=\"0\" data-image-meta=\"{&quot;aperture&quot;:&quot;3.5&quot;,&quot;credit&quot;:&quot;Picasa&quot;,&quot;camera&quot;:&quot;Canon EOS REBEL SL1&quot;,&quot;caption&quot;:&quot;&quot;,&quot;created_timestamp&quot;:&quot;1498216652&quot;,&quot;copyright&quot;:&quot;&quot;,&quot;focal_length&quot;:&quot;18&quot;,&quot;iso&quot;:&quot;125&quot;,&quot;shutter_speed&quot;:&quot;0.025&quot;,&quot;title&quot;:&quot;&quot;,&quot;orientation&quot;:&quot;0&quot;}\" data-image-title=\"IMG_2471\" data-image-description=\"\" data-image-caption=\"\" data-large-file=\"https:\/\/i0.wp.com\/le-fort.org\/cocina\/wp-content\/uploads\/2017\/06\/IMG_2471.jpg?fit=1200%2C801&amp;ssl=1\" class=\"aligncenter size-full wp-image-9553\" src=\"https:\/\/i0.wp.com\/loquecomemos.com\/wp-content\/uploads\/2017\/06\/IMG_2471.jpg?resize=1200%2C801\" alt=\"Ciencia y cocina en la UNIANDES Ambato\" width=\"1200\" height=\"801\" srcset=\"https:\/\/i0.wp.com\/le-fort.org\/cocina\/wp-content\/uploads\/2017\/06\/IMG_2471.jpg?w=1280&amp;ssl=1 1280w, https:\/\/i0.wp.com\/le-fort.org\/cocina\/wp-content\/uploads\/2017\/06\/IMG_2471.jpg?resize=600%2C400&amp;ssl=1 600w\" sizes=\"auto, (max-width: 1200px) 100vw, 1200px\" \/><\/p>\n<h2>Presentaci\u00f3n Ciencia y Cocina<\/h2>\n<p>La estructura de la presentaci\u00f3n fue:<\/p>\n<ul>\n<li>\u00a1Hola!<\/li>\n<li>La Ciencia en la Cocina<\/li>\n<li>Demostraci\u00f3n y Discusi\u00f3n: <a href=\"https:\/\/le-fort.org\/tejas-de-pan\/\" target=\"_blank\" rel=\"noopener\">Tejas de Pan<\/a><\/li>\n<li>De la Tabla Peri\u00f3dica a la <em>mise en place<\/em><\/li>\n<li>Demostraci\u00f3n y Discusi\u00f3n: <a href=\"https:\/\/le-fort.org\/mousse-de-chocolate-de-dos-ingredientes\/\" target=\"_blank\" rel=\"noopener\">Chantilly de Chocolate<\/a><\/li>\n<li>Dispersiones Coloidales<\/li>\n<li>Demostraci\u00f3n y Discusi\u00f3n: Geles Fluidos<\/li>\n<li>Cocina Molecular<\/li>\n<li>Demostraci\u00f3n y Discusi\u00f3n: Cocteler\u00eda Vegana<\/li>\n<li>Preguntas Finales<\/li>\n<\/ul>\n<p>&nbsp;<\/p>\n<p>Fue una clase larga y muy entretenida en que lo pasamos muy bien. Confesamos que se nos qued\u00f3 en el tintero la <em>chantilly<\/em> de chocolate, as\u00ed es que la haremos la pr\u00f3xima vez que vayamos.<\/p>\n<p>Aqu\u00ed algunas fotos.<\/p>\n<div class=\"tiled-gallery type-rectangular tiled-gallery-unresized\" data-original-width=\"1200\" data-carousel-extra='{&quot;blog_id&quot;:1,&quot;permalink&quot;:&quot;https:\\\/\\\/le-fort.org\\\/cocina\\\/ciencia-y-cocina-introduccion\\\/&quot;,&quot;likes_blog_id&quot;:240650671}' itemscope itemtype=\"http:\/\/schema.org\/ImageGallery\" > <div class=\"gallery-row\" style=\"width: 1200px; height: 536px;\" data-original-width=\"1200\" data-original-height=\"536\" > <div class=\"gallery-group images-1\" style=\"width: 801px; height: 536px;\" data-original-width=\"801\" data-original-height=\"536\" > <div class=\"tiled-gallery-item tiled-gallery-item-large\" itemprop=\"associatedMedia\" itemscope itemtype=\"http:\/\/schema.org\/ImageObject\"> <meta itemprop=\"width\" content=\"797\"> <meta itemprop=\"height\" content=\"532\"> <img decoding=\"async\" class=\"\" data-attachment-id=\"9554\" data-orig-file=\"https:\/\/le-fort.org\/cocina\/wp-content\/uploads\/2017\/06\/IMG_2458.jpg\" data-orig-size=\"1280,854\" data-comments-opened=\"\" data-image-meta=\"{&quot;aperture&quot;:&quot;3.5&quot;,&quot;credit&quot;:&quot;Picasa&quot;,&quot;camera&quot;:&quot;Canon EOS REBEL SL1&quot;,&quot;caption&quot;:&quot;&quot;,&quot;created_timestamp&quot;:&quot;1498216006&quot;,&quot;copyright&quot;:&quot;&quot;,&quot;focal_length&quot;:&quot;18&quot;,&quot;iso&quot;:&quot;125&quot;,&quot;shutter_speed&quot;:&quot;0.033333333333333&quot;,&quot;title&quot;:&quot;&quot;,&quot;orientation&quot;:&quot;0&quot;}\" data-image-title=\"IMG_2458\" data-image-description=\"\" data-medium-file=\"https:\/\/i0.wp.com\/le-fort.org\/cocina\/wp-content\/uploads\/2017\/06\/IMG_2458.jpg?fit=600%2C400&#038;ssl=1\" data-large-file=\"https:\/\/i0.wp.com\/le-fort.org\/cocina\/wp-content\/uploads\/2017\/06\/IMG_2458.jpg?fit=1200%2C801&#038;ssl=1\" src=\"https:\/\/i0.wp.com\/le-fort.org\/cocina\/wp-content\/uploads\/2017\/06\/IMG_2458.jpg?w=797&#038;h=532&#038;ssl=1\" srcset=\"https:\/\/i0.wp.com\/le-fort.org\/cocina\/wp-content\/uploads\/2017\/06\/IMG_2458.jpg?w=1280&amp;ssl=1 1280w, https:\/\/i0.wp.com\/le-fort.org\/cocina\/wp-content\/uploads\/2017\/06\/IMG_2458.jpg?resize=600%2C400&amp;ssl=1 600w\" width=\"797\" height=\"532\" loading=\"lazy\" data-original-width=\"797\" data-original-height=\"532\" itemprop=\"http:\/\/schema.org\/image\" title=\"IMG_2458\" alt=\"En la cocina\" style=\"width: 797px; height: 532px;\" \/> <div class=\"tiled-gallery-caption\" itemprop=\"caption description\"> En la cocina <\/div> <\/div> <\/div> <!-- close group --> <div class=\"gallery-group images-2\" style=\"width: 399px; height: 536px;\" data-original-width=\"399\" data-original-height=\"536\" > <div class=\"tiled-gallery-item tiled-gallery-item-large\" itemprop=\"associatedMedia\" itemscope itemtype=\"http:\/\/schema.org\/ImageObject\"> <meta itemprop=\"width\" content=\"395\"> <meta itemprop=\"height\" content=\"264\"> <img decoding=\"async\" class=\"\" data-attachment-id=\"9555\" data-orig-file=\"https:\/\/le-fort.org\/cocina\/wp-content\/uploads\/2017\/06\/IMG_2461.jpg\" data-orig-size=\"1280,854\" data-comments-opened=\"\" data-image-meta=\"{&quot;aperture&quot;:&quot;3.5&quot;,&quot;credit&quot;:&quot;Picasa&quot;,&quot;camera&quot;:&quot;Canon EOS REBEL SL1&quot;,&quot;caption&quot;:&quot;&quot;,&quot;created_timestamp&quot;:&quot;1498216017&quot;,&quot;copyright&quot;:&quot;&quot;,&quot;focal_length&quot;:&quot;18&quot;,&quot;iso&quot;:&quot;100&quot;,&quot;shutter_speed&quot;:&quot;0.033333333333333&quot;,&quot;title&quot;:&quot;&quot;,&quot;orientation&quot;:&quot;0&quot;}\" data-image-title=\"IMG_2461\" data-image-description=\"\" data-medium-file=\"https:\/\/i0.wp.com\/le-fort.org\/cocina\/wp-content\/uploads\/2017\/06\/IMG_2461.jpg?fit=600%2C400&#038;ssl=1\" data-large-file=\"https:\/\/i0.wp.com\/le-fort.org\/cocina\/wp-content\/uploads\/2017\/06\/IMG_2461.jpg?fit=1200%2C801&#038;ssl=1\" src=\"https:\/\/i0.wp.com\/le-fort.org\/cocina\/wp-content\/uploads\/2017\/06\/IMG_2461.jpg?w=395&#038;h=264&#038;ssl=1\" srcset=\"https:\/\/i0.wp.com\/le-fort.org\/cocina\/wp-content\/uploads\/2017\/06\/IMG_2461.jpg?w=1280&amp;ssl=1 1280w, https:\/\/i0.wp.com\/le-fort.org\/cocina\/wp-content\/uploads\/2017\/06\/IMG_2461.jpg?resize=600%2C400&amp;ssl=1 600w\" width=\"395\" height=\"264\" loading=\"lazy\" data-original-width=\"395\" data-original-height=\"264\" itemprop=\"http:\/\/schema.org\/image\" title=\"IMG_2461\" alt=\"En la cocina\" style=\"width: 395px; height: 264px;\" \/> <div class=\"tiled-gallery-caption\" itemprop=\"caption description\"> En la cocina <\/div> <\/div> <div class=\"tiled-gallery-item tiled-gallery-item-large\" itemprop=\"associatedMedia\" itemscope itemtype=\"http:\/\/schema.org\/ImageObject\"> <meta itemprop=\"width\" content=\"395\"> <meta itemprop=\"height\" content=\"264\"> <img decoding=\"async\" class=\"\" data-attachment-id=\"9556\" data-orig-file=\"https:\/\/le-fort.org\/cocina\/wp-content\/uploads\/2017\/06\/IMG_2465-1.jpg\" data-orig-size=\"1280,854\" data-comments-opened=\"\" data-image-meta=\"{&quot;aperture&quot;:&quot;6.3&quot;,&quot;credit&quot;:&quot;Picasa&quot;,&quot;camera&quot;:&quot;Canon EOS REBEL SL1&quot;,&quot;caption&quot;:&quot;&quot;,&quot;created_timestamp&quot;:&quot;1498216082&quot;,&quot;copyright&quot;:&quot;&quot;,&quot;focal_length&quot;:&quot;178&quot;,&quot;iso&quot;:&quot;400&quot;,&quot;shutter_speed&quot;:&quot;0.016666666666667&quot;,&quot;title&quot;:&quot;&quot;,&quot;orientation&quot;:&quot;0&quot;}\" data-image-title=\"IMG_2465\" data-image-description=\"\" data-medium-file=\"https:\/\/i0.wp.com\/le-fort.org\/cocina\/wp-content\/uploads\/2017\/06\/IMG_2465-1.jpg?fit=600%2C400&#038;ssl=1\" data-large-file=\"https:\/\/i0.wp.com\/le-fort.org\/cocina\/wp-content\/uploads\/2017\/06\/IMG_2465-1.jpg?fit=1200%2C801&#038;ssl=1\" src=\"https:\/\/i0.wp.com\/le-fort.org\/cocina\/wp-content\/uploads\/2017\/06\/IMG_2465-1.jpg?w=395&#038;h=264&#038;ssl=1\" srcset=\"https:\/\/i0.wp.com\/le-fort.org\/cocina\/wp-content\/uploads\/2017\/06\/IMG_2465-1.jpg?w=1280&amp;ssl=1 1280w, https:\/\/i0.wp.com\/le-fort.org\/cocina\/wp-content\/uploads\/2017\/06\/IMG_2465-1.jpg?resize=600%2C400&amp;ssl=1 600w\" width=\"395\" height=\"264\" loading=\"lazy\" data-original-width=\"395\" data-original-height=\"264\" itemprop=\"http:\/\/schema.org\/image\" title=\"IMG_2465\" alt=\"Preparando tejas\" style=\"width: 395px; height: 264px;\" \/> <div class=\"tiled-gallery-caption\" itemprop=\"caption description\"> Preparando tejas <\/div> <\/div> <\/div> <!-- close group --> <\/div> <!-- close row --> <div class=\"gallery-row\" style=\"width: 1200px; height: 268px;\" data-original-width=\"1200\" data-original-height=\"268\" > <div class=\"gallery-group images-1\" style=\"width: 400px; height: 268px;\" data-original-width=\"400\" data-original-height=\"268\" > <div class=\"tiled-gallery-item tiled-gallery-item-large\" itemprop=\"associatedMedia\" itemscope itemtype=\"http:\/\/schema.org\/ImageObject\"> <meta itemprop=\"width\" content=\"396\"> <meta itemprop=\"height\" content=\"264\"> <img decoding=\"async\" class=\"\" data-attachment-id=\"9558\" data-orig-file=\"https:\/\/le-fort.org\/cocina\/wp-content\/uploads\/2017\/06\/IMG_2471-1.jpg\" data-orig-size=\"1280,854\" data-comments-opened=\"\" data-image-meta=\"{&quot;aperture&quot;:&quot;3.5&quot;,&quot;credit&quot;:&quot;Picasa&quot;,&quot;camera&quot;:&quot;Canon EOS REBEL SL1&quot;,&quot;caption&quot;:&quot;&quot;,&quot;created_timestamp&quot;:&quot;1498216652&quot;,&quot;copyright&quot;:&quot;&quot;,&quot;focal_length&quot;:&quot;18&quot;,&quot;iso&quot;:&quot;125&quot;,&quot;shutter_speed&quot;:&quot;0.025&quot;,&quot;title&quot;:&quot;&quot;,&quot;orientation&quot;:&quot;0&quot;}\" data-image-title=\"IMG_2471\" data-image-description=\"\" data-medium-file=\"https:\/\/i0.wp.com\/le-fort.org\/cocina\/wp-content\/uploads\/2017\/06\/IMG_2471-1.jpg?fit=600%2C400&#038;ssl=1\" data-large-file=\"https:\/\/i0.wp.com\/le-fort.org\/cocina\/wp-content\/uploads\/2017\/06\/IMG_2471-1.jpg?fit=1200%2C801&#038;ssl=1\" src=\"https:\/\/i0.wp.com\/le-fort.org\/cocina\/wp-content\/uploads\/2017\/06\/IMG_2471-1.jpg?w=396&#038;h=264&#038;ssl=1\" srcset=\"https:\/\/i0.wp.com\/le-fort.org\/cocina\/wp-content\/uploads\/2017\/06\/IMG_2471-1.jpg?w=1280&amp;ssl=1 1280w, https:\/\/i0.wp.com\/le-fort.org\/cocina\/wp-content\/uploads\/2017\/06\/IMG_2471-1.jpg?resize=600%2C400&amp;ssl=1 600w\" width=\"396\" height=\"264\" loading=\"lazy\" data-original-width=\"396\" data-original-height=\"264\" itemprop=\"http:\/\/schema.org\/image\" title=\"IMG_2471\" alt=\"Preparando tejas\" style=\"width: 396px; height: 264px;\" \/> <div class=\"tiled-gallery-caption\" itemprop=\"caption description\"> Preparando tejas <\/div> <\/div> <\/div> <!-- close group --> <div class=\"gallery-group images-1\" style=\"width: 400px; height: 268px;\" data-original-width=\"400\" data-original-height=\"268\" > <div class=\"tiled-gallery-item tiled-gallery-item-large\" itemprop=\"associatedMedia\" itemscope itemtype=\"http:\/\/schema.org\/ImageObject\"> <meta itemprop=\"width\" content=\"396\"> <meta itemprop=\"height\" content=\"264\"> <img decoding=\"async\" class=\"\" data-attachment-id=\"9559\" data-orig-file=\"https:\/\/le-fort.org\/cocina\/wp-content\/uploads\/2017\/06\/IMG_2478.jpg\" data-orig-size=\"1280,854\" data-comments-opened=\"\" data-image-meta=\"{&quot;aperture&quot;:&quot;5&quot;,&quot;credit&quot;:&quot;Picasa&quot;,&quot;camera&quot;:&quot;Canon EOS REBEL SL1&quot;,&quot;caption&quot;:&quot;&quot;,&quot;created_timestamp&quot;:&quot;1498216804&quot;,&quot;copyright&quot;:&quot;&quot;,&quot;focal_length&quot;:&quot;18&quot;,&quot;iso&quot;:&quot;400&quot;,&quot;shutter_speed&quot;:&quot;0.016666666666667&quot;,&quot;title&quot;:&quot;&quot;,&quot;orientation&quot;:&quot;0&quot;}\" data-image-title=\"IMG_2478\" data-image-description=\"\" data-medium-file=\"https:\/\/i0.wp.com\/le-fort.org\/cocina\/wp-content\/uploads\/2017\/06\/IMG_2478.jpg?fit=600%2C400&#038;ssl=1\" data-large-file=\"https:\/\/i0.wp.com\/le-fort.org\/cocina\/wp-content\/uploads\/2017\/06\/IMG_2478.jpg?fit=1200%2C801&#038;ssl=1\" src=\"https:\/\/i0.wp.com\/le-fort.org\/cocina\/wp-content\/uploads\/2017\/06\/IMG_2478.jpg?w=396&#038;h=264&#038;ssl=1\" srcset=\"https:\/\/i0.wp.com\/le-fort.org\/cocina\/wp-content\/uploads\/2017\/06\/IMG_2478.jpg?w=1280&amp;ssl=1 1280w, https:\/\/i0.wp.com\/le-fort.org\/cocina\/wp-content\/uploads\/2017\/06\/IMG_2478.jpg?resize=600%2C400&amp;ssl=1 600w\" width=\"396\" height=\"264\" loading=\"lazy\" data-original-width=\"396\" data-original-height=\"264\" itemprop=\"http:\/\/schema.org\/image\" title=\"IMG_2478\" alt=\"Preparando tejas\" style=\"width: 396px; height: 264px;\" \/> <div class=\"tiled-gallery-caption\" itemprop=\"caption description\"> Preparando tejas <\/div> <\/div> <\/div> <!-- close group --> <div class=\"gallery-group images-1\" style=\"width: 400px; height: 268px;\" data-original-width=\"400\" data-original-height=\"268\" > <div class=\"tiled-gallery-item tiled-gallery-item-large\" itemprop=\"associatedMedia\" itemscope itemtype=\"http:\/\/schema.org\/ImageObject\"> <meta itemprop=\"width\" content=\"396\"> <meta itemprop=\"height\" content=\"264\"> <img decoding=\"async\" class=\"\" data-attachment-id=\"9557\" data-orig-file=\"https:\/\/le-fort.org\/cocina\/wp-content\/uploads\/2017\/06\/IMG_2467-1.jpg\" data-orig-size=\"1280,854\" data-comments-opened=\"\" data-image-meta=\"{&quot;aperture&quot;:&quot;6.3&quot;,&quot;credit&quot;:&quot;Picasa&quot;,&quot;camera&quot;:&quot;Canon EOS REBEL SL1&quot;,&quot;caption&quot;:&quot;&quot;,&quot;created_timestamp&quot;:&quot;1498216201&quot;,&quot;copyright&quot;:&quot;&quot;,&quot;focal_length&quot;:&quot;147&quot;,&quot;iso&quot;:&quot;400&quot;,&quot;shutter_speed&quot;:&quot;0.016666666666667&quot;,&quot;title&quot;:&quot;&quot;,&quot;orientation&quot;:&quot;0&quot;}\" data-image-title=\"IMG_2467\" data-image-description=\"\" data-medium-file=\"https:\/\/i0.wp.com\/le-fort.org\/cocina\/wp-content\/uploads\/2017\/06\/IMG_2467-1.jpg?fit=600%2C400&#038;ssl=1\" data-large-file=\"https:\/\/i0.wp.com\/le-fort.org\/cocina\/wp-content\/uploads\/2017\/06\/IMG_2467-1.jpg?fit=1200%2C801&#038;ssl=1\" src=\"https:\/\/i0.wp.com\/le-fort.org\/cocina\/wp-content\/uploads\/2017\/06\/IMG_2467-1.jpg?w=396&#038;h=264&#038;ssl=1\" srcset=\"https:\/\/i0.wp.com\/le-fort.org\/cocina\/wp-content\/uploads\/2017\/06\/IMG_2467-1.jpg?w=1280&amp;ssl=1 1280w, https:\/\/i0.wp.com\/le-fort.org\/cocina\/wp-content\/uploads\/2017\/06\/IMG_2467-1.jpg?resize=600%2C400&amp;ssl=1 600w\" width=\"396\" height=\"264\" loading=\"lazy\" data-original-width=\"396\" data-original-height=\"264\" itemprop=\"http:\/\/schema.org\/image\" title=\"IMG_2467\" alt=\"IMG_2467\" style=\"width: 396px; height: 264px;\" \/> <\/div> <\/div> <!-- close group --> <\/div> <!-- close row --> <div class=\"gallery-row\" style=\"width: 1200px; height: 554px;\" data-original-width=\"1200\" data-original-height=\"554\" > <div class=\"gallery-group images-1\" style=\"width: 829px; height: 554px;\" data-original-width=\"829\" data-original-height=\"554\" > <div class=\"tiled-gallery-item tiled-gallery-item-large\" itemprop=\"associatedMedia\" itemscope itemtype=\"http:\/\/schema.org\/ImageObject\"> <meta itemprop=\"width\" content=\"825\"> <meta itemprop=\"height\" content=\"550\"> <img decoding=\"async\" class=\"\" data-attachment-id=\"9560\" data-orig-file=\"https:\/\/le-fort.org\/cocina\/wp-content\/uploads\/2017\/06\/IMG_2482-1.jpg\" data-orig-size=\"1280,854\" data-comments-opened=\"\" data-image-meta=\"{&quot;aperture&quot;:&quot;6.3&quot;,&quot;credit&quot;:&quot;Picasa&quot;,&quot;camera&quot;:&quot;Canon EOS REBEL SL1&quot;,&quot;caption&quot;:&quot;&quot;,&quot;created_timestamp&quot;:&quot;1498217139&quot;,&quot;copyright&quot;:&quot;&quot;,&quot;focal_length&quot;:&quot;210&quot;,&quot;iso&quot;:&quot;400&quot;,&quot;shutter_speed&quot;:&quot;0.016666666666667&quot;,&quot;title&quot;:&quot;&quot;,&quot;orientation&quot;:&quot;0&quot;}\" data-image-title=\"IMG_2482\" data-image-description=\"\" data-medium-file=\"https:\/\/i0.wp.com\/le-fort.org\/cocina\/wp-content\/uploads\/2017\/06\/IMG_2482-1.jpg?fit=600%2C400&#038;ssl=1\" data-large-file=\"https:\/\/i0.wp.com\/le-fort.org\/cocina\/wp-content\/uploads\/2017\/06\/IMG_2482-1.jpg?fit=1200%2C801&#038;ssl=1\" src=\"https:\/\/i0.wp.com\/le-fort.org\/cocina\/wp-content\/uploads\/2017\/06\/IMG_2482-1.jpg?w=825&#038;h=550&#038;ssl=1\" srcset=\"https:\/\/i0.wp.com\/le-fort.org\/cocina\/wp-content\/uploads\/2017\/06\/IMG_2482-1.jpg?w=1280&amp;ssl=1 1280w, https:\/\/i0.wp.com\/le-fort.org\/cocina\/wp-content\/uploads\/2017\/06\/IMG_2482-1.jpg?resize=600%2C400&amp;ssl=1 600w\" width=\"825\" height=\"550\" loading=\"lazy\" data-original-width=\"825\" data-original-height=\"550\" itemprop=\"http:\/\/schema.org\/image\" title=\"IMG_2482\" alt=\"Preparando tejas\" style=\"width: 825px; height: 550px;\" \/> <div class=\"tiled-gallery-caption\" itemprop=\"caption description\"> Preparando tejas <\/div> <\/div> <\/div> <!-- close group --> <div class=\"gallery-group images-1\" style=\"width: 371px; height: 554px;\" data-original-width=\"371\" data-original-height=\"554\" > <div class=\"tiled-gallery-item tiled-gallery-item-large\" itemprop=\"associatedMedia\" itemscope itemtype=\"http:\/\/schema.org\/ImageObject\"> <meta itemprop=\"width\" content=\"367\"> <meta itemprop=\"height\" content=\"550\"> <img decoding=\"async\" class=\"\" data-attachment-id=\"9561\" data-orig-file=\"https:\/\/le-fort.org\/cocina\/wp-content\/uploads\/2017\/06\/IMG_2493.jpg\" data-orig-size=\"854,1280\" data-comments-opened=\"\" data-image-meta=\"{&quot;aperture&quot;:&quot;4&quot;,&quot;credit&quot;:&quot;Picasa&quot;,&quot;camera&quot;:&quot;Canon EOS REBEL SL1&quot;,&quot;caption&quot;:&quot;&quot;,&quot;created_timestamp&quot;:&quot;1498217491&quot;,&quot;copyright&quot;:&quot;&quot;,&quot;focal_length&quot;:&quot;28&quot;,&quot;iso&quot;:&quot;400&quot;,&quot;shutter_speed&quot;:&quot;0.016666666666667&quot;,&quot;title&quot;:&quot;&quot;,&quot;orientation&quot;:&quot;0&quot;}\" data-image-title=\"IMG_2493\" data-image-description=\"\" data-medium-file=\"https:\/\/i0.wp.com\/le-fort.org\/cocina\/wp-content\/uploads\/2017\/06\/IMG_2493.jpg?fit=400%2C600&#038;ssl=1\" data-large-file=\"https:\/\/i0.wp.com\/le-fort.org\/cocina\/wp-content\/uploads\/2017\/06\/IMG_2493.jpg?fit=641%2C960&#038;ssl=1\" src=\"https:\/\/i0.wp.com\/le-fort.org\/cocina\/wp-content\/uploads\/2017\/06\/IMG_2493.jpg?w=367&#038;h=550&#038;ssl=1\" srcset=\"https:\/\/i0.wp.com\/le-fort.org\/cocina\/wp-content\/uploads\/2017\/06\/IMG_2493.jpg?w=854&amp;ssl=1 854w, https:\/\/i0.wp.com\/le-fort.org\/cocina\/wp-content\/uploads\/2017\/06\/IMG_2493.jpg?resize=400%2C600&amp;ssl=1 400w, https:\/\/i0.wp.com\/le-fort.org\/cocina\/wp-content\/uploads\/2017\/06\/IMG_2493.jpg?resize=641%2C960&amp;ssl=1 641w\" width=\"367\" height=\"550\" loading=\"lazy\" data-original-width=\"367\" data-original-height=\"550\" itemprop=\"http:\/\/schema.org\/image\" title=\"IMG_2493\" alt=\"Curvando tejas\" style=\"width: 367px; height: 550px;\" \/> <div class=\"tiled-gallery-caption\" itemprop=\"caption description\"> Curvando tejas <\/div> <\/div> <\/div> <!-- close group --> <\/div> <!-- close row --> <div class=\"gallery-row\" style=\"width: 1200px; height: 554px;\" data-original-width=\"1200\" data-original-height=\"554\" > <div class=\"gallery-group images-1\" style=\"width: 829px; height: 554px;\" data-original-width=\"829\" data-original-height=\"554\" > <div class=\"tiled-gallery-item tiled-gallery-item-large\" itemprop=\"associatedMedia\" itemscope itemtype=\"http:\/\/schema.org\/ImageObject\"> <meta itemprop=\"width\" content=\"825\"> <meta itemprop=\"height\" content=\"550\"> <img decoding=\"async\" class=\"\" data-attachment-id=\"9562\" data-orig-file=\"https:\/\/le-fort.org\/cocina\/wp-content\/uploads\/2017\/06\/IMG_2502.jpg\" data-orig-size=\"1280,854\" data-comments-opened=\"\" data-image-meta=\"{&quot;aperture&quot;:&quot;4&quot;,&quot;credit&quot;:&quot;Picasa&quot;,&quot;camera&quot;:&quot;Canon EOS REBEL SL1&quot;,&quot;caption&quot;:&quot;&quot;,&quot;created_timestamp&quot;:&quot;1498217834&quot;,&quot;copyright&quot;:&quot;&quot;,&quot;focal_length&quot;:&quot;18&quot;,&quot;iso&quot;:&quot;400&quot;,&quot;shutter_speed&quot;:&quot;0.016666666666667&quot;,&quot;title&quot;:&quot;&quot;,&quot;orientation&quot;:&quot;0&quot;}\" data-image-title=\"IMG_2502\" data-image-description=\"\" data-medium-file=\"https:\/\/i0.wp.com\/le-fort.org\/cocina\/wp-content\/uploads\/2017\/06\/IMG_2502.jpg?fit=600%2C400&#038;ssl=1\" data-large-file=\"https:\/\/i0.wp.com\/le-fort.org\/cocina\/wp-content\/uploads\/2017\/06\/IMG_2502.jpg?fit=1200%2C801&#038;ssl=1\" src=\"https:\/\/i0.wp.com\/le-fort.org\/cocina\/wp-content\/uploads\/2017\/06\/IMG_2502.jpg?w=825&#038;h=550&#038;ssl=1\" srcset=\"https:\/\/i0.wp.com\/le-fort.org\/cocina\/wp-content\/uploads\/2017\/06\/IMG_2502.jpg?w=1280&amp;ssl=1 1280w, https:\/\/i0.wp.com\/le-fort.org\/cocina\/wp-content\/uploads\/2017\/06\/IMG_2502.jpg?resize=600%2C400&amp;ssl=1 600w\" width=\"825\" height=\"550\" loading=\"lazy\" data-original-width=\"825\" data-original-height=\"550\" itemprop=\"http:\/\/schema.org\/image\" title=\"IMG_2502\" alt=\"Comenzando con el gel fluido\" style=\"width: 825px; height: 550px;\" \/> <div class=\"tiled-gallery-caption\" itemprop=\"caption description\"> Comenzando con el gel fluido <\/div> <\/div> <\/div> <!-- close group --> <div class=\"gallery-group images-1\" style=\"width: 371px; height: 554px;\" data-original-width=\"371\" data-original-height=\"554\" > <div class=\"tiled-gallery-item tiled-gallery-item-large\" itemprop=\"associatedMedia\" itemscope itemtype=\"http:\/\/schema.org\/ImageObject\"> <meta itemprop=\"width\" content=\"367\"> <meta itemprop=\"height\" content=\"550\"> <img decoding=\"async\" class=\"\" data-attachment-id=\"9563\" data-orig-file=\"https:\/\/le-fort.org\/cocina\/wp-content\/uploads\/2017\/06\/IMG_2533.jpg\" data-orig-size=\"854,1280\" data-comments-opened=\"\" data-image-meta=\"{&quot;aperture&quot;:&quot;4.5&quot;,&quot;credit&quot;:&quot;Picasa&quot;,&quot;camera&quot;:&quot;Canon EOS REBEL SL1&quot;,&quot;caption&quot;:&quot;&quot;,&quot;created_timestamp&quot;:&quot;1498218473&quot;,&quot;copyright&quot;:&quot;&quot;,&quot;focal_length&quot;:&quot;35&quot;,&quot;iso&quot;:&quot;160&quot;,&quot;shutter_speed&quot;:&quot;0.02&quot;,&quot;title&quot;:&quot;&quot;,&quot;orientation&quot;:&quot;0&quot;}\" data-image-title=\"IMG_2533\" data-image-description=\"\" data-medium-file=\"https:\/\/i0.wp.com\/le-fort.org\/cocina\/wp-content\/uploads\/2017\/06\/IMG_2533.jpg?fit=400%2C600&#038;ssl=1\" data-large-file=\"https:\/\/i0.wp.com\/le-fort.org\/cocina\/wp-content\/uploads\/2017\/06\/IMG_2533.jpg?fit=641%2C960&#038;ssl=1\" src=\"https:\/\/i0.wp.com\/le-fort.org\/cocina\/wp-content\/uploads\/2017\/06\/IMG_2533.jpg?w=367&#038;h=550&#038;ssl=1\" srcset=\"https:\/\/i0.wp.com\/le-fort.org\/cocina\/wp-content\/uploads\/2017\/06\/IMG_2533.jpg?w=854&amp;ssl=1 854w, https:\/\/i0.wp.com\/le-fort.org\/cocina\/wp-content\/uploads\/2017\/06\/IMG_2533.jpg?resize=400%2C600&amp;ssl=1 400w, https:\/\/i0.wp.com\/le-fort.org\/cocina\/wp-content\/uploads\/2017\/06\/IMG_2533.jpg?resize=641%2C960&amp;ssl=1 641w\" width=\"367\" height=\"550\" loading=\"lazy\" data-original-width=\"367\" data-original-height=\"550\" itemprop=\"http:\/\/schema.org\/image\" title=\"IMG_2533\" alt=\"Optimismo\" style=\"width: 367px; height: 550px;\" \/> <div class=\"tiled-gallery-caption\" itemprop=\"caption description\"> Optimismo <\/div> <\/div> <\/div> <!-- close group --> <\/div> <!-- close row --> <div class=\"gallery-row\" style=\"width: 1200px; height: 848px;\" data-original-width=\"1200\" data-original-height=\"848\" > <div class=\"gallery-group images-2\" style=\"width: 633px; height: 848px;\" data-original-width=\"633\" data-original-height=\"848\" > <div class=\"tiled-gallery-item tiled-gallery-item-large\" itemprop=\"associatedMedia\" itemscope itemtype=\"http:\/\/schema.org\/ImageObject\"> <meta itemprop=\"width\" content=\"629\"> <meta itemprop=\"height\" content=\"420\"> <img decoding=\"async\" class=\"\" data-attachment-id=\"9564\" data-orig-file=\"https:\/\/le-fort.org\/cocina\/wp-content\/uploads\/2017\/06\/IMG_2541.jpg\" data-orig-size=\"1280,854\" data-comments-opened=\"\" data-image-meta=\"{&quot;aperture&quot;:&quot;3.5&quot;,&quot;credit&quot;:&quot;Picasa&quot;,&quot;camera&quot;:&quot;Canon EOS REBEL SL1&quot;,&quot;caption&quot;:&quot;&quot;,&quot;created_timestamp&quot;:&quot;1498218567&quot;,&quot;copyright&quot;:&quot;&quot;,&quot;focal_length&quot;:&quot;18&quot;,&quot;iso&quot;:&quot;160&quot;,&quot;shutter_speed&quot;:&quot;0.025&quot;,&quot;title&quot;:&quot;&quot;,&quot;orientation&quot;:&quot;0&quot;}\" data-image-title=\"IMG_2541\" data-image-description=\"\" data-medium-file=\"https:\/\/i0.wp.com\/le-fort.org\/cocina\/wp-content\/uploads\/2017\/06\/IMG_2541.jpg?fit=600%2C400&#038;ssl=1\" data-large-file=\"https:\/\/i0.wp.com\/le-fort.org\/cocina\/wp-content\/uploads\/2017\/06\/IMG_2541.jpg?fit=1200%2C801&#038;ssl=1\" src=\"https:\/\/i0.wp.com\/le-fort.org\/cocina\/wp-content\/uploads\/2017\/06\/IMG_2541.jpg?w=629&#038;h=420&#038;ssl=1\" srcset=\"https:\/\/i0.wp.com\/le-fort.org\/cocina\/wp-content\/uploads\/2017\/06\/IMG_2541.jpg?w=1280&amp;ssl=1 1280w, https:\/\/i0.wp.com\/le-fort.org\/cocina\/wp-content\/uploads\/2017\/06\/IMG_2541.jpg?resize=600%2C400&amp;ssl=1 600w\" width=\"629\" height=\"420\" loading=\"lazy\" data-original-width=\"629\" data-original-height=\"420\" itemprop=\"http:\/\/schema.org\/image\" title=\"IMG_2541\" alt=\"Explicando algo\" style=\"width: 629px; height: 420px;\" \/> <div class=\"tiled-gallery-caption\" itemprop=\"caption description\"> Explicando algo <\/div> <\/div> <div class=\"tiled-gallery-item tiled-gallery-item-large\" itemprop=\"associatedMedia\" itemscope itemtype=\"http:\/\/schema.org\/ImageObject\"> <meta itemprop=\"width\" content=\"629\"> <meta itemprop=\"height\" content=\"420\"> <img decoding=\"async\" class=\"\" data-attachment-id=\"9565\" data-orig-file=\"https:\/\/le-fort.org\/cocina\/wp-content\/uploads\/2017\/06\/IMG_2592.jpg\" data-orig-size=\"1280,854\" data-comments-opened=\"\" data-image-meta=\"{&quot;aperture&quot;:&quot;4&quot;,&quot;credit&quot;:&quot;Picasa&quot;,&quot;camera&quot;:&quot;Canon EOS REBEL SL1&quot;,&quot;caption&quot;:&quot;&quot;,&quot;created_timestamp&quot;:&quot;1498222798&quot;,&quot;copyright&quot;:&quot;&quot;,&quot;focal_length&quot;:&quot;21&quot;,&quot;iso&quot;:&quot;400&quot;,&quot;shutter_speed&quot;:&quot;0.016666666666667&quot;,&quot;title&quot;:&quot;&quot;,&quot;orientation&quot;:&quot;0&quot;}\" data-image-title=\"IMG_2592\" data-image-description=\"\" data-medium-file=\"https:\/\/i0.wp.com\/le-fort.org\/cocina\/wp-content\/uploads\/2017\/06\/IMG_2592.jpg?fit=600%2C400&#038;ssl=1\" data-large-file=\"https:\/\/i0.wp.com\/le-fort.org\/cocina\/wp-content\/uploads\/2017\/06\/IMG_2592.jpg?fit=1200%2C801&#038;ssl=1\" src=\"https:\/\/i0.wp.com\/le-fort.org\/cocina\/wp-content\/uploads\/2017\/06\/IMG_2592.jpg?w=629&#038;h=420&#038;ssl=1\" srcset=\"https:\/\/i0.wp.com\/le-fort.org\/cocina\/wp-content\/uploads\/2017\/06\/IMG_2592.jpg?w=1280&amp;ssl=1 1280w, https:\/\/i0.wp.com\/le-fort.org\/cocina\/wp-content\/uploads\/2017\/06\/IMG_2592.jpg?resize=600%2C400&amp;ssl=1 600w\" width=\"629\" height=\"420\" loading=\"lazy\" data-original-width=\"629\" data-original-height=\"420\" itemprop=\"http:\/\/schema.org\/image\" title=\"IMG_2592\" alt=\"Todos\" style=\"width: 629px; height: 420px;\" \/> <div class=\"tiled-gallery-caption\" itemprop=\"caption description\"> Todos <\/div> <\/div> <\/div> <!-- close group --> <div class=\"gallery-group images-1\" style=\"width: 567px; height: 848px;\" data-original-width=\"567\" data-original-height=\"848\" > <div class=\"tiled-gallery-item tiled-gallery-item-large\" itemprop=\"associatedMedia\" itemscope itemtype=\"http:\/\/schema.org\/ImageObject\"> <meta itemprop=\"width\" content=\"563\"> <meta itemprop=\"height\" content=\"844\"> <img decoding=\"async\" class=\"\" data-attachment-id=\"9566\" data-orig-file=\"https:\/\/le-fort.org\/cocina\/wp-content\/uploads\/2017\/06\/IMG_2628.jpg\" data-orig-size=\"854,1280\" data-comments-opened=\"\" data-image-meta=\"{&quot;aperture&quot;:&quot;4.5&quot;,&quot;credit&quot;:&quot;Picasa&quot;,&quot;camera&quot;:&quot;Canon EOS REBEL SL1&quot;,&quot;caption&quot;:&quot;&quot;,&quot;created_timestamp&quot;:&quot;1498223218&quot;,&quot;copyright&quot;:&quot;&quot;,&quot;focal_length&quot;:&quot;43&quot;,&quot;iso&quot;:&quot;400&quot;,&quot;shutter_speed&quot;:&quot;0.016666666666667&quot;,&quot;title&quot;:&quot;&quot;,&quot;orientation&quot;:&quot;0&quot;}\" data-image-title=\"IMG_2628\" data-image-description=\"\" data-medium-file=\"https:\/\/i0.wp.com\/le-fort.org\/cocina\/wp-content\/uploads\/2017\/06\/IMG_2628.jpg?fit=400%2C600&#038;ssl=1\" data-large-file=\"https:\/\/i0.wp.com\/le-fort.org\/cocina\/wp-content\/uploads\/2017\/06\/IMG_2628.jpg?fit=641%2C960&#038;ssl=1\" src=\"https:\/\/i0.wp.com\/le-fort.org\/cocina\/wp-content\/uploads\/2017\/06\/IMG_2628.jpg?w=563&#038;h=844&#038;ssl=1\" srcset=\"https:\/\/i0.wp.com\/le-fort.org\/cocina\/wp-content\/uploads\/2017\/06\/IMG_2628.jpg?w=854&amp;ssl=1 854w, https:\/\/i0.wp.com\/le-fort.org\/cocina\/wp-content\/uploads\/2017\/06\/IMG_2628.jpg?resize=400%2C600&amp;ssl=1 400w, https:\/\/i0.wp.com\/le-fort.org\/cocina\/wp-content\/uploads\/2017\/06\/IMG_2628.jpg?resize=641%2C960&amp;ssl=1 641w\" width=\"563\" height=\"844\" loading=\"lazy\" data-original-width=\"563\" data-original-height=\"844\" itemprop=\"http:\/\/schema.org\/image\" title=\"IMG_2628\" alt=\"Caviar de maracuy\u00e1\" style=\"width: 563px; height: 844px;\" \/> <div class=\"tiled-gallery-caption\" itemprop=\"caption description\"> Caviar de maracuy\u00e1 <\/div> <\/div> <\/div> <!-- close group --> <\/div> <!-- close row --> <div class=\"gallery-row\" style=\"width: 1200px; height: 1029px;\" data-original-width=\"1200\" data-original-height=\"1029\" > <div class=\"gallery-group images-1\" style=\"width: 688px; height: 1029px;\" data-original-width=\"688\" data-original-height=\"1029\" > <div class=\"tiled-gallery-item tiled-gallery-item-large\" itemprop=\"associatedMedia\" itemscope itemtype=\"http:\/\/schema.org\/ImageObject\"> <meta itemprop=\"width\" content=\"684\"> <meta itemprop=\"height\" content=\"1025\"> <img decoding=\"async\" class=\"\" data-attachment-id=\"9567\" data-orig-file=\"https:\/\/le-fort.org\/cocina\/wp-content\/uploads\/2017\/06\/IMG_2643.jpg\" data-orig-size=\"854,1280\" data-comments-opened=\"\" data-image-meta=\"{&quot;aperture&quot;:&quot;4&quot;,&quot;credit&quot;:&quot;Picasa&quot;,&quot;camera&quot;:&quot;Canon EOS REBEL SL1&quot;,&quot;caption&quot;:&quot;&quot;,&quot;created_timestamp&quot;:&quot;1498223250&quot;,&quot;copyright&quot;:&quot;&quot;,&quot;focal_length&quot;:&quot;31&quot;,&quot;iso&quot;:&quot;400&quot;,&quot;shutter_speed&quot;:&quot;0.016666666666667&quot;,&quot;title&quot;:&quot;&quot;,&quot;orientation&quot;:&quot;0&quot;}\" data-image-title=\"IMG_2643\" data-image-description=\"\" data-medium-file=\"https:\/\/i0.wp.com\/le-fort.org\/cocina\/wp-content\/uploads\/2017\/06\/IMG_2643.jpg?fit=400%2C600&#038;ssl=1\" data-large-file=\"https:\/\/i0.wp.com\/le-fort.org\/cocina\/wp-content\/uploads\/2017\/06\/IMG_2643.jpg?fit=641%2C960&#038;ssl=1\" src=\"https:\/\/i0.wp.com\/le-fort.org\/cocina\/wp-content\/uploads\/2017\/06\/IMG_2643.jpg?w=684&#038;h=1025&#038;ssl=1\" srcset=\"https:\/\/i0.wp.com\/le-fort.org\/cocina\/wp-content\/uploads\/2017\/06\/IMG_2643.jpg?w=854&amp;ssl=1 854w, https:\/\/i0.wp.com\/le-fort.org\/cocina\/wp-content\/uploads\/2017\/06\/IMG_2643.jpg?resize=400%2C600&amp;ssl=1 400w, https:\/\/i0.wp.com\/le-fort.org\/cocina\/wp-content\/uploads\/2017\/06\/IMG_2643.jpg?resize=641%2C960&amp;ssl=1 641w\" width=\"684\" height=\"1025\" loading=\"lazy\" data-original-width=\"684\" data-original-height=\"1025\" itemprop=\"http:\/\/schema.org\/image\" title=\"IMG_2643\" alt=\"Caviar de maracuy\u00e1\" style=\"width: 684px; height: 1025px;\" \/> <div class=\"tiled-gallery-caption\" itemprop=\"caption description\"> Caviar de maracuy\u00e1 <\/div> <\/div> <\/div> <!-- close group --> <div class=\"gallery-group images-3\" style=\"width: 512px; height: 1029px;\" data-original-width=\"512\" data-original-height=\"1029\" > <div class=\"tiled-gallery-item tiled-gallery-item-large\" itemprop=\"associatedMedia\" itemscope itemtype=\"http:\/\/schema.org\/ImageObject\"> <meta itemprop=\"width\" content=\"508\"> <meta itemprop=\"height\" content=\"339\"> <img decoding=\"async\" class=\"\" data-attachment-id=\"9568\" data-orig-file=\"https:\/\/le-fort.org\/cocina\/wp-content\/uploads\/2017\/06\/IMG_2644.jpg\" data-orig-size=\"1280,854\" data-comments-opened=\"\" data-image-meta=\"{&quot;aperture&quot;:&quot;5&quot;,&quot;credit&quot;:&quot;Picasa&quot;,&quot;camera&quot;:&quot;Canon EOS REBEL SL1&quot;,&quot;caption&quot;:&quot;&quot;,&quot;created_timestamp&quot;:&quot;1498223466&quot;,&quot;copyright&quot;:&quot;&quot;,&quot;focal_length&quot;:&quot;50&quot;,&quot;iso&quot;:&quot;250&quot;,&quot;shutter_speed&quot;:&quot;0.016666666666667&quot;,&quot;title&quot;:&quot;&quot;,&quot;orientation&quot;:&quot;0&quot;}\" data-image-title=\"IMG_2644\" data-image-description=\"\" data-medium-file=\"https:\/\/i0.wp.com\/le-fort.org\/cocina\/wp-content\/uploads\/2017\/06\/IMG_2644.jpg?fit=600%2C400&#038;ssl=1\" data-large-file=\"https:\/\/i0.wp.com\/le-fort.org\/cocina\/wp-content\/uploads\/2017\/06\/IMG_2644.jpg?fit=1200%2C801&#038;ssl=1\" src=\"https:\/\/i0.wp.com\/le-fort.org\/cocina\/wp-content\/uploads\/2017\/06\/IMG_2644.jpg?w=508&#038;h=339&#038;ssl=1\" srcset=\"https:\/\/i0.wp.com\/le-fort.org\/cocina\/wp-content\/uploads\/2017\/06\/IMG_2644.jpg?w=1280&amp;ssl=1 1280w, https:\/\/i0.wp.com\/le-fort.org\/cocina\/wp-content\/uploads\/2017\/06\/IMG_2644.jpg?resize=600%2C400&amp;ssl=1 600w\" width=\"508\" height=\"339\" loading=\"lazy\" data-original-width=\"508\" data-original-height=\"339\" itemprop=\"http:\/\/schema.org\/image\" title=\"IMG_2644\" alt=\"Caviar de maracuy\u00e1\" style=\"width: 508px; height: 339px;\" \/> <div class=\"tiled-gallery-caption\" itemprop=\"caption description\"> Caviar de maracuy\u00e1 <\/div> <\/div> <div class=\"tiled-gallery-item tiled-gallery-item-large\" itemprop=\"associatedMedia\" itemscope itemtype=\"http:\/\/schema.org\/ImageObject\"> <meta itemprop=\"width\" content=\"508\"> <meta itemprop=\"height\" content=\"339\"> <img decoding=\"async\" class=\"\" data-attachment-id=\"9569\" data-orig-file=\"https:\/\/le-fort.org\/cocina\/wp-content\/uploads\/2017\/06\/IMG_2656.jpg\" data-orig-size=\"1280,854\" data-comments-opened=\"\" data-image-meta=\"{&quot;aperture&quot;:&quot;5&quot;,&quot;credit&quot;:&quot;Picasa&quot;,&quot;camera&quot;:&quot;Canon EOS REBEL SL1&quot;,&quot;caption&quot;:&quot;&quot;,&quot;created_timestamp&quot;:&quot;1498224949&quot;,&quot;copyright&quot;:&quot;&quot;,&quot;focal_length&quot;:&quot;63&quot;,&quot;iso&quot;:&quot;125&quot;,&quot;shutter_speed&quot;:&quot;0.0125&quot;,&quot;title&quot;:&quot;&quot;,&quot;orientation&quot;:&quot;0&quot;}\" data-image-title=\"IMG_2656\" data-image-description=\"\" data-medium-file=\"https:\/\/i0.wp.com\/le-fort.org\/cocina\/wp-content\/uploads\/2017\/06\/IMG_2656.jpg?fit=600%2C400&#038;ssl=1\" data-large-file=\"https:\/\/i0.wp.com\/le-fort.org\/cocina\/wp-content\/uploads\/2017\/06\/IMG_2656.jpg?fit=1200%2C801&#038;ssl=1\" src=\"https:\/\/i0.wp.com\/le-fort.org\/cocina\/wp-content\/uploads\/2017\/06\/IMG_2656.jpg?w=508&#038;h=339&#038;ssl=1\" srcset=\"https:\/\/i0.wp.com\/le-fort.org\/cocina\/wp-content\/uploads\/2017\/06\/IMG_2656.jpg?w=1280&amp;ssl=1 1280w, https:\/\/i0.wp.com\/le-fort.org\/cocina\/wp-content\/uploads\/2017\/06\/IMG_2656.jpg?resize=600%2C400&amp;ssl=1 600w\" width=\"508\" height=\"339\" loading=\"lazy\" data-original-width=\"508\" data-original-height=\"339\" itemprop=\"http:\/\/schema.org\/image\" title=\"IMG_2656\" alt=\"Espuma de aquafaba\" style=\"width: 508px; height: 339px;\" \/> <div class=\"tiled-gallery-caption\" itemprop=\"caption description\"> Espuma de aquafaba <\/div> <\/div> <div class=\"tiled-gallery-item tiled-gallery-item-large\" itemprop=\"associatedMedia\" itemscope itemtype=\"http:\/\/schema.org\/ImageObject\"> <meta itemprop=\"width\" content=\"508\"> <meta itemprop=\"height\" content=\"339\"> <img decoding=\"async\" class=\"\" data-attachment-id=\"9570\" data-orig-file=\"https:\/\/le-fort.org\/cocina\/wp-content\/uploads\/2017\/06\/IMG_2669-1.jpg\" data-orig-size=\"1280,854\" data-comments-opened=\"\" data-image-meta=\"{&quot;aperture&quot;:&quot;5.6&quot;,&quot;credit&quot;:&quot;Picasa&quot;,&quot;camera&quot;:&quot;Canon EOS REBEL SL1&quot;,&quot;caption&quot;:&quot;&quot;,&quot;created_timestamp&quot;:&quot;1498225354&quot;,&quot;copyright&quot;:&quot;&quot;,&quot;focal_length&quot;:&quot;80&quot;,&quot;iso&quot;:&quot;100&quot;,&quot;shutter_speed&quot;:&quot;0.04&quot;,&quot;title&quot;:&quot;&quot;,&quot;orientation&quot;:&quot;0&quot;}\" data-image-title=\"IMG_2669\" data-image-description=\"\" data-medium-file=\"https:\/\/i0.wp.com\/le-fort.org\/cocina\/wp-content\/uploads\/2017\/06\/IMG_2669-1.jpg?fit=600%2C400&#038;ssl=1\" data-large-file=\"https:\/\/i0.wp.com\/le-fort.org\/cocina\/wp-content\/uploads\/2017\/06\/IMG_2669-1.jpg?fit=1200%2C801&#038;ssl=1\" src=\"https:\/\/i0.wp.com\/le-fort.org\/cocina\/wp-content\/uploads\/2017\/06\/IMG_2669-1.jpg?w=508&#038;h=339&#038;ssl=1\" srcset=\"https:\/\/i0.wp.com\/le-fort.org\/cocina\/wp-content\/uploads\/2017\/06\/IMG_2669-1.jpg?w=1280&amp;ssl=1 1280w, https:\/\/i0.wp.com\/le-fort.org\/cocina\/wp-content\/uploads\/2017\/06\/IMG_2669-1.jpg?resize=600%2C400&amp;ssl=1 600w\" width=\"508\" height=\"339\" loading=\"lazy\" data-original-width=\"508\" data-original-height=\"339\" itemprop=\"http:\/\/schema.org\/image\" title=\"IMG_2669\" alt=\"Emplatado\" style=\"width: 508px; height: 339px;\" \/> <div class=\"tiled-gallery-caption\" itemprop=\"caption description\"> Emplatado <\/div> <\/div> <\/div> <!-- close group --> <\/div> <!-- close row --> <div class=\"gallery-row\" style=\"width: 1200px; height: 802px;\" data-original-width=\"1200\" data-original-height=\"802\" > <div class=\"gallery-group images-1\" style=\"width: 1200px; height: 802px;\" data-original-width=\"1200\" data-original-height=\"802\" > <div class=\"tiled-gallery-item tiled-gallery-item-large\" itemprop=\"associatedMedia\" itemscope itemtype=\"http:\/\/schema.org\/ImageObject\"> <meta itemprop=\"width\" content=\"1196\"> <meta itemprop=\"height\" content=\"798\"> <img decoding=\"async\" class=\"\" data-attachment-id=\"9571\" data-orig-file=\"https:\/\/le-fort.org\/cocina\/wp-content\/uploads\/2017\/06\/IMG_2694.jpg\" data-orig-size=\"1280,854\" data-comments-opened=\"\" data-image-meta=\"{&quot;aperture&quot;:&quot;5.6&quot;,&quot;credit&quot;:&quot;Picasa&quot;,&quot;camera&quot;:&quot;Canon EOS REBEL SL1&quot;,&quot;caption&quot;:&quot;&quot;,&quot;created_timestamp&quot;:&quot;1498225516&quot;,&quot;copyright&quot;:&quot;&quot;,&quot;focal_length&quot;:&quot;95&quot;,&quot;iso&quot;:&quot;100&quot;,&quot;shutter_speed&quot;:&quot;0.076923076923077&quot;,&quot;title&quot;:&quot;&quot;,&quot;orientation&quot;:&quot;0&quot;}\" data-image-title=\"IMG_2694\" data-image-description=\"\" data-medium-file=\"https:\/\/i0.wp.com\/le-fort.org\/cocina\/wp-content\/uploads\/2017\/06\/IMG_2694.jpg?fit=600%2C400&#038;ssl=1\" data-large-file=\"https:\/\/i0.wp.com\/le-fort.org\/cocina\/wp-content\/uploads\/2017\/06\/IMG_2694.jpg?fit=1200%2C801&#038;ssl=1\" src=\"https:\/\/i0.wp.com\/le-fort.org\/cocina\/wp-content\/uploads\/2017\/06\/IMG_2694.jpg?w=1196&#038;h=798&#038;ssl=1\" srcset=\"https:\/\/i0.wp.com\/le-fort.org\/cocina\/wp-content\/uploads\/2017\/06\/IMG_2694.jpg?w=1280&amp;ssl=1 1280w, https:\/\/i0.wp.com\/le-fort.org\/cocina\/wp-content\/uploads\/2017\/06\/IMG_2694.jpg?resize=600%2C400&amp;ssl=1 600w\" width=\"1196\" height=\"798\" loading=\"lazy\" data-original-width=\"1196\" data-original-height=\"798\" itemprop=\"http:\/\/schema.org\/image\" title=\"IMG_2694\" alt=\"Emplatado\" style=\"width: 1196px; height: 798px;\" \/> <div class=\"tiled-gallery-caption\" itemprop=\"caption description\"> Emplatado <\/div> <\/div> <\/div> <!-- close group --> <\/div> <!-- close row --> <\/div>\n<p>Estamos muy agradecidos al chef Javier L\u00f3pez por la invitaci\u00f3n y la hospitalidad, y esperamos vernos nuevamente pronto.<\/p>\n<h2>Referencias y M\u00e1s Lectura<\/h2>\n<ul>\n<li><a href=\"http:\/\/www.duarte.cl\/moocs-sobre-gastronomia\/\">Recopilacion de MOOCs sobre gastronom\u00eda<\/a><\/li>\n<li><a href=\"https:\/\/www.ncbi.nlm.nih.gov\/pmc\/articles\/PMC3059914\/\" target=\"_blank\" rel=\"noopener\">Science and cooking: the era of molecular cuisine<\/a><\/li>\n<li><a href=\"https:\/\/www.amazon.com\/Cocina-Los-Alimentos-MCGEE-HAROLD\/dp\/8483067447\" target=\"_blank\" rel=\"noopener\">La Cocina y los Alimentos<\/a>. Harold McGee.<\/li>\n<li><a href=\"ftp:\/\/priede.bf.lu.lv\/grozs\/AuguFiziologijas\/Augu_resursu_biologija\/gramatas\/Molecular%20Gastronomy.pdf\" target=\"_blank\" rel=\"noopener\">Molecular Gastronomy: Exploring the science of flavor<\/a>. Herv\u00e9 This<\/li>\n<li><a href=\"http:\/\/blog.khymos.org\/wp-content\/2009\/02\/hydrocolloid-recipe-collection-v3.0.pdf\" target=\"_blank\" rel=\"noopener\">Texture<\/a>. Recopilaci\u00f3n de recetas con hidrocoloides (PDF, ingl\u00e9s)<\/li>\n<\/ul>\n<p>&nbsp;<\/p>\n","protected":false},"excerpt":{"rendered":"<p>Clase introductoria a la ciencia y la cocina dictada en la UNIANDES de Ambato. Nos encant\u00f3 que nos invitaran.<\/p>\n","protected":false},"author":1,"featured_media":9531,"comment_status":"closed","ping_status":"closed","sticky":false,"template":"","format":"standard","meta":{"_jetpack_newsletter_access":"","_jetpack_dont_email_post_to_subs":false,"_jetpack_newsletter_tier_id":0,"_jetpack_memberships_contains_paywalled_content":false,"_jetpack_memberships_contains_paid_content":false,"footnotes":""},"categories":[251],"tags":[685,689,715],"class_list":["post-9528","post","type-post","status-publish","format-standard","has-post-thumbnail","hentry","category-educacion","tag-ciencia-y-cocina","tag-clases","tag-encabezado","entry","has-media"],"jetpack_featured_media_url":"https:\/\/i0.wp.com\/le-fort.org\/cocina\/wp-content\/uploads\/2017\/06\/ciencia-cocina-hd.jpg?fit=1500%2C500&ssl=1","jetpack_shortlink":"https:\/\/wp.me\/pghKer-2tG","jetpack_sharing_enabled":true,"jetpack-related-posts":[{"id":12614,"url":"https:\/\/le-fort.org\/cocina\/texturas-jugando-con-la-quimica\/","url_meta":{"origin":9528,"position":0},"title":"Texturas: Qu\u00edmica en la Cocina","author":"Le-Fort.org","date":"5 de Junio, 2018","format":false,"excerpt":"Ya les contamos que estuvimos en Santa Elena guiando una gira de estudiantes de la UNIANDES de Ambato a la pen\u00ednsula. Parte de ello fue una clase de texturas, que fue el soporte para una incursi\u00f3n en la intersecci\u00f3n entre la ciencia (con \u00e9nfasis en la qu\u00edmica) y la cocina.\u00a0Es\u2026","rel":"","context":"En &quot;Educaci\u00f3n&quot;","block_context":{"text":"Educaci\u00f3n","link":"https:\/\/le-fort.org\/cocina\/categoria\/educacion\/"},"img":{"alt_text":"","src":"https:\/\/i0.wp.com\/le-fort.org\/cocina\/wp-content\/uploads\/2018\/06\/sago-hd.jpg?fit=1200%2C400&ssl=1&resize=350%2C200","width":350,"height":200,"srcset":"https:\/\/i0.wp.com\/le-fort.org\/cocina\/wp-content\/uploads\/2018\/06\/sago-hd.jpg?fit=1200%2C400&ssl=1&resize=350%2C200 1x, https:\/\/i0.wp.com\/le-fort.org\/cocina\/wp-content\/uploads\/2018\/06\/sago-hd.jpg?fit=1200%2C400&ssl=1&resize=525%2C300 1.5x, https:\/\/i0.wp.com\/le-fort.org\/cocina\/wp-content\/uploads\/2018\/06\/sago-hd.jpg?fit=1200%2C400&ssl=1&resize=700%2C400 2x, https:\/\/i0.wp.com\/le-fort.org\/cocina\/wp-content\/uploads\/2018\/06\/sago-hd.jpg?fit=1200%2C400&ssl=1&resize=1050%2C600 3x"},"classes":[]},{"id":9601,"url":"https:\/\/le-fort.org\/cocina\/seminario-turismo-uniandes\/","url_meta":{"origin":9528,"position":1},"title":"Seminario Turismo UNIANDES","author":"Le-Fort.org","date":"28 de Julio, 2017","format":false,"excerpt":"Participamos como expositores en el tercer seminario regional Nuevas Tendencias Tur\u00edsticas y Gastron\u00f3micas de la UNIANDES de Ambato. Excelente experiencia.","rel":"","context":"En &quot;Educaci\u00f3n&quot;","block_context":{"text":"Educaci\u00f3n","link":"https:\/\/le-fort.org\/cocina\/categoria\/educacion\/"},"img":{"alt_text":"","src":"https:\/\/i0.wp.com\/le-fort.org\/cocina\/wp-content\/uploads\/2017\/07\/ambato-hd.jpg?fit=1200%2C400&ssl=1&resize=350%2C200","width":350,"height":200,"srcset":"https:\/\/i0.wp.com\/le-fort.org\/cocina\/wp-content\/uploads\/2017\/07\/ambato-hd.jpg?fit=1200%2C400&ssl=1&resize=350%2C200 1x, https:\/\/i0.wp.com\/le-fort.org\/cocina\/wp-content\/uploads\/2017\/07\/ambato-hd.jpg?fit=1200%2C400&ssl=1&resize=525%2C300 1.5x, https:\/\/i0.wp.com\/le-fort.org\/cocina\/wp-content\/uploads\/2017\/07\/ambato-hd.jpg?fit=1200%2C400&ssl=1&resize=700%2C400 2x, https:\/\/i0.wp.com\/le-fort.org\/cocina\/wp-content\/uploads\/2017\/07\/ambato-hd.jpg?fit=1200%2C400&ssl=1&resize=1050%2C600 3x"},"classes":[]},{"id":12601,"url":"https:\/\/le-fort.org\/cocina\/sanduches-del-mundo-en-santa-elena-uniandes\/","url_meta":{"origin":9528,"position":2},"title":"S\u00e1nduches del Mundo en Santa Elena (UNIANDES)","author":"Maestro Sanguchero","date":"4 de Junio, 2018","format":false,"excerpt":"El viernes 1 de junio muy temprano tuvimos el placer de dictar un curso de s\u00e1nduches del mundo a estudiantes de gastronom\u00eda de la universidad UNIANDES de Ambato en la Escuela de Alta Cocina Arte Chef en Santa Elena. Iniciamos la clase de s\u00e1nduches con nuestros viejos c\u00f3mplices John Montagu,\u2026","rel":"","context":"En &quot;Educaci\u00f3n&quot;","block_context":{"text":"Educaci\u00f3n","link":"https:\/\/le-fort.org\/cocina\/categoria\/educacion\/"},"img":{"alt_text":"","src":"https:\/\/i0.wp.com\/le-fort.org\/cocina\/wp-content\/uploads\/2018\/06\/philly-hd.jpg?fit=1200%2C400&ssl=1&resize=350%2C200","width":350,"height":200,"srcset":"https:\/\/i0.wp.com\/le-fort.org\/cocina\/wp-content\/uploads\/2018\/06\/philly-hd.jpg?fit=1200%2C400&ssl=1&resize=350%2C200 1x, https:\/\/i0.wp.com\/le-fort.org\/cocina\/wp-content\/uploads\/2018\/06\/philly-hd.jpg?fit=1200%2C400&ssl=1&resize=525%2C300 1.5x, https:\/\/i0.wp.com\/le-fort.org\/cocina\/wp-content\/uploads\/2018\/06\/philly-hd.jpg?fit=1200%2C400&ssl=1&resize=700%2C400 2x, https:\/\/i0.wp.com\/le-fort.org\/cocina\/wp-content\/uploads\/2018\/06\/philly-hd.jpg?fit=1200%2C400&ssl=1&resize=1050%2C600 3x"},"classes":[]},{"id":12403,"url":"https:\/\/le-fort.org\/cocina\/ciencia-pasteleria-en-cuenca\/","url_meta":{"origin":9528,"position":3},"title":"Ciencia &#038; Pasteler\u00eda en Cuenca","author":"Le-Fort.org","date":"21 de Abril, 2018","format":false,"excerpt":"El viernes 20 de abril dimos dos veces el taller de Ciencia & Pasteler\u00eda, a estudiantes de la Universidad de Cuenca, en la c\u00e1tedra de la Mgtr. Anal\u00eda Cordero. Quedamos felices por el inter\u00e9s de los asistentes, y nos entretuvimos mucho. La idea de\u00a0Ciencia & Pasteler\u00eda\u00a0es mirar la cocina, espec\u00edficamente\u2026","rel":"","context":"En &quot;Educaci\u00f3n&quot;","block_context":{"text":"Educaci\u00f3n","link":"https:\/\/le-fort.org\/cocina\/categoria\/educacion\/"},"img":{"alt_text":"","src":"https:\/\/i0.wp.com\/le-fort.org\/cocina\/wp-content\/uploads\/2018\/04\/ciencia-hd-1.jpg?fit=1200%2C400&ssl=1&resize=350%2C200","width":350,"height":200,"srcset":"https:\/\/i0.wp.com\/le-fort.org\/cocina\/wp-content\/uploads\/2018\/04\/ciencia-hd-1.jpg?fit=1200%2C400&ssl=1&resize=350%2C200 1x, https:\/\/i0.wp.com\/le-fort.org\/cocina\/wp-content\/uploads\/2018\/04\/ciencia-hd-1.jpg?fit=1200%2C400&ssl=1&resize=525%2C300 1.5x, https:\/\/i0.wp.com\/le-fort.org\/cocina\/wp-content\/uploads\/2018\/04\/ciencia-hd-1.jpg?fit=1200%2C400&ssl=1&resize=700%2C400 2x, https:\/\/i0.wp.com\/le-fort.org\/cocina\/wp-content\/uploads\/2018\/04\/ciencia-hd-1.jpg?fit=1200%2C400&ssl=1&resize=1050%2C600 3x"},"classes":[]},{"id":10823,"url":"https:\/\/le-fort.org\/cocina\/resumen-del-2017\/","url_meta":{"origin":9528,"position":4},"title":"Resumen del 2017","author":"Le-Fort.org","date":"24 de Diciembre, 2017","format":false,"excerpt":"El 2017 fue un buen a\u00f1o en lo que se refiere al quehacer gastron\u00f3mico en la cocina, en el aula y en la mesa. Participamos en bellos proyectos y eventos, conocimos gente buena e interesante y fue un a\u00f1o de cambios y crecimiento, tambi\u00e9n de metas cumplidas. Algunos puntos altos\u2026","rel":"","context":"En &quot;Cavilaciones&quot;","block_context":{"text":"Cavilaciones","link":"https:\/\/le-fort.org\/cocina\/categoria\/cavilaciones\/"},"img":{"alt_text":"","src":"https:\/\/i0.wp.com\/le-fort.org\/cocina\/wp-content\/uploads\/2017\/07\/ambato-hd.jpg?fit=1200%2C400&ssl=1&resize=350%2C200","width":350,"height":200,"srcset":"https:\/\/i0.wp.com\/le-fort.org\/cocina\/wp-content\/uploads\/2017\/07\/ambato-hd.jpg?fit=1200%2C400&ssl=1&resize=350%2C200 1x, https:\/\/i0.wp.com\/le-fort.org\/cocina\/wp-content\/uploads\/2017\/07\/ambato-hd.jpg?fit=1200%2C400&ssl=1&resize=525%2C300 1.5x, https:\/\/i0.wp.com\/le-fort.org\/cocina\/wp-content\/uploads\/2017\/07\/ambato-hd.jpg?fit=1200%2C400&ssl=1&resize=700%2C400 2x, https:\/\/i0.wp.com\/le-fort.org\/cocina\/wp-content\/uploads\/2017\/07\/ambato-hd.jpg?fit=1200%2C400&ssl=1&resize=1050%2C600 3x"},"classes":[]},{"id":12322,"url":"https:\/\/le-fort.org\/cocina\/workshop-ciencia-cocina-quito\/","url_meta":{"origin":9528,"position":5},"title":"Workshop Ciencia y Cocina en Quito","author":"Le-Fort.org","date":"11 de Abril, 2018","format":false,"excerpt":"Workshop de Ciencia y Cocina en Quito, en el Swiss\u00f4tel, organizado por la Asociaci\u00f3n de Chefs del Ecuador, con expositores internacionales","rel":"","context":"En &quot;Educaci\u00f3n&quot;","block_context":{"text":"Educaci\u00f3n","link":"https:\/\/le-fort.org\/cocina\/categoria\/educacion\/"},"img":{"alt_text":"","src":"https:\/\/i0.wp.com\/le-fort.org\/cocina\/wp-content\/uploads\/2018\/04\/wkshp-hd.jpg?fit=1200%2C400&ssl=1&resize=350%2C200","width":350,"height":200,"srcset":"https:\/\/i0.wp.com\/le-fort.org\/cocina\/wp-content\/uploads\/2018\/04\/wkshp-hd.jpg?fit=1200%2C400&ssl=1&resize=350%2C200 1x, https:\/\/i0.wp.com\/le-fort.org\/cocina\/wp-content\/uploads\/2018\/04\/wkshp-hd.jpg?fit=1200%2C400&ssl=1&resize=525%2C300 1.5x, https:\/\/i0.wp.com\/le-fort.org\/cocina\/wp-content\/uploads\/2018\/04\/wkshp-hd.jpg?fit=1200%2C400&ssl=1&resize=700%2C400 2x, https:\/\/i0.wp.com\/le-fort.org\/cocina\/wp-content\/uploads\/2018\/04\/wkshp-hd.jpg?fit=1200%2C400&ssl=1&resize=1050%2C600 3x"},"classes":[]}],"_links":{"self":[{"href":"https:\/\/le-fort.org\/cocina\/wp-json\/wp\/v2\/posts\/9528","targetHints":{"allow":["GET"]}}],"collection":[{"href":"https:\/\/le-fort.org\/cocina\/wp-json\/wp\/v2\/posts"}],"about":[{"href":"https:\/\/le-fort.org\/cocina\/wp-json\/wp\/v2\/types\/post"}],"author":[{"embeddable":true,"href":"https:\/\/le-fort.org\/cocina\/wp-json\/wp\/v2\/users\/1"}],"replies":[{"embeddable":true,"href":"https:\/\/le-fort.org\/cocina\/wp-json\/wp\/v2\/comments?post=9528"}],"version-history":[{"count":1,"href":"https:\/\/le-fort.org\/cocina\/wp-json\/wp\/v2\/posts\/9528\/revisions"}],"predecessor-version":[{"id":16279,"href":"https:\/\/le-fort.org\/cocina\/wp-json\/wp\/v2\/posts\/9528\/revisions\/16279"}],"wp:featuredmedia":[{"embeddable":true,"href":"https:\/\/le-fort.org\/cocina\/wp-json\/wp\/v2\/media\/9531"}],"wp:attachment":[{"href":"https:\/\/le-fort.org\/cocina\/wp-json\/wp\/v2\/media?parent=9528"}],"wp:term":[{"taxonomy":"category","embeddable":true,"href":"https:\/\/le-fort.org\/cocina\/wp-json\/wp\/v2\/categories?post=9528"},{"taxonomy":"post_tag","embeddable":true,"href":"https:\/\/le-fort.org\/cocina\/wp-json\/wp\/v2\/tags?post=9528"}],"curies":[{"name":"wp","href":"https:\/\/api.w.org\/{rel}","templated":true}]}}