{"id":9780,"date":"2017-10-20T20:00:47","date_gmt":"2017-10-21T01:00:47","guid":{"rendered":"https:\/\/le-fort.org\/?p=9780"},"modified":"2022-01-05T10:03:11","modified_gmt":"2022-01-05T15:03:11","slug":"dia-internacional-del-chef-2017","status":"publish","type":"post","link":"https:\/\/le-fort.org\/cocina\/dia-internacional-del-chef-2017\/","title":{"rendered":"D\u00eda del Chef 2017"},"content":{"rendered":"<p>El D\u00eda Internacional del Chef se conmemora el d\u00eda 20 de octubre.\u00a0 Este d\u00eda se instituy\u00f3 el a\u00f1o 2004 por iniciativa de <a href=\"https:\/\/www.worldchefs.org\/\" target=\"_blank\" rel=\"noopener\">Worldchefs <\/a>(ex-WACS).<\/p>\n<p>Nuestros amigos de <a href=\"http:\/\/ww1.nestle.com.ec\/media\/Nestle-presenta-Alimentos-para-Heroes-Saludables\" target=\"_blank\" rel=\"noopener\">Nestl\u00e9 Professional<\/a> y de la <a href=\"https:\/\/chefs.ec\" target=\"_blank\" rel=\"noopener\">Asociaci\u00f3n de Chefs del Ecuador<\/a> tuvieron la amabilidad de invitarnos<!--more--> a la actividad del D\u00eda Internacional del Chef del a\u00f1o 2017 en la <a href=\"https:\/\/www.facebook.com\/UnidadEducativaMunicipalJuioEMoreno\/\" target=\"_blank\" rel=\"noopener\">Unidad Educativa Municipal Julio Moreno<\/a>. El tema este a\u00f1o estuvo relacionado con nutrici\u00f3n y trat\u00f3 sobre los &#8220;alimentos superh\u00e9roes&#8221; con recetas, historias, y una entretenida forma de contarle a los ni\u00f1os sobre las propiedades nutritivas de los alimentos. Ya que la educaci\u00f3n es lo nuestro, fuimos corriendo!<\/p>\n<figure id=\"attachment_9782\" aria-describedby=\"caption-attachment-9782\" style=\"width: 874px\" class=\"wp-caption aligncenter\"><img data-recalc-dims=\"1\" loading=\"lazy\" decoding=\"async\" data-attachment-id=\"9782\" data-permalink=\"https:\/\/le-fort.org\/cocina\/dia-internacional-del-chef-2017\/superheroes\/\" data-orig-file=\"https:\/\/i0.wp.com\/le-fort.org\/cocina\/wp-content\/uploads\/2017\/10\/superheroes.jpg?fit=1280%2C720&amp;ssl=1\" data-orig-size=\"1280,720\" data-comments-opened=\"0\" data-image-meta=\"{&quot;aperture&quot;:&quot;0&quot;,&quot;credit&quot;:&quot;&quot;,&quot;camera&quot;:&quot;&quot;,&quot;caption&quot;:&quot;&quot;,&quot;created_timestamp&quot;:&quot;0&quot;,&quot;copyright&quot;:&quot;&quot;,&quot;focal_length&quot;:&quot;0&quot;,&quot;iso&quot;:&quot;0&quot;,&quot;shutter_speed&quot;:&quot;0&quot;,&quot;title&quot;:&quot;&quot;,&quot;orientation&quot;:&quot;0&quot;}\" data-image-title=\"superheroes\" data-image-description=\"\" data-image-caption=\"&lt;p&gt;Los superh\u00e9roes de la alimentaci\u00f3n saludable&lt;\/p&gt;\n\" data-large-file=\"https:\/\/i0.wp.com\/le-fort.org\/cocina\/wp-content\/uploads\/2017\/10\/superheroes.jpg?fit=1200%2C675&amp;ssl=1\" class=\"size-large wp-image-9782\" src=\"https:\/\/i0.wp.com\/le-fort.org\/wp-content\/uploads\/2017\/10\/superheroes-1280x720.jpg?resize=874%2C492&#038;ssl=1\" alt=\"D\u00eda internacional del chef 2017: ni\u00f1os\" width=\"874\" height=\"492\" srcset=\"https:\/\/i0.wp.com\/le-fort.org\/cocina\/wp-content\/uploads\/2017\/10\/superheroes.jpg?w=1280&amp;ssl=1 1280w, https:\/\/i0.wp.com\/le-fort.org\/cocina\/wp-content\/uploads\/2017\/10\/superheroes.jpg?resize=600%2C338&amp;ssl=1 600w\" sizes=\"auto, (max-width: 874px) 100vw, 874px\" \/><figcaption id=\"caption-attachment-9782\" class=\"wp-caption-text\">Los superh\u00e9roes de la alimentaci\u00f3n saludable<\/figcaption><\/figure>\n<figure id=\"attachment_9785\" aria-describedby=\"caption-attachment-9785\" style=\"width: 874px\" class=\"wp-caption aligncenter\"><img data-recalc-dims=\"1\" loading=\"lazy\" decoding=\"async\" data-attachment-id=\"9785\" data-permalink=\"https:\/\/le-fort.org\/cocina\/dia-internacional-del-chef-2017\/escenario\/\" data-orig-file=\"https:\/\/i0.wp.com\/le-fort.org\/cocina\/wp-content\/uploads\/2017\/10\/escenario.jpg?fit=1280%2C720&amp;ssl=1\" data-orig-size=\"1280,720\" data-comments-opened=\"0\" data-image-meta=\"{&quot;aperture&quot;:&quot;0&quot;,&quot;credit&quot;:&quot;&quot;,&quot;camera&quot;:&quot;&quot;,&quot;caption&quot;:&quot;&quot;,&quot;created_timestamp&quot;:&quot;0&quot;,&quot;copyright&quot;:&quot;&quot;,&quot;focal_length&quot;:&quot;0&quot;,&quot;iso&quot;:&quot;0&quot;,&quot;shutter_speed&quot;:&quot;0&quot;,&quot;title&quot;:&quot;&quot;,&quot;orientation&quot;:&quot;0&quot;}\" data-image-title=\"escenario\" data-image-description=\"\" data-image-caption=\"&lt;p&gt;Recibiendo las felicitaciones del d\u00eda&lt;\/p&gt;\n\" data-large-file=\"https:\/\/i0.wp.com\/le-fort.org\/cocina\/wp-content\/uploads\/2017\/10\/escenario.jpg?fit=1200%2C675&amp;ssl=1\" class=\"size-large wp-image-9785\" src=\"https:\/\/i0.wp.com\/le-fort.org\/wp-content\/uploads\/2017\/10\/escenario-1280x720.jpg?resize=874%2C492&#038;ssl=1\" alt=\"D\u00eda internacional del chef 2017\" width=\"874\" height=\"492\" srcset=\"https:\/\/i0.wp.com\/le-fort.org\/cocina\/wp-content\/uploads\/2017\/10\/escenario.jpg?w=1280&amp;ssl=1 1280w, https:\/\/i0.wp.com\/le-fort.org\/cocina\/wp-content\/uploads\/2017\/10\/escenario.jpg?resize=600%2C338&amp;ssl=1 600w\" sizes=\"auto, (max-width: 874px) 100vw, 874px\" \/><figcaption id=\"caption-attachment-9785\" class=\"wp-caption-text\">Recibiendo las felicitaciones del d\u00eda<\/figcaption><\/figure>\n<p>Hubo una serie de actividades. En la que participamos fue en ayudar a los ni\u00f1os a ser chefs por un d\u00eda, preparando sus propios platos saludables con arroz de cebada, espinacas (Vitamina A), huevo (prote\u00edna), qu\u00ednoa y manzana; y brochetas de frutas (carotenoides, antocianinas, minerales, vitaminas, etc.).<\/p>\n<p>Uno de los puntos altos de la jornada del viernes fue ver a Chefs de renombre\u00a0 mostrar que esa lejan\u00eda de Chef <em>rockstar<\/em> no es tal: totalmente involucrados con los ni\u00f1os, habl\u00e1ndoles a su nivel y en su idioma, sin condescendencias y ense\u00f1ando alimentaci\u00f3n, que es en verdad m\u00e1s importante que el placer que derivamos de la comida. Ese es quiz\u00e1 el rol m\u00e1s importante del Chef hoy: alimentar bien y ense\u00f1ar a comer bien, sin artificio.<\/p>\n<p>Una excelente forma, insistimos, de ense\u00f1ar nutrici\u00f3n desde abajo. Muchas gracias por la invitaci\u00f3n.<\/p>\n<p>Aqu\u00ed algunas fotos del evento.<\/p>\n<div class=\"tiled-gallery type-rectangular tiled-gallery-unresized\" data-original-width=\"1200\" data-carousel-extra='{&quot;blog_id&quot;:1,&quot;permalink&quot;:&quot;https:\\\/\\\/le-fort.org\\\/cocina\\\/dia-internacional-del-chef-2017\\\/&quot;,&quot;likes_blog_id&quot;:240650671}' itemscope itemtype=\"http:\/\/schema.org\/ImageGallery\" > <div class=\"gallery-row\" style=\"width: 1200px; height: 556px;\" data-original-width=\"1200\" data-original-height=\"556\" > <div class=\"gallery-group images-1\" style=\"width: 831px; height: 556px;\" data-original-width=\"831\" data-original-height=\"556\" > <div class=\"tiled-gallery-item tiled-gallery-item-large\" itemprop=\"associatedMedia\" itemscope itemtype=\"http:\/\/schema.org\/ImageObject\"> <a href=\"https:\/\/le-fort.org\/cocina\/dia-internacional-del-chef-2017\/img_9924-1\/\" border=\"0\" itemprop=\"url\"> <meta itemprop=\"width\" content=\"827\"> <meta itemprop=\"height\" content=\"552\"> <img decoding=\"async\" class=\"\" data-attachment-id=\"9916\" data-orig-file=\"https:\/\/le-fort.org\/cocina\/wp-content\/uploads\/2017\/10\/IMG_9924-1.jpg\" data-orig-size=\"1280,854\" data-comments-opened=\"\" data-image-meta=\"{&quot;aperture&quot;:&quot;4.5&quot;,&quot;credit&quot;:&quot;Picasa&quot;,&quot;camera&quot;:&quot;Canon EOS REBEL SL1&quot;,&quot;caption&quot;:&quot;&quot;,&quot;created_timestamp&quot;:&quot;1508493205&quot;,&quot;copyright&quot;:&quot;Le-Fort.Org 2017&quot;,&quot;focal_length&quot;:&quot;43&quot;,&quot;iso&quot;:&quot;100&quot;,&quot;shutter_speed&quot;:&quot;0.016666666666667&quot;,&quot;title&quot;:&quot;&quot;,&quot;orientation&quot;:&quot;1&quot;}\" data-image-title=\"IMG_9924 1\" data-image-description=\"\" data-medium-file=\"https:\/\/i0.wp.com\/le-fort.org\/cocina\/wp-content\/uploads\/2017\/10\/IMG_9924-1.jpg?fit=600%2C400&#038;ssl=1\" data-large-file=\"https:\/\/i0.wp.com\/le-fort.org\/cocina\/wp-content\/uploads\/2017\/10\/IMG_9924-1.jpg?fit=1200%2C801&#038;ssl=1\" src=\"https:\/\/i0.wp.com\/le-fort.org\/cocina\/wp-content\/uploads\/2017\/10\/IMG_9924-1.jpg?w=827&#038;h=552&#038;ssl=1\" srcset=\"https:\/\/i0.wp.com\/le-fort.org\/cocina\/wp-content\/uploads\/2017\/10\/IMG_9924-1.jpg?w=1280&amp;ssl=1 1280w, https:\/\/i0.wp.com\/le-fort.org\/cocina\/wp-content\/uploads\/2017\/10\/IMG_9924-1.jpg?resize=600%2C400&amp;ssl=1 600w\" width=\"827\" height=\"552\" loading=\"lazy\" data-original-width=\"827\" data-original-height=\"552\" itemprop=\"http:\/\/schema.org\/image\" title=\"IMG_9924 1\" alt=\"D\u00eda del Chef 2017\" style=\"width: 827px; height: 552px;\" \/> <\/a> <div class=\"tiled-gallery-caption\" itemprop=\"caption description\"> D\u00eda del Chef 2017 <\/div> <\/div> <\/div> <!-- close group --> <div class=\"gallery-group images-2\" style=\"width: 369px; height: 556px;\" data-original-width=\"369\" data-original-height=\"556\" > <div class=\"tiled-gallery-item tiled-gallery-item-large\" itemprop=\"associatedMedia\" itemscope itemtype=\"http:\/\/schema.org\/ImageObject\"> <a href=\"https:\/\/le-fort.org\/cocina\/dia-internacional-del-chef-2017\/img_0185-1\/\" border=\"0\" itemprop=\"url\"> <meta itemprop=\"width\" content=\"365\"> <meta itemprop=\"height\" content=\"244\"> <img decoding=\"async\" class=\"\" data-attachment-id=\"9876\" data-orig-file=\"https:\/\/le-fort.org\/cocina\/wp-content\/uploads\/2017\/10\/IMG_0185-1.jpg\" data-orig-size=\"1280,854\" data-comments-opened=\"\" data-image-meta=\"{&quot;aperture&quot;:&quot;6.3&quot;,&quot;credit&quot;:&quot;Picasa&quot;,&quot;camera&quot;:&quot;Canon EOS REBEL SL1&quot;,&quot;caption&quot;:&quot;&quot;,&quot;created_timestamp&quot;:&quot;1508496544&quot;,&quot;copyright&quot;:&quot;Le-Fort.Org 2017&quot;,&quot;focal_length&quot;:&quot;147&quot;,&quot;iso&quot;:&quot;1000&quot;,&quot;shutter_speed&quot;:&quot;0.004&quot;,&quot;title&quot;:&quot;&quot;,&quot;orientation&quot;:&quot;1&quot;}\" data-image-title=\"IMG_0185 1\" data-image-description=\"\" data-medium-file=\"https:\/\/i0.wp.com\/le-fort.org\/cocina\/wp-content\/uploads\/2017\/10\/IMG_0185-1.jpg?fit=600%2C400&#038;ssl=1\" data-large-file=\"https:\/\/i0.wp.com\/le-fort.org\/cocina\/wp-content\/uploads\/2017\/10\/IMG_0185-1.jpg?fit=1200%2C801&#038;ssl=1\" src=\"https:\/\/i0.wp.com\/le-fort.org\/cocina\/wp-content\/uploads\/2017\/10\/IMG_0185-1.jpg?w=365&#038;h=244&#038;ssl=1\" srcset=\"https:\/\/i0.wp.com\/le-fort.org\/cocina\/wp-content\/uploads\/2017\/10\/IMG_0185-1.jpg?w=1280&amp;ssl=1 1280w, https:\/\/i0.wp.com\/le-fort.org\/cocina\/wp-content\/uploads\/2017\/10\/IMG_0185-1.jpg?resize=600%2C400&amp;ssl=1 600w\" width=\"365\" height=\"244\" loading=\"lazy\" data-original-width=\"365\" data-original-height=\"244\" itemprop=\"http:\/\/schema.org\/image\" title=\"IMG_0185 1\" alt=\"D\u00eda del Chef 2017\" style=\"width: 365px; height: 244px;\" \/> <\/a> <div class=\"tiled-gallery-caption\" itemprop=\"caption description\"> D\u00eda del Chef 2017 <\/div> <\/div> <div class=\"tiled-gallery-item tiled-gallery-item-large\" itemprop=\"associatedMedia\" itemscope itemtype=\"http:\/\/schema.org\/ImageObject\"> <a href=\"https:\/\/le-fort.org\/cocina\/dia-internacional-del-chef-2017\/img_9798-1\/\" border=\"0\" itemprop=\"url\"> <meta itemprop=\"width\" content=\"365\"> <meta itemprop=\"height\" content=\"304\"> <img decoding=\"async\" class=\"\" data-attachment-id=\"9902\" data-orig-file=\"https:\/\/le-fort.org\/cocina\/wp-content\/uploads\/2017\/10\/IMG_9798-1.jpg\" data-orig-size=\"1280,1064\" data-comments-opened=\"\" data-image-meta=\"{&quot;aperture&quot;:&quot;4.5&quot;,&quot;credit&quot;:&quot;Picasa&quot;,&quot;camera&quot;:&quot;Canon EOS REBEL SL1&quot;,&quot;caption&quot;:&quot;&quot;,&quot;created_timestamp&quot;:&quot;1508490077&quot;,&quot;copyright&quot;:&quot;Le-Fort.Org 2017&quot;,&quot;focal_length&quot;:&quot;18&quot;,&quot;iso&quot;:&quot;100&quot;,&quot;shutter_speed&quot;:&quot;0.016666666666667&quot;,&quot;title&quot;:&quot;&quot;,&quot;orientation&quot;:&quot;1&quot;}\" data-image-title=\"IMG_9798 1\" data-image-description=\"\" data-medium-file=\"https:\/\/i0.wp.com\/le-fort.org\/cocina\/wp-content\/uploads\/2017\/10\/IMG_9798-1.jpg?fit=600%2C499&#038;ssl=1\" data-large-file=\"https:\/\/i0.wp.com\/le-fort.org\/cocina\/wp-content\/uploads\/2017\/10\/IMG_9798-1.jpg?fit=1155%2C960&#038;ssl=1\" src=\"https:\/\/i0.wp.com\/le-fort.org\/cocina\/wp-content\/uploads\/2017\/10\/IMG_9798-1.jpg?w=365&#038;h=304&#038;ssl=1\" srcset=\"https:\/\/i0.wp.com\/le-fort.org\/cocina\/wp-content\/uploads\/2017\/10\/IMG_9798-1.jpg?w=1280&amp;ssl=1 1280w, https:\/\/i0.wp.com\/le-fort.org\/cocina\/wp-content\/uploads\/2017\/10\/IMG_9798-1.jpg?resize=600%2C499&amp;ssl=1 600w, https:\/\/i0.wp.com\/le-fort.org\/cocina\/wp-content\/uploads\/2017\/10\/IMG_9798-1.jpg?resize=1155%2C960&amp;ssl=1 1155w\" width=\"365\" height=\"304\" loading=\"lazy\" data-original-width=\"365\" data-original-height=\"304\" itemprop=\"http:\/\/schema.org\/image\" title=\"IMG_9798 1\" alt=\"D\u00eda del Chef 2017\" style=\"width: 365px; height: 304px;\" \/> <\/a> <div class=\"tiled-gallery-caption\" itemprop=\"caption description\"> D\u00eda del Chef 2017 <\/div> <\/div> <\/div> <!-- close group --> <\/div> <!-- close row --> <div class=\"gallery-row\" style=\"width: 1200px; height: 250px;\" data-original-width=\"1200\" data-original-height=\"250\" > <div class=\"gallery-group images-1\" style=\"width: 372px; height: 250px;\" data-original-width=\"372\" data-original-height=\"250\" > <div class=\"tiled-gallery-item tiled-gallery-item-large\" itemprop=\"associatedMedia\" itemscope itemtype=\"http:\/\/schema.org\/ImageObject\"> <a href=\"https:\/\/le-fort.org\/cocina\/dia-internacional-del-chef-2017\/img_0333-1\/\" border=\"0\" itemprop=\"url\"> <meta itemprop=\"width\" content=\"368\"> <meta itemprop=\"height\" content=\"246\"> <img decoding=\"async\" class=\"\" data-attachment-id=\"9884\" data-orig-file=\"https:\/\/le-fort.org\/cocina\/wp-content\/uploads\/2017\/10\/IMG_0333-1.jpg\" data-orig-size=\"1280,854\" data-comments-opened=\"\" data-image-meta=\"{&quot;aperture&quot;:&quot;3.5&quot;,&quot;credit&quot;:&quot;Picasa&quot;,&quot;camera&quot;:&quot;Canon EOS REBEL SL1&quot;,&quot;caption&quot;:&quot;&quot;,&quot;created_timestamp&quot;:&quot;1508500618&quot;,&quot;copyright&quot;:&quot;Le-Fort.Org 2017&quot;,&quot;focal_length&quot;:&quot;18&quot;,&quot;iso&quot;:&quot;100&quot;,&quot;shutter_speed&quot;:&quot;0.033333333333333&quot;,&quot;title&quot;:&quot;&quot;,&quot;orientation&quot;:&quot;1&quot;}\" data-image-title=\"IMG_0333 1\" data-image-description=\"\" data-medium-file=\"https:\/\/i0.wp.com\/le-fort.org\/cocina\/wp-content\/uploads\/2017\/10\/IMG_0333-1.jpg?fit=600%2C400&#038;ssl=1\" data-large-file=\"https:\/\/i0.wp.com\/le-fort.org\/cocina\/wp-content\/uploads\/2017\/10\/IMG_0333-1.jpg?fit=1200%2C801&#038;ssl=1\" src=\"https:\/\/i0.wp.com\/le-fort.org\/cocina\/wp-content\/uploads\/2017\/10\/IMG_0333-1.jpg?w=368&#038;h=246&#038;ssl=1\" srcset=\"https:\/\/i0.wp.com\/le-fort.org\/cocina\/wp-content\/uploads\/2017\/10\/IMG_0333-1.jpg?w=1280&amp;ssl=1 1280w, https:\/\/i0.wp.com\/le-fort.org\/cocina\/wp-content\/uploads\/2017\/10\/IMG_0333-1.jpg?resize=600%2C400&amp;ssl=1 600w\" width=\"368\" height=\"246\" loading=\"lazy\" data-original-width=\"368\" data-original-height=\"246\" itemprop=\"http:\/\/schema.org\/image\" title=\"IMG_0333 1\" alt=\"D\u00eda del Chef 2017\" style=\"width: 368px; height: 246px;\" \/> <\/a> <div class=\"tiled-gallery-caption\" itemprop=\"caption description\"> D\u00eda del Chef 2017 <\/div> <\/div> <\/div> <!-- close group --> <div class=\"gallery-group images-1\" style=\"width: 219px; height: 250px;\" data-original-width=\"219\" data-original-height=\"250\" > <div class=\"tiled-gallery-item tiled-gallery-item-small\" itemprop=\"associatedMedia\" itemscope itemtype=\"http:\/\/schema.org\/ImageObject\"> <a href=\"https:\/\/le-fort.org\/cocina\/dia-internacional-del-chef-2017\/img_9915-1\/\" border=\"0\" itemprop=\"url\"> <meta itemprop=\"width\" content=\"215\"> <meta itemprop=\"height\" content=\"246\"> <img decoding=\"async\" class=\"\" data-attachment-id=\"9915\" data-orig-file=\"https:\/\/le-fort.org\/cocina\/wp-content\/uploads\/2017\/10\/IMG_9915-1.jpg\" data-orig-size=\"1118,1280\" data-comments-opened=\"\" data-image-meta=\"{&quot;aperture&quot;:&quot;5&quot;,&quot;credit&quot;:&quot;Picasa&quot;,&quot;camera&quot;:&quot;Canon EOS REBEL SL1&quot;,&quot;caption&quot;:&quot;&quot;,&quot;created_timestamp&quot;:&quot;1508493166&quot;,&quot;copyright&quot;:&quot;Le-Fort.Org 2017&quot;,&quot;focal_length&quot;:&quot;18&quot;,&quot;iso&quot;:&quot;100&quot;,&quot;shutter_speed&quot;:&quot;0.016666666666667&quot;,&quot;title&quot;:&quot;&quot;,&quot;orientation&quot;:&quot;1&quot;}\" data-image-title=\"IMG_9915 1\" data-image-description=\"\" data-medium-file=\"https:\/\/i0.wp.com\/le-fort.org\/cocina\/wp-content\/uploads\/2017\/10\/IMG_9915-1.jpg?fit=524%2C600&#038;ssl=1\" data-large-file=\"https:\/\/i0.wp.com\/le-fort.org\/cocina\/wp-content\/uploads\/2017\/10\/IMG_9915-1.jpg?fit=839%2C960&#038;ssl=1\" src=\"https:\/\/i0.wp.com\/le-fort.org\/cocina\/wp-content\/uploads\/2017\/10\/IMG_9915-1.jpg?w=215&#038;h=246&#038;ssl=1\" srcset=\"https:\/\/i0.wp.com\/le-fort.org\/cocina\/wp-content\/uploads\/2017\/10\/IMG_9915-1.jpg?w=1118&amp;ssl=1 1118w, https:\/\/i0.wp.com\/le-fort.org\/cocina\/wp-content\/uploads\/2017\/10\/IMG_9915-1.jpg?resize=524%2C600&amp;ssl=1 524w, https:\/\/i0.wp.com\/le-fort.org\/cocina\/wp-content\/uploads\/2017\/10\/IMG_9915-1.jpg?resize=839%2C960&amp;ssl=1 839w\" width=\"215\" height=\"246\" loading=\"lazy\" data-original-width=\"215\" data-original-height=\"246\" itemprop=\"http:\/\/schema.org\/image\" title=\"IMG_9915 1\" alt=\"D\u00eda del Chef 2017\" style=\"width: 215px; height: 246px;\" \/> <\/a> <div class=\"tiled-gallery-caption\" itemprop=\"caption description\"> D\u00eda del Chef 2017 <\/div> <\/div> <\/div> <!-- close group --> <div class=\"gallery-group images-1\" style=\"width: 168px; height: 250px;\" data-original-width=\"168\" data-original-height=\"250\" > <div class=\"tiled-gallery-item tiled-gallery-item-small\" itemprop=\"associatedMedia\" itemscope itemtype=\"http:\/\/schema.org\/ImageObject\"> <a href=\"https:\/\/le-fort.org\/cocina\/dia-internacional-del-chef-2017\/img_9791-1\/\" border=\"0\" itemprop=\"url\"> <meta itemprop=\"width\" content=\"164\"> <meta itemprop=\"height\" content=\"246\"> <img decoding=\"async\" class=\"\" data-attachment-id=\"9901\" data-orig-file=\"https:\/\/le-fort.org\/cocina\/wp-content\/uploads\/2017\/10\/IMG_9791-1.jpg\" data-orig-size=\"854,1280\" data-comments-opened=\"\" data-image-meta=\"{&quot;aperture&quot;:&quot;4.5&quot;,&quot;credit&quot;:&quot;Picasa&quot;,&quot;camera&quot;:&quot;Canon EOS REBEL SL1&quot;,&quot;caption&quot;:&quot;&quot;,&quot;created_timestamp&quot;:&quot;1508490062&quot;,&quot;copyright&quot;:&quot;Le-Fort.Org 2017&quot;,&quot;focal_length&quot;:&quot;18&quot;,&quot;iso&quot;:&quot;100&quot;,&quot;shutter_speed&quot;:&quot;0.016666666666667&quot;,&quot;title&quot;:&quot;&quot;,&quot;orientation&quot;:&quot;1&quot;}\" data-image-title=\"IMG_9791 1\" data-image-description=\"\" data-medium-file=\"https:\/\/i0.wp.com\/le-fort.org\/cocina\/wp-content\/uploads\/2017\/10\/IMG_9791-1.jpg?fit=400%2C600&#038;ssl=1\" data-large-file=\"https:\/\/i0.wp.com\/le-fort.org\/cocina\/wp-content\/uploads\/2017\/10\/IMG_9791-1.jpg?fit=641%2C960&#038;ssl=1\" src=\"https:\/\/i0.wp.com\/le-fort.org\/cocina\/wp-content\/uploads\/2017\/10\/IMG_9791-1.jpg?w=164&#038;h=246&#038;ssl=1\" srcset=\"https:\/\/i0.wp.com\/le-fort.org\/cocina\/wp-content\/uploads\/2017\/10\/IMG_9791-1.jpg?w=854&amp;ssl=1 854w, https:\/\/i0.wp.com\/le-fort.org\/cocina\/wp-content\/uploads\/2017\/10\/IMG_9791-1.jpg?resize=400%2C600&amp;ssl=1 400w, https:\/\/i0.wp.com\/le-fort.org\/cocina\/wp-content\/uploads\/2017\/10\/IMG_9791-1.jpg?resize=641%2C960&amp;ssl=1 641w\" width=\"164\" height=\"246\" loading=\"lazy\" data-original-width=\"164\" data-original-height=\"246\" itemprop=\"http:\/\/schema.org\/image\" title=\"IMG_9791 1\" alt=\"D\u00eda del Chef 2017\" style=\"width: 164px; height: 246px;\" \/> <\/a> <div class=\"tiled-gallery-caption\" itemprop=\"caption description\"> D\u00eda del Chef 2017 <\/div> <\/div> <\/div> <!-- close group --> <div class=\"gallery-group images-1\" style=\"width: 168px; height: 250px;\" data-original-width=\"168\" data-original-height=\"250\" > <div class=\"tiled-gallery-item tiled-gallery-item-small\" itemprop=\"associatedMedia\" itemscope itemtype=\"http:\/\/schema.org\/ImageObject\"> <a href=\"https:\/\/le-fort.org\/cocina\/dia-internacional-del-chef-2017\/img_9850-1\/\" border=\"0\" itemprop=\"url\"> <meta itemprop=\"width\" content=\"164\"> <meta itemprop=\"height\" content=\"246\"> <img decoding=\"async\" class=\"\" data-attachment-id=\"9908\" data-orig-file=\"https:\/\/le-fort.org\/cocina\/wp-content\/uploads\/2017\/10\/IMG_9850-1.jpg\" data-orig-size=\"854,1280\" data-comments-opened=\"\" data-image-meta=\"{&quot;aperture&quot;:&quot;5.6&quot;,&quot;credit&quot;:&quot;Picasa&quot;,&quot;camera&quot;:&quot;Canon EOS REBEL SL1&quot;,&quot;caption&quot;:&quot;&quot;,&quot;created_timestamp&quot;:&quot;1508491837&quot;,&quot;copyright&quot;:&quot;Le-Fort.Org 2017&quot;,&quot;focal_length&quot;:&quot;120&quot;,&quot;iso&quot;:&quot;640&quot;,&quot;shutter_speed&quot;:&quot;0.00625&quot;,&quot;title&quot;:&quot;&quot;,&quot;orientation&quot;:&quot;1&quot;}\" data-image-title=\"IMG_9850 1\" data-image-description=\"\" data-medium-file=\"https:\/\/i0.wp.com\/le-fort.org\/cocina\/wp-content\/uploads\/2017\/10\/IMG_9850-1.jpg?fit=400%2C600&#038;ssl=1\" data-large-file=\"https:\/\/i0.wp.com\/le-fort.org\/cocina\/wp-content\/uploads\/2017\/10\/IMG_9850-1.jpg?fit=641%2C960&#038;ssl=1\" src=\"https:\/\/i0.wp.com\/le-fort.org\/cocina\/wp-content\/uploads\/2017\/10\/IMG_9850-1.jpg?w=164&#038;h=246&#038;ssl=1\" srcset=\"https:\/\/i0.wp.com\/le-fort.org\/cocina\/wp-content\/uploads\/2017\/10\/IMG_9850-1.jpg?w=854&amp;ssl=1 854w, https:\/\/i0.wp.com\/le-fort.org\/cocina\/wp-content\/uploads\/2017\/10\/IMG_9850-1.jpg?resize=400%2C600&amp;ssl=1 400w, https:\/\/i0.wp.com\/le-fort.org\/cocina\/wp-content\/uploads\/2017\/10\/IMG_9850-1.jpg?resize=641%2C960&amp;ssl=1 641w\" width=\"164\" height=\"246\" loading=\"lazy\" data-original-width=\"164\" data-original-height=\"246\" itemprop=\"http:\/\/schema.org\/image\" title=\"IMG_9850 1\" alt=\"D\u00eda del Chef 2017\" style=\"width: 164px; height: 246px;\" \/> <\/a> <div class=\"tiled-gallery-caption\" itemprop=\"caption description\"> D\u00eda del Chef 2017 <\/div> <\/div> <\/div> <!-- close group --> <div class=\"gallery-group images-1\" style=\"width: 273px; height: 250px;\" data-original-width=\"273\" data-original-height=\"250\" > <div class=\"tiled-gallery-item tiled-gallery-item-large\" itemprop=\"associatedMedia\" itemscope itemtype=\"http:\/\/schema.org\/ImageObject\"> <a href=\"https:\/\/le-fort.org\/cocina\/dia-internacional-del-chef-2017\/img_9885-1\/\" border=\"0\" itemprop=\"url\"> <meta itemprop=\"width\" content=\"269\"> <meta itemprop=\"height\" content=\"246\"> <img decoding=\"async\" class=\"\" data-attachment-id=\"9912\" data-orig-file=\"https:\/\/le-fort.org\/cocina\/wp-content\/uploads\/2017\/10\/IMG_9885-1.jpg\" data-orig-size=\"1280,1171\" data-comments-opened=\"\" data-image-meta=\"{&quot;aperture&quot;:&quot;6.3&quot;,&quot;credit&quot;:&quot;Picasa&quot;,&quot;camera&quot;:&quot;Canon EOS REBEL SL1&quot;,&quot;caption&quot;:&quot;&quot;,&quot;created_timestamp&quot;:&quot;1508492318&quot;,&quot;copyright&quot;:&quot;Le-Fort.Org 2017&quot;,&quot;focal_length&quot;:&quot;250&quot;,&quot;iso&quot;:&quot;1600&quot;,&quot;shutter_speed&quot;:&quot;0.003125&quot;,&quot;title&quot;:&quot;&quot;,&quot;orientation&quot;:&quot;1&quot;}\" data-image-title=\"IMG_9885 1\" data-image-description=\"\" data-medium-file=\"https:\/\/i0.wp.com\/le-fort.org\/cocina\/wp-content\/uploads\/2017\/10\/IMG_9885-1.jpg?fit=600%2C549&#038;ssl=1\" data-large-file=\"https:\/\/i0.wp.com\/le-fort.org\/cocina\/wp-content\/uploads\/2017\/10\/IMG_9885-1.jpg?fit=1049%2C960&#038;ssl=1\" src=\"https:\/\/i0.wp.com\/le-fort.org\/cocina\/wp-content\/uploads\/2017\/10\/IMG_9885-1.jpg?w=269&#038;h=246&#038;ssl=1\" srcset=\"https:\/\/i0.wp.com\/le-fort.org\/cocina\/wp-content\/uploads\/2017\/10\/IMG_9885-1.jpg?w=1280&amp;ssl=1 1280w, https:\/\/i0.wp.com\/le-fort.org\/cocina\/wp-content\/uploads\/2017\/10\/IMG_9885-1.jpg?resize=600%2C549&amp;ssl=1 600w, https:\/\/i0.wp.com\/le-fort.org\/cocina\/wp-content\/uploads\/2017\/10\/IMG_9885-1.jpg?resize=1049%2C960&amp;ssl=1 1049w\" width=\"269\" height=\"246\" loading=\"lazy\" data-original-width=\"269\" data-original-height=\"246\" itemprop=\"http:\/\/schema.org\/image\" title=\"IMG_9885 1\" alt=\"D\u00eda del Chef 2017\" style=\"width: 269px; height: 246px;\" \/> <\/a> <div class=\"tiled-gallery-caption\" itemprop=\"caption description\"> D\u00eda del Chef 2017 <\/div> <\/div> <\/div> <!-- close group --> <\/div> <!-- close row --> <div class=\"gallery-row\" style=\"width: 1200px; height: 579px;\" data-original-width=\"1200\" data-original-height=\"579\" > <div class=\"gallery-group images-2\" style=\"width: 432px; height: 579px;\" data-original-width=\"432\" data-original-height=\"579\" > <div class=\"tiled-gallery-item tiled-gallery-item-large\" itemprop=\"associatedMedia\" itemscope itemtype=\"http:\/\/schema.org\/ImageObject\"> <a href=\"https:\/\/le-fort.org\/cocina\/dia-internacional-del-chef-2017\/img_0020-1\/\" border=\"0\" itemprop=\"url\"> <meta itemprop=\"width\" content=\"428\"> <meta itemprop=\"height\" content=\"286\"> <img decoding=\"async\" class=\"\" data-attachment-id=\"9870\" data-orig-file=\"https:\/\/le-fort.org\/cocina\/wp-content\/uploads\/2017\/10\/IMG_0020-1.jpg\" data-orig-size=\"1280,854\" data-comments-opened=\"\" data-image-meta=\"{&quot;aperture&quot;:&quot;4&quot;,&quot;credit&quot;:&quot;Picasa&quot;,&quot;camera&quot;:&quot;Canon EOS REBEL SL1&quot;,&quot;caption&quot;:&quot;&quot;,&quot;created_timestamp&quot;:&quot;1508494562&quot;,&quot;copyright&quot;:&quot;Le-Fort.Org 2017&quot;,&quot;focal_length&quot;:&quot;18&quot;,&quot;iso&quot;:&quot;100&quot;,&quot;shutter_speed&quot;:&quot;0.02&quot;,&quot;title&quot;:&quot;&quot;,&quot;orientation&quot;:&quot;1&quot;}\" data-image-title=\"IMG_0020 1\" data-image-description=\"\" data-medium-file=\"https:\/\/i0.wp.com\/le-fort.org\/cocina\/wp-content\/uploads\/2017\/10\/IMG_0020-1.jpg?fit=600%2C400&#038;ssl=1\" data-large-file=\"https:\/\/i0.wp.com\/le-fort.org\/cocina\/wp-content\/uploads\/2017\/10\/IMG_0020-1.jpg?fit=1200%2C801&#038;ssl=1\" src=\"https:\/\/i0.wp.com\/le-fort.org\/cocina\/wp-content\/uploads\/2017\/10\/IMG_0020-1.jpg?w=428&#038;h=286&#038;ssl=1\" srcset=\"https:\/\/i0.wp.com\/le-fort.org\/cocina\/wp-content\/uploads\/2017\/10\/IMG_0020-1.jpg?w=1280&amp;ssl=1 1280w, https:\/\/i0.wp.com\/le-fort.org\/cocina\/wp-content\/uploads\/2017\/10\/IMG_0020-1.jpg?resize=600%2C400&amp;ssl=1 600w\" width=\"428\" height=\"286\" loading=\"lazy\" data-original-width=\"428\" data-original-height=\"286\" itemprop=\"http:\/\/schema.org\/image\" title=\"IMG_0020 1\" alt=\"D\u00eda del Chef 2017\" style=\"width: 428px; height: 286px;\" \/> <\/a> <div class=\"tiled-gallery-caption\" itemprop=\"caption description\"> D\u00eda del Chef 2017 <\/div> <\/div> <div class=\"tiled-gallery-item tiled-gallery-item-large\" itemprop=\"associatedMedia\" itemscope itemtype=\"http:\/\/schema.org\/ImageObject\"> <a href=\"https:\/\/le-fort.org\/cocina\/dia-internacional-del-chef-2017\/img_0183-1\/\" border=\"0\" itemprop=\"url\"> <meta itemprop=\"width\" content=\"428\"> <meta itemprop=\"height\" content=\"285\"> <img decoding=\"async\" class=\"\" data-attachment-id=\"9875\" data-orig-file=\"https:\/\/le-fort.org\/cocina\/wp-content\/uploads\/2017\/10\/IMG_0183-1.jpg\" data-orig-size=\"1280,854\" data-comments-opened=\"\" data-image-meta=\"{&quot;aperture&quot;:&quot;5&quot;,&quot;credit&quot;:&quot;Picasa&quot;,&quot;camera&quot;:&quot;Canon EOS REBEL SL1&quot;,&quot;caption&quot;:&quot;&quot;,&quot;created_timestamp&quot;:&quot;1508496503&quot;,&quot;copyright&quot;:&quot;Le-Fort.Org 2017&quot;,&quot;focal_length&quot;:&quot;63&quot;,&quot;iso&quot;:&quot;250&quot;,&quot;shutter_speed&quot;:&quot;0.0125&quot;,&quot;title&quot;:&quot;&quot;,&quot;orientation&quot;:&quot;1&quot;}\" data-image-title=\"IMG_0183 1\" data-image-description=\"\" data-medium-file=\"https:\/\/i0.wp.com\/le-fort.org\/cocina\/wp-content\/uploads\/2017\/10\/IMG_0183-1.jpg?fit=600%2C400&#038;ssl=1\" data-large-file=\"https:\/\/i0.wp.com\/le-fort.org\/cocina\/wp-content\/uploads\/2017\/10\/IMG_0183-1.jpg?fit=1200%2C801&#038;ssl=1\" src=\"https:\/\/i0.wp.com\/le-fort.org\/cocina\/wp-content\/uploads\/2017\/10\/IMG_0183-1.jpg?w=428&#038;h=285&#038;ssl=1\" srcset=\"https:\/\/i0.wp.com\/le-fort.org\/cocina\/wp-content\/uploads\/2017\/10\/IMG_0183-1.jpg?w=1280&amp;ssl=1 1280w, https:\/\/i0.wp.com\/le-fort.org\/cocina\/wp-content\/uploads\/2017\/10\/IMG_0183-1.jpg?resize=600%2C400&amp;ssl=1 600w\" width=\"428\" height=\"285\" loading=\"lazy\" data-original-width=\"428\" data-original-height=\"285\" itemprop=\"http:\/\/schema.org\/image\" title=\"IMG_0183 1\" alt=\"D\u00eda del Chef 2017\" style=\"width: 428px; height: 285px;\" \/> <\/a> <div class=\"tiled-gallery-caption\" itemprop=\"caption description\"> D\u00eda del Chef 2017 <\/div> <\/div> <\/div> <!-- close group --> <div class=\"gallery-group images-1\" style=\"width: 388px; height: 579px;\" data-original-width=\"388\" data-original-height=\"579\" > <div class=\"tiled-gallery-item tiled-gallery-item-large\" itemprop=\"associatedMedia\" itemscope itemtype=\"http:\/\/schema.org\/ImageObject\"> <a href=\"https:\/\/le-fort.org\/cocina\/dia-internacional-del-chef-2017\/img_9787-1\/\" border=\"0\" itemprop=\"url\"> <meta itemprop=\"width\" content=\"384\"> <meta itemprop=\"height\" content=\"575\"> <img decoding=\"async\" class=\"\" data-attachment-id=\"9900\" data-orig-file=\"https:\/\/le-fort.org\/cocina\/wp-content\/uploads\/2017\/10\/IMG_9787-1.jpg\" data-orig-size=\"854,1280\" data-comments-opened=\"\" data-image-meta=\"{&quot;aperture&quot;:&quot;4&quot;,&quot;credit&quot;:&quot;Picasa&quot;,&quot;camera&quot;:&quot;Canon EOS REBEL SL1&quot;,&quot;caption&quot;:&quot;&quot;,&quot;created_timestamp&quot;:&quot;1508490014&quot;,&quot;copyright&quot;:&quot;Le-Fort.Org 2017&quot;,&quot;focal_length&quot;:&quot;24&quot;,&quot;iso&quot;:&quot;100&quot;,&quot;shutter_speed&quot;:&quot;0.033333333333333&quot;,&quot;title&quot;:&quot;&quot;,&quot;orientation&quot;:&quot;1&quot;}\" data-image-title=\"IMG_9787 1\" data-image-description=\"\" data-medium-file=\"https:\/\/i0.wp.com\/le-fort.org\/cocina\/wp-content\/uploads\/2017\/10\/IMG_9787-1.jpg?fit=400%2C600&#038;ssl=1\" data-large-file=\"https:\/\/i0.wp.com\/le-fort.org\/cocina\/wp-content\/uploads\/2017\/10\/IMG_9787-1.jpg?fit=641%2C960&#038;ssl=1\" src=\"https:\/\/i0.wp.com\/le-fort.org\/cocina\/wp-content\/uploads\/2017\/10\/IMG_9787-1.jpg?w=384&#038;h=575&#038;ssl=1\" srcset=\"https:\/\/i0.wp.com\/le-fort.org\/cocina\/wp-content\/uploads\/2017\/10\/IMG_9787-1.jpg?w=854&amp;ssl=1 854w, https:\/\/i0.wp.com\/le-fort.org\/cocina\/wp-content\/uploads\/2017\/10\/IMG_9787-1.jpg?resize=400%2C600&amp;ssl=1 400w, https:\/\/i0.wp.com\/le-fort.org\/cocina\/wp-content\/uploads\/2017\/10\/IMG_9787-1.jpg?resize=641%2C960&amp;ssl=1 641w\" width=\"384\" height=\"575\" loading=\"lazy\" data-original-width=\"384\" data-original-height=\"575\" itemprop=\"http:\/\/schema.org\/image\" title=\"IMG_9787 1\" alt=\"D\u00eda del Chef 2017\" style=\"width: 384px; height: 575px;\" \/> <\/a> <div class=\"tiled-gallery-caption\" itemprop=\"caption description\"> D\u00eda del Chef 2017 <\/div> <\/div> <\/div> <!-- close group --> <div class=\"gallery-group images-2\" style=\"width: 380px; height: 579px;\" data-original-width=\"380\" data-original-height=\"579\" > <div class=\"tiled-gallery-item tiled-gallery-item-large\" itemprop=\"associatedMedia\" itemscope itemtype=\"http:\/\/schema.org\/ImageObject\"> <a href=\"https:\/\/le-fort.org\/cocina\/dia-internacional-del-chef-2017\/img_9831-1\/\" border=\"0\" itemprop=\"url\"> <meta itemprop=\"width\" content=\"376\"> <meta itemprop=\"height\" content=\"251\"> <img decoding=\"async\" class=\"\" data-attachment-id=\"9905\" data-orig-file=\"https:\/\/le-fort.org\/cocina\/wp-content\/uploads\/2017\/10\/IMG_9831-1.jpg\" data-orig-size=\"1280,854\" data-comments-opened=\"\" data-image-meta=\"{&quot;aperture&quot;:&quot;5.6&quot;,&quot;credit&quot;:&quot;Picasa&quot;,&quot;camera&quot;:&quot;Canon EOS REBEL SL1&quot;,&quot;caption&quot;:&quot;&quot;,&quot;created_timestamp&quot;:&quot;1508491490&quot;,&quot;copyright&quot;:&quot;Le-Fort.Org 2017&quot;,&quot;focal_length&quot;:&quot;18&quot;,&quot;iso&quot;:&quot;100&quot;,&quot;shutter_speed&quot;:&quot;0.01&quot;,&quot;title&quot;:&quot;&quot;,&quot;orientation&quot;:&quot;1&quot;}\" data-image-title=\"IMG_9831 1\" data-image-description=\"\" data-medium-file=\"https:\/\/i0.wp.com\/le-fort.org\/cocina\/wp-content\/uploads\/2017\/10\/IMG_9831-1.jpg?fit=600%2C400&#038;ssl=1\" data-large-file=\"https:\/\/i0.wp.com\/le-fort.org\/cocina\/wp-content\/uploads\/2017\/10\/IMG_9831-1.jpg?fit=1200%2C801&#038;ssl=1\" src=\"https:\/\/i0.wp.com\/le-fort.org\/cocina\/wp-content\/uploads\/2017\/10\/IMG_9831-1.jpg?w=376&#038;h=251&#038;ssl=1\" srcset=\"https:\/\/i0.wp.com\/le-fort.org\/cocina\/wp-content\/uploads\/2017\/10\/IMG_9831-1.jpg?w=1280&amp;ssl=1 1280w, https:\/\/i0.wp.com\/le-fort.org\/cocina\/wp-content\/uploads\/2017\/10\/IMG_9831-1.jpg?resize=600%2C400&amp;ssl=1 600w\" width=\"376\" height=\"251\" loading=\"lazy\" data-original-width=\"376\" data-original-height=\"251\" itemprop=\"http:\/\/schema.org\/image\" title=\"IMG_9831 1\" alt=\"D\u00eda del Chef 2017\" style=\"width: 376px; height: 251px;\" \/> <\/a> <div class=\"tiled-gallery-caption\" itemprop=\"caption description\"> D\u00eda del Chef 2017 <\/div> <\/div> <div class=\"tiled-gallery-item tiled-gallery-item-large\" itemprop=\"associatedMedia\" itemscope itemtype=\"http:\/\/schema.org\/ImageObject\"> <a href=\"https:\/\/le-fort.org\/cocina\/dia-internacional-del-chef-2017\/img_0343-1\/\" border=\"0\" itemprop=\"url\"> <meta itemprop=\"width\" content=\"376\"> <meta itemprop=\"height\" content=\"320\"> <img decoding=\"async\" class=\"\" data-attachment-id=\"9886\" data-orig-file=\"https:\/\/le-fort.org\/cocina\/wp-content\/uploads\/2017\/10\/IMG_0343-1.jpg\" data-orig-size=\"1280,1090\" data-comments-opened=\"\" data-image-meta=\"{&quot;aperture&quot;:&quot;5.6&quot;,&quot;credit&quot;:&quot;Picasa&quot;,&quot;camera&quot;:&quot;Canon EOS REBEL SL1&quot;,&quot;caption&quot;:&quot;&quot;,&quot;created_timestamp&quot;:&quot;1508500725&quot;,&quot;copyright&quot;:&quot;Le-Fort.Org 2017&quot;,&quot;focal_length&quot;:&quot;95&quot;,&quot;iso&quot;:&quot;1250&quot;,&quot;shutter_speed&quot;:&quot;0.008&quot;,&quot;title&quot;:&quot;&quot;,&quot;orientation&quot;:&quot;1&quot;}\" data-image-title=\"IMG_0343 1\" data-image-description=\"\" data-medium-file=\"https:\/\/i0.wp.com\/le-fort.org\/cocina\/wp-content\/uploads\/2017\/10\/IMG_0343-1.jpg?fit=600%2C511&#038;ssl=1\" data-large-file=\"https:\/\/i0.wp.com\/le-fort.org\/cocina\/wp-content\/uploads\/2017\/10\/IMG_0343-1.jpg?fit=1127%2C960&#038;ssl=1\" src=\"https:\/\/i0.wp.com\/le-fort.org\/cocina\/wp-content\/uploads\/2017\/10\/IMG_0343-1.jpg?w=376&#038;h=320&#038;ssl=1\" srcset=\"https:\/\/i0.wp.com\/le-fort.org\/cocina\/wp-content\/uploads\/2017\/10\/IMG_0343-1.jpg?w=1280&amp;ssl=1 1280w, https:\/\/i0.wp.com\/le-fort.org\/cocina\/wp-content\/uploads\/2017\/10\/IMG_0343-1.jpg?resize=600%2C511&amp;ssl=1 600w, https:\/\/i0.wp.com\/le-fort.org\/cocina\/wp-content\/uploads\/2017\/10\/IMG_0343-1.jpg?resize=1127%2C960&amp;ssl=1 1127w\" width=\"376\" height=\"320\" loading=\"lazy\" data-original-width=\"376\" data-original-height=\"320\" itemprop=\"http:\/\/schema.org\/image\" title=\"IMG_0343 1\" alt=\"D\u00eda del Chef 2017\" style=\"width: 376px; height: 320px;\" \/> <\/a> <div class=\"tiled-gallery-caption\" itemprop=\"caption description\"> D\u00eda del Chef 2017 <\/div> <\/div> <\/div> <!-- close group --> <\/div> <!-- close row --> <div class=\"gallery-row\" style=\"width: 1200px; height: 423px;\" data-original-width=\"1200\" data-original-height=\"423\" > <div class=\"gallery-group images-1\" style=\"width: 284px; height: 423px;\" data-original-width=\"284\" data-original-height=\"423\" > <div class=\"tiled-gallery-item tiled-gallery-item-large\" itemprop=\"associatedMedia\" itemscope itemtype=\"http:\/\/schema.org\/ImageObject\"> <a href=\"https:\/\/le-fort.org\/cocina\/dia-internacional-del-chef-2017\/img_9760\/\" border=\"0\" itemprop=\"url\"> <meta itemprop=\"width\" content=\"280\"> <meta itemprop=\"height\" content=\"419\"> <img decoding=\"async\" class=\"\" data-attachment-id=\"9899\" data-orig-file=\"https:\/\/le-fort.org\/cocina\/wp-content\/uploads\/2017\/10\/IMG_9760.jpg\" data-orig-size=\"854,1280\" data-comments-opened=\"\" data-image-meta=\"{&quot;aperture&quot;:&quot;5.6&quot;,&quot;credit&quot;:&quot;Picasa&quot;,&quot;camera&quot;:&quot;Canon EOS REBEL SL1&quot;,&quot;caption&quot;:&quot;&quot;,&quot;created_timestamp&quot;:&quot;1508489798&quot;,&quot;copyright&quot;:&quot;Le-Fort.Org 2017&quot;,&quot;focal_length&quot;:&quot;63&quot;,&quot;iso&quot;:&quot;100&quot;,&quot;shutter_speed&quot;:&quot;0.01&quot;,&quot;title&quot;:&quot;&quot;,&quot;orientation&quot;:&quot;1&quot;}\" data-image-title=\"IMG_9760\" data-image-description=\"\" data-medium-file=\"https:\/\/i0.wp.com\/le-fort.org\/cocina\/wp-content\/uploads\/2017\/10\/IMG_9760.jpg?fit=400%2C600&#038;ssl=1\" data-large-file=\"https:\/\/i0.wp.com\/le-fort.org\/cocina\/wp-content\/uploads\/2017\/10\/IMG_9760.jpg?fit=641%2C960&#038;ssl=1\" src=\"https:\/\/i0.wp.com\/le-fort.org\/cocina\/wp-content\/uploads\/2017\/10\/IMG_9760.jpg?w=280&#038;h=419&#038;ssl=1\" srcset=\"https:\/\/i0.wp.com\/le-fort.org\/cocina\/wp-content\/uploads\/2017\/10\/IMG_9760.jpg?w=854&amp;ssl=1 854w, https:\/\/i0.wp.com\/le-fort.org\/cocina\/wp-content\/uploads\/2017\/10\/IMG_9760.jpg?resize=400%2C600&amp;ssl=1 400w, https:\/\/i0.wp.com\/le-fort.org\/cocina\/wp-content\/uploads\/2017\/10\/IMG_9760.jpg?resize=641%2C960&amp;ssl=1 641w\" width=\"280\" height=\"419\" loading=\"lazy\" data-original-width=\"280\" data-original-height=\"419\" itemprop=\"http:\/\/schema.org\/image\" title=\"IMG_9760\" alt=\"D\u00eda del Chef 2017\" style=\"width: 280px; height: 419px;\" \/> <\/a> <div class=\"tiled-gallery-caption\" itemprop=\"caption description\"> D\u00eda del Chef 2017 <\/div> <\/div> <\/div> <!-- close group --> <div class=\"gallery-group images-1\" style=\"width: 284px; height: 423px;\" data-original-width=\"284\" data-original-height=\"423\" > <div class=\"tiled-gallery-item tiled-gallery-item-large\" itemprop=\"associatedMedia\" itemscope itemtype=\"http:\/\/schema.org\/ImageObject\"> <a href=\"https:\/\/le-fort.org\/cocina\/dia-internacional-del-chef-2017\/img_0085-1\/\" border=\"0\" itemprop=\"url\"> <meta itemprop=\"width\" content=\"280\"> <meta itemprop=\"height\" content=\"419\"> <img decoding=\"async\" class=\"\" data-attachment-id=\"9873\" data-orig-file=\"https:\/\/le-fort.org\/cocina\/wp-content\/uploads\/2017\/10\/IMG_0085-1.jpg\" data-orig-size=\"854,1280\" data-comments-opened=\"\" data-image-meta=\"{&quot;aperture&quot;:&quot;5&quot;,&quot;credit&quot;:&quot;Picasa&quot;,&quot;camera&quot;:&quot;Canon EOS REBEL SL1&quot;,&quot;caption&quot;:&quot;&quot;,&quot;created_timestamp&quot;:&quot;1508494877&quot;,&quot;copyright&quot;:&quot;Le-Fort.Org 2017&quot;,&quot;focal_length&quot;:&quot;63&quot;,&quot;iso&quot;:&quot;320&quot;,&quot;shutter_speed&quot;:&quot;0.0125&quot;,&quot;title&quot;:&quot;&quot;,&quot;orientation&quot;:&quot;1&quot;}\" data-image-title=\"IMG_0085 1\" data-image-description=\"\" data-medium-file=\"https:\/\/i0.wp.com\/le-fort.org\/cocina\/wp-content\/uploads\/2017\/10\/IMG_0085-1.jpg?fit=400%2C600&#038;ssl=1\" data-large-file=\"https:\/\/i0.wp.com\/le-fort.org\/cocina\/wp-content\/uploads\/2017\/10\/IMG_0085-1.jpg?fit=641%2C960&#038;ssl=1\" src=\"https:\/\/i0.wp.com\/le-fort.org\/cocina\/wp-content\/uploads\/2017\/10\/IMG_0085-1.jpg?w=280&#038;h=419&#038;ssl=1\" srcset=\"https:\/\/i0.wp.com\/le-fort.org\/cocina\/wp-content\/uploads\/2017\/10\/IMG_0085-1.jpg?w=854&amp;ssl=1 854w, https:\/\/i0.wp.com\/le-fort.org\/cocina\/wp-content\/uploads\/2017\/10\/IMG_0085-1.jpg?resize=400%2C600&amp;ssl=1 400w, https:\/\/i0.wp.com\/le-fort.org\/cocina\/wp-content\/uploads\/2017\/10\/IMG_0085-1.jpg?resize=641%2C960&amp;ssl=1 641w\" width=\"280\" height=\"419\" loading=\"lazy\" data-original-width=\"280\" data-original-height=\"419\" itemprop=\"http:\/\/schema.org\/image\" title=\"IMG_0085 1\" alt=\"D\u00eda del Chef 2017\" style=\"width: 280px; height: 419px;\" \/> <\/a> <div class=\"tiled-gallery-caption\" itemprop=\"caption description\"> D\u00eda del Chef 2017 <\/div> <\/div> <\/div> <!-- close group --> <div class=\"gallery-group images-1\" style=\"width: 632px; height: 423px;\" data-original-width=\"632\" data-original-height=\"423\" > <div class=\"tiled-gallery-item tiled-gallery-item-large\" itemprop=\"associatedMedia\" itemscope itemtype=\"http:\/\/schema.org\/ImageObject\"> <a href=\"https:\/\/le-fort.org\/cocina\/dia-internacional-del-chef-2017\/img_9746\/\" border=\"0\" itemprop=\"url\"> <meta itemprop=\"width\" content=\"628\"> <meta itemprop=\"height\" content=\"419\"> <img decoding=\"async\" class=\"\" data-attachment-id=\"9894\" data-orig-file=\"https:\/\/le-fort.org\/cocina\/wp-content\/uploads\/2017\/10\/IMG_9746.jpg\" data-orig-size=\"1280,854\" data-comments-opened=\"\" data-image-meta=\"{&quot;aperture&quot;:&quot;4.5&quot;,&quot;credit&quot;:&quot;Picasa&quot;,&quot;camera&quot;:&quot;Canon EOS REBEL SL1&quot;,&quot;caption&quot;:&quot;&quot;,&quot;created_timestamp&quot;:&quot;1508489520&quot;,&quot;copyright&quot;:&quot;Le-Fort.Org 2017&quot;,&quot;focal_length&quot;:&quot;18&quot;,&quot;iso&quot;:&quot;100&quot;,&quot;shutter_speed&quot;:&quot;0.02&quot;,&quot;title&quot;:&quot;&quot;,&quot;orientation&quot;:&quot;1&quot;}\" data-image-title=\"IMG_9746\" data-image-description=\"\" data-medium-file=\"https:\/\/i0.wp.com\/le-fort.org\/cocina\/wp-content\/uploads\/2017\/10\/IMG_9746.jpg?fit=600%2C400&#038;ssl=1\" data-large-file=\"https:\/\/i0.wp.com\/le-fort.org\/cocina\/wp-content\/uploads\/2017\/10\/IMG_9746.jpg?fit=1200%2C801&#038;ssl=1\" src=\"https:\/\/i0.wp.com\/le-fort.org\/cocina\/wp-content\/uploads\/2017\/10\/IMG_9746.jpg?w=628&#038;h=419&#038;ssl=1\" srcset=\"https:\/\/i0.wp.com\/le-fort.org\/cocina\/wp-content\/uploads\/2017\/10\/IMG_9746.jpg?w=1280&amp;ssl=1 1280w, https:\/\/i0.wp.com\/le-fort.org\/cocina\/wp-content\/uploads\/2017\/10\/IMG_9746.jpg?resize=600%2C400&amp;ssl=1 600w\" width=\"628\" height=\"419\" loading=\"lazy\" data-original-width=\"628\" data-original-height=\"419\" itemprop=\"http:\/\/schema.org\/image\" title=\"IMG_9746\" alt=\"D\u00eda del Chef 2017\" style=\"width: 628px; height: 419px;\" \/> <\/a> <div class=\"tiled-gallery-caption\" itemprop=\"caption description\"> D\u00eda del Chef 2017 <\/div> <\/div> <\/div> <!-- close group --> <\/div> <!-- close row --> <div class=\"gallery-row\" style=\"width: 1200px; height: 536px;\" data-original-width=\"1200\" data-original-height=\"536\" > <div class=\"gallery-group images-1\" style=\"width: 801px; height: 536px;\" data-original-width=\"801\" data-original-height=\"536\" > <div class=\"tiled-gallery-item tiled-gallery-item-large\" itemprop=\"associatedMedia\" itemscope itemtype=\"http:\/\/schema.org\/ImageObject\"> <a href=\"https:\/\/le-fort.org\/cocina\/dia-internacional-del-chef-2017\/img_9874-1\/\" border=\"0\" itemprop=\"url\"> <meta itemprop=\"width\" content=\"797\"> <meta itemprop=\"height\" content=\"532\"> <img decoding=\"async\" class=\"\" data-attachment-id=\"9910\" data-orig-file=\"https:\/\/le-fort.org\/cocina\/wp-content\/uploads\/2017\/10\/IMG_9874-1.jpg\" data-orig-size=\"1280,854\" data-comments-opened=\"\" data-image-meta=\"{&quot;aperture&quot;:&quot;5&quot;,&quot;credit&quot;:&quot;Picasa&quot;,&quot;camera&quot;:&quot;Canon EOS REBEL SL1&quot;,&quot;caption&quot;:&quot;&quot;,&quot;created_timestamp&quot;:&quot;1508492130&quot;,&quot;copyright&quot;:&quot;Le-Fort.Org 2017&quot;,&quot;focal_length&quot;:&quot;63&quot;,&quot;iso&quot;:&quot;500&quot;,&quot;shutter_speed&quot;:&quot;0.0125&quot;,&quot;title&quot;:&quot;&quot;,&quot;orientation&quot;:&quot;1&quot;}\" data-image-title=\"IMG_9874 1\" data-image-description=\"\" data-medium-file=\"https:\/\/i0.wp.com\/le-fort.org\/cocina\/wp-content\/uploads\/2017\/10\/IMG_9874-1.jpg?fit=600%2C400&#038;ssl=1\" data-large-file=\"https:\/\/i0.wp.com\/le-fort.org\/cocina\/wp-content\/uploads\/2017\/10\/IMG_9874-1.jpg?fit=1200%2C801&#038;ssl=1\" src=\"https:\/\/i0.wp.com\/le-fort.org\/cocina\/wp-content\/uploads\/2017\/10\/IMG_9874-1.jpg?w=797&#038;h=532&#038;ssl=1\" srcset=\"https:\/\/i0.wp.com\/le-fort.org\/cocina\/wp-content\/uploads\/2017\/10\/IMG_9874-1.jpg?w=1280&amp;ssl=1 1280w, https:\/\/i0.wp.com\/le-fort.org\/cocina\/wp-content\/uploads\/2017\/10\/IMG_9874-1.jpg?resize=600%2C400&amp;ssl=1 600w\" width=\"797\" height=\"532\" loading=\"lazy\" data-original-width=\"797\" data-original-height=\"532\" itemprop=\"http:\/\/schema.org\/image\" title=\"IMG_9874 1\" alt=\"D\u00eda del Chef 2017\" style=\"width: 797px; height: 532px;\" \/> <\/a> <div class=\"tiled-gallery-caption\" itemprop=\"caption description\"> D\u00eda del Chef 2017 <\/div> <\/div> <\/div> <!-- close group --> <div class=\"gallery-group images-2\" style=\"width: 399px; height: 536px;\" data-original-width=\"399\" data-original-height=\"536\" > <div class=\"tiled-gallery-item tiled-gallery-item-large\" itemprop=\"associatedMedia\" itemscope itemtype=\"http:\/\/schema.org\/ImageObject\"> <a href=\"https:\/\/le-fort.org\/cocina\/dia-internacional-del-chef-2017\/img_0244-1\/\" border=\"0\" itemprop=\"url\"> <meta itemprop=\"width\" content=\"395\"> <meta itemprop=\"height\" content=\"264\"> <img decoding=\"async\" class=\"\" data-attachment-id=\"9879\" data-orig-file=\"https:\/\/le-fort.org\/cocina\/wp-content\/uploads\/2017\/10\/IMG_0244-1.jpg\" data-orig-size=\"1280,854\" data-comments-opened=\"\" data-image-meta=\"{&quot;aperture&quot;:&quot;5.6&quot;,&quot;credit&quot;:&quot;Picasa&quot;,&quot;camera&quot;:&quot;Canon EOS REBEL SL1&quot;,&quot;caption&quot;:&quot;&quot;,&quot;created_timestamp&quot;:&quot;1508498242&quot;,&quot;copyright&quot;:&quot;Le-Fort.Org 2017&quot;,&quot;focal_length&quot;:&quot;95&quot;,&quot;iso&quot;:&quot;640&quot;,&quot;shutter_speed&quot;:&quot;0.00625&quot;,&quot;title&quot;:&quot;&quot;,&quot;orientation&quot;:&quot;1&quot;}\" data-image-title=\"IMG_0244 1\" data-image-description=\"\" data-medium-file=\"https:\/\/i0.wp.com\/le-fort.org\/cocina\/wp-content\/uploads\/2017\/10\/IMG_0244-1.jpg?fit=600%2C400&#038;ssl=1\" data-large-file=\"https:\/\/i0.wp.com\/le-fort.org\/cocina\/wp-content\/uploads\/2017\/10\/IMG_0244-1.jpg?fit=1200%2C801&#038;ssl=1\" src=\"https:\/\/i0.wp.com\/le-fort.org\/cocina\/wp-content\/uploads\/2017\/10\/IMG_0244-1.jpg?w=395&#038;h=264&#038;ssl=1\" srcset=\"https:\/\/i0.wp.com\/le-fort.org\/cocina\/wp-content\/uploads\/2017\/10\/IMG_0244-1.jpg?w=1280&amp;ssl=1 1280w, https:\/\/i0.wp.com\/le-fort.org\/cocina\/wp-content\/uploads\/2017\/10\/IMG_0244-1.jpg?resize=600%2C400&amp;ssl=1 600w\" width=\"395\" height=\"264\" loading=\"lazy\" data-original-width=\"395\" data-original-height=\"264\" itemprop=\"http:\/\/schema.org\/image\" title=\"IMG_0244 1\" alt=\"D\u00eda del Chef 2017\" style=\"width: 395px; height: 264px;\" \/> <\/a> <div class=\"tiled-gallery-caption\" itemprop=\"caption description\"> D\u00eda del Chef 2017 <\/div> <\/div> <div class=\"tiled-gallery-item tiled-gallery-item-large\" itemprop=\"associatedMedia\" itemscope itemtype=\"http:\/\/schema.org\/ImageObject\"> <a href=\"https:\/\/le-fort.org\/cocina\/dia-internacional-del-chef-2017\/img_9845-1\/\" border=\"0\" itemprop=\"url\"> <meta itemprop=\"width\" content=\"395\"> <meta itemprop=\"height\" content=\"264\"> <img decoding=\"async\" class=\"\" data-attachment-id=\"9907\" data-orig-file=\"https:\/\/le-fort.org\/cocina\/wp-content\/uploads\/2017\/10\/IMG_9845-1.jpg\" data-orig-size=\"1280,854\" data-comments-opened=\"\" data-image-meta=\"{&quot;aperture&quot;:&quot;6.3&quot;,&quot;credit&quot;:&quot;Picasa&quot;,&quot;camera&quot;:&quot;Canon EOS REBEL SL1&quot;,&quot;caption&quot;:&quot;&quot;,&quot;created_timestamp&quot;:&quot;1508491749&quot;,&quot;copyright&quot;:&quot;Le-Fort.Org 2017&quot;,&quot;focal_length&quot;:&quot;178&quot;,&quot;iso&quot;:&quot;1600&quot;,&quot;shutter_speed&quot;:&quot;0.005&quot;,&quot;title&quot;:&quot;&quot;,&quot;orientation&quot;:&quot;1&quot;}\" data-image-title=\"IMG_9845 1\" data-image-description=\"\" data-medium-file=\"https:\/\/i0.wp.com\/le-fort.org\/cocina\/wp-content\/uploads\/2017\/10\/IMG_9845-1.jpg?fit=600%2C400&#038;ssl=1\" data-large-file=\"https:\/\/i0.wp.com\/le-fort.org\/cocina\/wp-content\/uploads\/2017\/10\/IMG_9845-1.jpg?fit=1200%2C801&#038;ssl=1\" src=\"https:\/\/i0.wp.com\/le-fort.org\/cocina\/wp-content\/uploads\/2017\/10\/IMG_9845-1.jpg?w=395&#038;h=264&#038;ssl=1\" srcset=\"https:\/\/i0.wp.com\/le-fort.org\/cocina\/wp-content\/uploads\/2017\/10\/IMG_9845-1.jpg?w=1280&amp;ssl=1 1280w, https:\/\/i0.wp.com\/le-fort.org\/cocina\/wp-content\/uploads\/2017\/10\/IMG_9845-1.jpg?resize=600%2C400&amp;ssl=1 600w\" width=\"395\" height=\"264\" loading=\"lazy\" data-original-width=\"395\" data-original-height=\"264\" itemprop=\"http:\/\/schema.org\/image\" title=\"IMG_9845 1\" alt=\"D\u00eda del Chef 2017\" style=\"width: 395px; height: 264px;\" \/> <\/a> <div class=\"tiled-gallery-caption\" itemprop=\"caption description\"> D\u00eda del Chef 2017 <\/div> <\/div> <\/div> <!-- close group --> <\/div> <!-- close row --> <div class=\"gallery-row\" style=\"width: 1200px; height: 536px;\" data-original-width=\"1200\" data-original-height=\"536\" > <div class=\"gallery-group images-2\" style=\"width: 399px; height: 536px;\" data-original-width=\"399\" data-original-height=\"536\" > <div class=\"tiled-gallery-item tiled-gallery-item-large\" itemprop=\"associatedMedia\" itemscope itemtype=\"http:\/\/schema.org\/ImageObject\"> <a href=\"https:\/\/le-fort.org\/cocina\/dia-internacional-del-chef-2017\/img_9728\/\" border=\"0\" itemprop=\"url\"> <meta itemprop=\"width\" content=\"395\"> <meta itemprop=\"height\" content=\"264\"> <img decoding=\"async\" class=\"\" data-attachment-id=\"9888\" data-orig-file=\"https:\/\/le-fort.org\/cocina\/wp-content\/uploads\/2017\/10\/IMG_9728.jpg\" data-orig-size=\"1280,854\" data-comments-opened=\"\" data-image-meta=\"{&quot;aperture&quot;:&quot;3.5&quot;,&quot;credit&quot;:&quot;Picasa&quot;,&quot;camera&quot;:&quot;Canon EOS REBEL SL1&quot;,&quot;caption&quot;:&quot;&quot;,&quot;created_timestamp&quot;:&quot;1508484878&quot;,&quot;copyright&quot;:&quot;Le-Fort.Org 2017&quot;,&quot;focal_length&quot;:&quot;18&quot;,&quot;iso&quot;:&quot;250&quot;,&quot;shutter_speed&quot;:&quot;0.025&quot;,&quot;title&quot;:&quot;&quot;,&quot;orientation&quot;:&quot;1&quot;}\" data-image-title=\"IMG_9728\" data-image-description=\"\" data-medium-file=\"https:\/\/i0.wp.com\/le-fort.org\/cocina\/wp-content\/uploads\/2017\/10\/IMG_9728.jpg?fit=600%2C400&#038;ssl=1\" data-large-file=\"https:\/\/i0.wp.com\/le-fort.org\/cocina\/wp-content\/uploads\/2017\/10\/IMG_9728.jpg?fit=1200%2C801&#038;ssl=1\" src=\"https:\/\/i0.wp.com\/le-fort.org\/cocina\/wp-content\/uploads\/2017\/10\/IMG_9728.jpg?w=395&#038;h=264&#038;ssl=1\" srcset=\"https:\/\/i0.wp.com\/le-fort.org\/cocina\/wp-content\/uploads\/2017\/10\/IMG_9728.jpg?w=1280&amp;ssl=1 1280w, https:\/\/i0.wp.com\/le-fort.org\/cocina\/wp-content\/uploads\/2017\/10\/IMG_9728.jpg?resize=600%2C400&amp;ssl=1 600w\" width=\"395\" height=\"264\" loading=\"lazy\" data-original-width=\"395\" data-original-height=\"264\" itemprop=\"http:\/\/schema.org\/image\" title=\"IMG_9728\" alt=\"D\u00eda del Chef 2017\" style=\"width: 395px; height: 264px;\" \/> <\/a> <div class=\"tiled-gallery-caption\" itemprop=\"caption description\"> D\u00eda del Chef 2017 <\/div> <\/div> <div class=\"tiled-gallery-item tiled-gallery-item-large\" itemprop=\"associatedMedia\" itemscope itemtype=\"http:\/\/schema.org\/ImageObject\"> <a href=\"https:\/\/le-fort.org\/cocina\/dia-internacional-del-chef-2017\/img_0013-1\/\" border=\"0\" itemprop=\"url\"> <meta itemprop=\"width\" content=\"395\"> <meta itemprop=\"height\" content=\"264\"> <img decoding=\"async\" class=\"\" data-attachment-id=\"9869\" data-orig-file=\"https:\/\/le-fort.org\/cocina\/wp-content\/uploads\/2017\/10\/IMG_0013-1.jpg\" data-orig-size=\"1280,854\" data-comments-opened=\"\" data-image-meta=\"{&quot;aperture&quot;:&quot;4&quot;,&quot;credit&quot;:&quot;Picasa&quot;,&quot;camera&quot;:&quot;Canon EOS REBEL SL1&quot;,&quot;caption&quot;:&quot;&quot;,&quot;created_timestamp&quot;:&quot;1508494459&quot;,&quot;copyright&quot;:&quot;Le-Fort.Org 2017&quot;,&quot;focal_length&quot;:&quot;18&quot;,&quot;iso&quot;:&quot;100&quot;,&quot;shutter_speed&quot;:&quot;0.02&quot;,&quot;title&quot;:&quot;&quot;,&quot;orientation&quot;:&quot;1&quot;}\" data-image-title=\"IMG_0013 1\" data-image-description=\"\" data-medium-file=\"https:\/\/i0.wp.com\/le-fort.org\/cocina\/wp-content\/uploads\/2017\/10\/IMG_0013-1.jpg?fit=600%2C400&#038;ssl=1\" data-large-file=\"https:\/\/i0.wp.com\/le-fort.org\/cocina\/wp-content\/uploads\/2017\/10\/IMG_0013-1.jpg?fit=1200%2C801&#038;ssl=1\" src=\"https:\/\/i0.wp.com\/le-fort.org\/cocina\/wp-content\/uploads\/2017\/10\/IMG_0013-1.jpg?w=395&#038;h=264&#038;ssl=1\" srcset=\"https:\/\/i0.wp.com\/le-fort.org\/cocina\/wp-content\/uploads\/2017\/10\/IMG_0013-1.jpg?w=1280&amp;ssl=1 1280w, https:\/\/i0.wp.com\/le-fort.org\/cocina\/wp-content\/uploads\/2017\/10\/IMG_0013-1.jpg?resize=600%2C400&amp;ssl=1 600w\" width=\"395\" height=\"264\" loading=\"lazy\" data-original-width=\"395\" data-original-height=\"264\" itemprop=\"http:\/\/schema.org\/image\" title=\"IMG_0013 1\" alt=\"D\u00eda del Chef 2017\" style=\"width: 395px; height: 264px;\" \/> <\/a> <div class=\"tiled-gallery-caption\" itemprop=\"caption description\"> D\u00eda del Chef 2017 <\/div> <\/div> <\/div> <!-- close group --> <div class=\"gallery-group images-1\" style=\"width: 801px; height: 536px;\" data-original-width=\"801\" data-original-height=\"536\" > <div class=\"tiled-gallery-item tiled-gallery-item-large\" itemprop=\"associatedMedia\" itemscope itemtype=\"http:\/\/schema.org\/ImageObject\"> <a href=\"https:\/\/le-fort.org\/cocina\/dia-internacional-del-chef-2017\/img_9827-1\/\" border=\"0\" itemprop=\"url\"> <meta itemprop=\"width\" content=\"797\"> <meta itemprop=\"height\" content=\"532\"> <img decoding=\"async\" class=\"\" data-attachment-id=\"9904\" data-orig-file=\"https:\/\/le-fort.org\/cocina\/wp-content\/uploads\/2017\/10\/IMG_9827-1.jpg\" data-orig-size=\"1280,854\" data-comments-opened=\"\" data-image-meta=\"{&quot;aperture&quot;:&quot;6.3&quot;,&quot;credit&quot;:&quot;Picasa&quot;,&quot;camera&quot;:&quot;Canon EOS REBEL SL1&quot;,&quot;caption&quot;:&quot;&quot;,&quot;created_timestamp&quot;:&quot;1508491456&quot;,&quot;copyright&quot;:&quot;Le-Fort.Org 2017&quot;,&quot;focal_length&quot;:&quot;210&quot;,&quot;iso&quot;:&quot;800&quot;,&quot;shutter_speed&quot;:&quot;0.003125&quot;,&quot;title&quot;:&quot;&quot;,&quot;orientation&quot;:&quot;1&quot;}\" data-image-title=\"IMG_9827 1\" data-image-description=\"\" data-medium-file=\"https:\/\/i0.wp.com\/le-fort.org\/cocina\/wp-content\/uploads\/2017\/10\/IMG_9827-1.jpg?fit=600%2C400&#038;ssl=1\" data-large-file=\"https:\/\/i0.wp.com\/le-fort.org\/cocina\/wp-content\/uploads\/2017\/10\/IMG_9827-1.jpg?fit=1200%2C801&#038;ssl=1\" src=\"https:\/\/i0.wp.com\/le-fort.org\/cocina\/wp-content\/uploads\/2017\/10\/IMG_9827-1.jpg?w=797&#038;h=532&#038;ssl=1\" srcset=\"https:\/\/i0.wp.com\/le-fort.org\/cocina\/wp-content\/uploads\/2017\/10\/IMG_9827-1.jpg?w=1280&amp;ssl=1 1280w, https:\/\/i0.wp.com\/le-fort.org\/cocina\/wp-content\/uploads\/2017\/10\/IMG_9827-1.jpg?resize=600%2C400&amp;ssl=1 600w\" width=\"797\" height=\"532\" loading=\"lazy\" data-original-width=\"797\" data-original-height=\"532\" itemprop=\"http:\/\/schema.org\/image\" title=\"IMG_9827 1\" alt=\"D\u00eda del Chef 2017\" style=\"width: 797px; height: 532px;\" \/> <\/a> <div class=\"tiled-gallery-caption\" itemprop=\"caption description\"> D\u00eda del Chef 2017 <\/div> <\/div> <\/div> <!-- close group --> <\/div> <!-- close row --> <div class=\"gallery-row\" style=\"width: 1200px; height: 402px;\" data-original-width=\"1200\" data-original-height=\"402\" > <div class=\"gallery-group images-1\" style=\"width: 600px; height: 402px;\" data-original-width=\"600\" data-original-height=\"402\" > <div class=\"tiled-gallery-item tiled-gallery-item-large\" itemprop=\"associatedMedia\" itemscope itemtype=\"http:\/\/schema.org\/ImageObject\"> <a href=\"https:\/\/le-fort.org\/cocina\/dia-internacional-del-chef-2017\/img_9744\/\" border=\"0\" itemprop=\"url\"> <meta itemprop=\"width\" content=\"596\"> <meta itemprop=\"height\" content=\"398\"> <img decoding=\"async\" class=\"\" data-attachment-id=\"9893\" data-orig-file=\"https:\/\/le-fort.org\/cocina\/wp-content\/uploads\/2017\/10\/IMG_9744.jpg\" data-orig-size=\"1280,854\" data-comments-opened=\"\" data-image-meta=\"{&quot;aperture&quot;:&quot;4.5&quot;,&quot;credit&quot;:&quot;Picasa&quot;,&quot;camera&quot;:&quot;Canon EOS REBEL SL1&quot;,&quot;caption&quot;:&quot;&quot;,&quot;created_timestamp&quot;:&quot;1508489493&quot;,&quot;copyright&quot;:&quot;Le-Fort.Org 2017&quot;,&quot;focal_length&quot;:&quot;43&quot;,&quot;iso&quot;:&quot;320&quot;,&quot;shutter_speed&quot;:&quot;0.016666666666667&quot;,&quot;title&quot;:&quot;&quot;,&quot;orientation&quot;:&quot;1&quot;}\" data-image-title=\"IMG_9744\" data-image-description=\"\" data-medium-file=\"https:\/\/i0.wp.com\/le-fort.org\/cocina\/wp-content\/uploads\/2017\/10\/IMG_9744.jpg?fit=600%2C400&#038;ssl=1\" data-large-file=\"https:\/\/i0.wp.com\/le-fort.org\/cocina\/wp-content\/uploads\/2017\/10\/IMG_9744.jpg?fit=1200%2C801&#038;ssl=1\" src=\"https:\/\/i0.wp.com\/le-fort.org\/cocina\/wp-content\/uploads\/2017\/10\/IMG_9744.jpg?w=596&#038;h=398&#038;ssl=1\" srcset=\"https:\/\/i0.wp.com\/le-fort.org\/cocina\/wp-content\/uploads\/2017\/10\/IMG_9744.jpg?w=1280&amp;ssl=1 1280w, https:\/\/i0.wp.com\/le-fort.org\/cocina\/wp-content\/uploads\/2017\/10\/IMG_9744.jpg?resize=600%2C400&amp;ssl=1 600w\" width=\"596\" height=\"398\" loading=\"lazy\" data-original-width=\"596\" data-original-height=\"398\" itemprop=\"http:\/\/schema.org\/image\" title=\"IMG_9744\" alt=\"D\u00eda del Chef 2017\" style=\"width: 596px; height: 398px;\" \/> <\/a> <div class=\"tiled-gallery-caption\" itemprop=\"caption description\"> D\u00eda del Chef 2017 <\/div> <\/div> <\/div> <!-- close group --> <div class=\"gallery-group images-1\" style=\"width: 600px; height: 402px;\" data-original-width=\"600\" data-original-height=\"402\" > <div class=\"tiled-gallery-item tiled-gallery-item-large\" itemprop=\"associatedMedia\" itemscope itemtype=\"http:\/\/schema.org\/ImageObject\"> <a href=\"https:\/\/le-fort.org\/cocina\/dia-internacional-del-chef-2017\/img_0334-1\/\" border=\"0\" itemprop=\"url\"> <meta itemprop=\"width\" content=\"596\"> <meta itemprop=\"height\" content=\"398\"> <img decoding=\"async\" class=\"\" data-attachment-id=\"9885\" data-orig-file=\"https:\/\/le-fort.org\/cocina\/wp-content\/uploads\/2017\/10\/IMG_0334-1.jpg\" data-orig-size=\"1280,854\" data-comments-opened=\"\" data-image-meta=\"{&quot;aperture&quot;:&quot;4&quot;,&quot;credit&quot;:&quot;Picasa&quot;,&quot;camera&quot;:&quot;Canon EOS REBEL SL1&quot;,&quot;caption&quot;:&quot;&quot;,&quot;created_timestamp&quot;:&quot;1508500624&quot;,&quot;copyright&quot;:&quot;Le-Fort.Org 2017&quot;,&quot;focal_length&quot;:&quot;18&quot;,&quot;iso&quot;:&quot;100&quot;,&quot;shutter_speed&quot;:&quot;0.025&quot;,&quot;title&quot;:&quot;&quot;,&quot;orientation&quot;:&quot;1&quot;}\" data-image-title=\"IMG_0334 1\" data-image-description=\"\" data-medium-file=\"https:\/\/i0.wp.com\/le-fort.org\/cocina\/wp-content\/uploads\/2017\/10\/IMG_0334-1.jpg?fit=600%2C400&#038;ssl=1\" data-large-file=\"https:\/\/i0.wp.com\/le-fort.org\/cocina\/wp-content\/uploads\/2017\/10\/IMG_0334-1.jpg?fit=1200%2C801&#038;ssl=1\" src=\"https:\/\/i0.wp.com\/le-fort.org\/cocina\/wp-content\/uploads\/2017\/10\/IMG_0334-1.jpg?w=596&#038;h=398&#038;ssl=1\" srcset=\"https:\/\/i0.wp.com\/le-fort.org\/cocina\/wp-content\/uploads\/2017\/10\/IMG_0334-1.jpg?w=1280&amp;ssl=1 1280w, https:\/\/i0.wp.com\/le-fort.org\/cocina\/wp-content\/uploads\/2017\/10\/IMG_0334-1.jpg?resize=600%2C400&amp;ssl=1 600w\" width=\"596\" height=\"398\" loading=\"lazy\" data-original-width=\"596\" data-original-height=\"398\" itemprop=\"http:\/\/schema.org\/image\" title=\"IMG_0334 1\" alt=\"D\u00eda del Chef 2017\" style=\"width: 596px; height: 398px;\" \/> <\/a> <div class=\"tiled-gallery-caption\" itemprop=\"caption description\"> D\u00eda del Chef 2017 <\/div> <\/div> <\/div> <!-- close group --> <\/div> <!-- close row --> <div class=\"gallery-row\" style=\"width: 1200px; height: 328px;\" data-original-width=\"1200\" data-original-height=\"328\" > <div class=\"gallery-group images-1\" style=\"width: 490px; height: 328px;\" data-original-width=\"490\" data-original-height=\"328\" > <div class=\"tiled-gallery-item tiled-gallery-item-large\" itemprop=\"associatedMedia\" itemscope itemtype=\"http:\/\/schema.org\/ImageObject\"> <a href=\"https:\/\/le-fort.org\/cocina\/dia-internacional-del-chef-2017\/img_0228-1\/\" border=\"0\" itemprop=\"url\"> <meta itemprop=\"width\" content=\"486\"> <meta itemprop=\"height\" content=\"324\"> <img decoding=\"async\" class=\"\" data-attachment-id=\"9878\" data-orig-file=\"https:\/\/le-fort.org\/cocina\/wp-content\/uploads\/2017\/10\/IMG_0228-1.jpg\" data-orig-size=\"1280,854\" data-comments-opened=\"\" data-image-meta=\"{&quot;aperture&quot;:&quot;6.3&quot;,&quot;credit&quot;:&quot;Picasa&quot;,&quot;camera&quot;:&quot;Canon EOS REBEL SL1&quot;,&quot;caption&quot;:&quot;&quot;,&quot;created_timestamp&quot;:&quot;1508496813&quot;,&quot;copyright&quot;:&quot;Le-Fort.Org 2017&quot;,&quot;focal_length&quot;:&quot;147&quot;,&quot;iso&quot;:&quot;1250&quot;,&quot;shutter_speed&quot;:&quot;0.005&quot;,&quot;title&quot;:&quot;&quot;,&quot;orientation&quot;:&quot;1&quot;}\" data-image-title=\"IMG_0228 1\" data-image-description=\"\" data-medium-file=\"https:\/\/i0.wp.com\/le-fort.org\/cocina\/wp-content\/uploads\/2017\/10\/IMG_0228-1.jpg?fit=600%2C400&#038;ssl=1\" data-large-file=\"https:\/\/i0.wp.com\/le-fort.org\/cocina\/wp-content\/uploads\/2017\/10\/IMG_0228-1.jpg?fit=1200%2C801&#038;ssl=1\" src=\"https:\/\/i0.wp.com\/le-fort.org\/cocina\/wp-content\/uploads\/2017\/10\/IMG_0228-1.jpg?w=486&#038;h=324&#038;ssl=1\" srcset=\"https:\/\/i0.wp.com\/le-fort.org\/cocina\/wp-content\/uploads\/2017\/10\/IMG_0228-1.jpg?w=1280&amp;ssl=1 1280w, https:\/\/i0.wp.com\/le-fort.org\/cocina\/wp-content\/uploads\/2017\/10\/IMG_0228-1.jpg?resize=600%2C400&amp;ssl=1 600w\" width=\"486\" height=\"324\" loading=\"lazy\" data-original-width=\"486\" data-original-height=\"324\" itemprop=\"http:\/\/schema.org\/image\" title=\"IMG_0228 1\" alt=\"D\u00eda del Chef 2017\" style=\"width: 486px; height: 324px;\" \/> <\/a> <div class=\"tiled-gallery-caption\" itemprop=\"caption description\"> D\u00eda del Chef 2017 <\/div> <\/div> <\/div> <!-- close group --> <div class=\"gallery-group images-1\" style=\"width: 490px; height: 328px;\" data-original-width=\"490\" data-original-height=\"328\" > <div class=\"tiled-gallery-item tiled-gallery-item-large\" itemprop=\"associatedMedia\" itemscope itemtype=\"http:\/\/schema.org\/ImageObject\"> <a href=\"https:\/\/le-fort.org\/cocina\/dia-internacional-del-chef-2017\/img_9913-1\/\" border=\"0\" itemprop=\"url\"> <meta itemprop=\"width\" content=\"486\"> <meta itemprop=\"height\" content=\"324\"> <img decoding=\"async\" class=\"\" data-attachment-id=\"9914\" data-orig-file=\"https:\/\/le-fort.org\/cocina\/wp-content\/uploads\/2017\/10\/IMG_9913-1.jpg\" data-orig-size=\"1280,854\" data-comments-opened=\"\" data-image-meta=\"{&quot;aperture&quot;:&quot;5&quot;,&quot;credit&quot;:&quot;Picasa&quot;,&quot;camera&quot;:&quot;Canon EOS REBEL SL1&quot;,&quot;caption&quot;:&quot;&quot;,&quot;created_timestamp&quot;:&quot;1508493154&quot;,&quot;copyright&quot;:&quot;Le-Fort.Org 2017&quot;,&quot;focal_length&quot;:&quot;18&quot;,&quot;iso&quot;:&quot;100&quot;,&quot;shutter_speed&quot;:&quot;0.016666666666667&quot;,&quot;title&quot;:&quot;&quot;,&quot;orientation&quot;:&quot;1&quot;}\" data-image-title=\"IMG_9913 1\" data-image-description=\"\" data-medium-file=\"https:\/\/i0.wp.com\/le-fort.org\/cocina\/wp-content\/uploads\/2017\/10\/IMG_9913-1.jpg?fit=600%2C400&#038;ssl=1\" data-large-file=\"https:\/\/i0.wp.com\/le-fort.org\/cocina\/wp-content\/uploads\/2017\/10\/IMG_9913-1.jpg?fit=1200%2C801&#038;ssl=1\" src=\"https:\/\/i0.wp.com\/le-fort.org\/cocina\/wp-content\/uploads\/2017\/10\/IMG_9913-1.jpg?w=486&#038;h=324&#038;ssl=1\" srcset=\"https:\/\/i0.wp.com\/le-fort.org\/cocina\/wp-content\/uploads\/2017\/10\/IMG_9913-1.jpg?w=1280&amp;ssl=1 1280w, https:\/\/i0.wp.com\/le-fort.org\/cocina\/wp-content\/uploads\/2017\/10\/IMG_9913-1.jpg?resize=600%2C400&amp;ssl=1 600w\" width=\"486\" height=\"324\" loading=\"lazy\" data-original-width=\"486\" data-original-height=\"324\" itemprop=\"http:\/\/schema.org\/image\" title=\"IMG_9913 1\" alt=\"D\u00eda del Chef 2017\" style=\"width: 486px; height: 324px;\" \/> <\/a> <div class=\"tiled-gallery-caption\" itemprop=\"caption description\"> D\u00eda del Chef 2017 <\/div> <\/div> <\/div> <!-- close group --> <div class=\"gallery-group images-1\" style=\"width: 220px; height: 328px;\" data-original-width=\"220\" data-original-height=\"328\" > <div class=\"tiled-gallery-item tiled-gallery-item-small\" itemprop=\"associatedMedia\" itemscope itemtype=\"http:\/\/schema.org\/ImageObject\"> <a href=\"https:\/\/le-fort.org\/cocina\/dia-internacional-del-chef-2017\/img_0251-1\/\" border=\"0\" itemprop=\"url\"> <meta itemprop=\"width\" content=\"216\"> <meta itemprop=\"height\" content=\"324\"> <img decoding=\"async\" class=\"\" data-attachment-id=\"9881\" data-orig-file=\"https:\/\/le-fort.org\/cocina\/wp-content\/uploads\/2017\/10\/IMG_0251-1.jpg\" data-orig-size=\"854,1280\" data-comments-opened=\"\" data-image-meta=\"{&quot;aperture&quot;:&quot;4.5&quot;,&quot;credit&quot;:&quot;Picasa&quot;,&quot;camera&quot;:&quot;Canon EOS REBEL SL1&quot;,&quot;caption&quot;:&quot;&quot;,&quot;created_timestamp&quot;:&quot;1508498262&quot;,&quot;copyright&quot;:&quot;Le-Fort.Org 2017&quot;,&quot;focal_length&quot;:&quot;31&quot;,&quot;iso&quot;:&quot;100&quot;,&quot;shutter_speed&quot;:&quot;0.02&quot;,&quot;title&quot;:&quot;&quot;,&quot;orientation&quot;:&quot;1&quot;}\" data-image-title=\"IMG_0251 1\" data-image-description=\"\" data-medium-file=\"https:\/\/i0.wp.com\/le-fort.org\/cocina\/wp-content\/uploads\/2017\/10\/IMG_0251-1.jpg?fit=400%2C600&#038;ssl=1\" data-large-file=\"https:\/\/i0.wp.com\/le-fort.org\/cocina\/wp-content\/uploads\/2017\/10\/IMG_0251-1.jpg?fit=641%2C960&#038;ssl=1\" src=\"https:\/\/i0.wp.com\/le-fort.org\/cocina\/wp-content\/uploads\/2017\/10\/IMG_0251-1.jpg?w=216&#038;h=324&#038;ssl=1\" srcset=\"https:\/\/i0.wp.com\/le-fort.org\/cocina\/wp-content\/uploads\/2017\/10\/IMG_0251-1.jpg?w=854&amp;ssl=1 854w, https:\/\/i0.wp.com\/le-fort.org\/cocina\/wp-content\/uploads\/2017\/10\/IMG_0251-1.jpg?resize=400%2C600&amp;ssl=1 400w, https:\/\/i0.wp.com\/le-fort.org\/cocina\/wp-content\/uploads\/2017\/10\/IMG_0251-1.jpg?resize=641%2C960&amp;ssl=1 641w\" width=\"216\" height=\"324\" loading=\"lazy\" data-original-width=\"216\" data-original-height=\"324\" itemprop=\"http:\/\/schema.org\/image\" title=\"IMG_0251 1\" alt=\"D\u00eda del Chef 2017\" style=\"width: 216px; height: 324px;\" \/> <\/a> <div class=\"tiled-gallery-caption\" itemprop=\"caption description\"> D\u00eda del Chef 2017 <\/div> <\/div> <\/div> <!-- close group --> <\/div> <!-- close row --> <div class=\"gallery-row\" style=\"width: 1200px; height: 536px;\" data-original-width=\"1200\" data-original-height=\"536\" > <div class=\"gallery-group images-1\" style=\"width: 801px; height: 536px;\" data-original-width=\"801\" data-original-height=\"536\" > <div class=\"tiled-gallery-item tiled-gallery-item-large\" itemprop=\"associatedMedia\" itemscope itemtype=\"http:\/\/schema.org\/ImageObject\"> <a href=\"https:\/\/le-fort.org\/cocina\/dia-internacional-del-chef-2017\/img_9736\/\" border=\"0\" itemprop=\"url\"> <meta itemprop=\"width\" content=\"797\"> <meta itemprop=\"height\" content=\"532\"> <img decoding=\"async\" class=\"\" data-attachment-id=\"9890\" data-orig-file=\"https:\/\/le-fort.org\/cocina\/wp-content\/uploads\/2017\/10\/IMG_9736.jpg\" data-orig-size=\"1280,854\" data-comments-opened=\"\" data-image-meta=\"{&quot;aperture&quot;:&quot;4&quot;,&quot;credit&quot;:&quot;Picasa&quot;,&quot;camera&quot;:&quot;Canon EOS REBEL SL1&quot;,&quot;caption&quot;:&quot;&quot;,&quot;created_timestamp&quot;:&quot;1508489160&quot;,&quot;copyright&quot;:&quot;Le-Fort.Org 2017&quot;,&quot;focal_length&quot;:&quot;18&quot;,&quot;iso&quot;:&quot;100&quot;,&quot;shutter_speed&quot;:&quot;0.02&quot;,&quot;title&quot;:&quot;&quot;,&quot;orientation&quot;:&quot;1&quot;}\" data-image-title=\"IMG_9736\" data-image-description=\"\" data-medium-file=\"https:\/\/i0.wp.com\/le-fort.org\/cocina\/wp-content\/uploads\/2017\/10\/IMG_9736.jpg?fit=600%2C400&#038;ssl=1\" data-large-file=\"https:\/\/i0.wp.com\/le-fort.org\/cocina\/wp-content\/uploads\/2017\/10\/IMG_9736.jpg?fit=1200%2C801&#038;ssl=1\" src=\"https:\/\/i0.wp.com\/le-fort.org\/cocina\/wp-content\/uploads\/2017\/10\/IMG_9736.jpg?w=797&#038;h=532&#038;ssl=1\" srcset=\"https:\/\/i0.wp.com\/le-fort.org\/cocina\/wp-content\/uploads\/2017\/10\/IMG_9736.jpg?w=1280&amp;ssl=1 1280w, https:\/\/i0.wp.com\/le-fort.org\/cocina\/wp-content\/uploads\/2017\/10\/IMG_9736.jpg?resize=600%2C400&amp;ssl=1 600w\" width=\"797\" height=\"532\" loading=\"lazy\" data-original-width=\"797\" data-original-height=\"532\" itemprop=\"http:\/\/schema.org\/image\" title=\"IMG_9736\" alt=\"D\u00eda del Chef 2017\" style=\"width: 797px; height: 532px;\" \/> <\/a> <div class=\"tiled-gallery-caption\" itemprop=\"caption description\"> D\u00eda del Chef 2017 <\/div> <\/div> <\/div> <!-- close group --> <div class=\"gallery-group images-2\" style=\"width: 399px; height: 536px;\" data-original-width=\"399\" data-original-height=\"536\" > <div class=\"tiled-gallery-item tiled-gallery-item-large\" itemprop=\"associatedMedia\" itemscope itemtype=\"http:\/\/schema.org\/ImageObject\"> <a href=\"https:\/\/le-fort.org\/cocina\/dia-internacional-del-chef-2017\/img_0152-1\/\" border=\"0\" itemprop=\"url\"> <meta itemprop=\"width\" content=\"395\"> <meta itemprop=\"height\" content=\"264\"> <img decoding=\"async\" class=\"\" data-attachment-id=\"9874\" data-orig-file=\"https:\/\/le-fort.org\/cocina\/wp-content\/uploads\/2017\/10\/IMG_0152-1.jpg\" data-orig-size=\"1280,854\" data-comments-opened=\"\" data-image-meta=\"{&quot;aperture&quot;:&quot;4.5&quot;,&quot;credit&quot;:&quot;Picasa&quot;,&quot;camera&quot;:&quot;Canon EOS REBEL SL1&quot;,&quot;caption&quot;:&quot;&quot;,&quot;created_timestamp&quot;:&quot;1508495364&quot;,&quot;copyright&quot;:&quot;Le-Fort.Org 2017&quot;,&quot;focal_length&quot;:&quot;18&quot;,&quot;iso&quot;:&quot;100&quot;,&quot;shutter_speed&quot;:&quot;0.02&quot;,&quot;title&quot;:&quot;&quot;,&quot;orientation&quot;:&quot;1&quot;}\" data-image-title=\"IMG_0152 1\" data-image-description=\"\" data-medium-file=\"https:\/\/i0.wp.com\/le-fort.org\/cocina\/wp-content\/uploads\/2017\/10\/IMG_0152-1.jpg?fit=600%2C400&#038;ssl=1\" data-large-file=\"https:\/\/i0.wp.com\/le-fort.org\/cocina\/wp-content\/uploads\/2017\/10\/IMG_0152-1.jpg?fit=1200%2C801&#038;ssl=1\" src=\"https:\/\/i0.wp.com\/le-fort.org\/cocina\/wp-content\/uploads\/2017\/10\/IMG_0152-1.jpg?w=395&#038;h=264&#038;ssl=1\" srcset=\"https:\/\/i0.wp.com\/le-fort.org\/cocina\/wp-content\/uploads\/2017\/10\/IMG_0152-1.jpg?w=1280&amp;ssl=1 1280w, https:\/\/i0.wp.com\/le-fort.org\/cocina\/wp-content\/uploads\/2017\/10\/IMG_0152-1.jpg?resize=600%2C400&amp;ssl=1 600w\" width=\"395\" height=\"264\" loading=\"lazy\" data-original-width=\"395\" data-original-height=\"264\" itemprop=\"http:\/\/schema.org\/image\" title=\"IMG_0152 1\" alt=\"D\u00eda del Chef 2017\" style=\"width: 395px; height: 264px;\" \/> <\/a> <div class=\"tiled-gallery-caption\" itemprop=\"caption description\"> D\u00eda del Chef 2017 <\/div> <\/div> <div class=\"tiled-gallery-item tiled-gallery-item-large\" itemprop=\"associatedMedia\" itemscope itemtype=\"http:\/\/schema.org\/ImageObject\"> <a href=\"https:\/\/le-fort.org\/cocina\/dia-internacional-del-chef-2017\/img_0348-1\/\" border=\"0\" itemprop=\"url\"> <meta itemprop=\"width\" content=\"395\"> <meta itemprop=\"height\" content=\"264\"> <img decoding=\"async\" class=\"\" data-attachment-id=\"9887\" data-orig-file=\"https:\/\/le-fort.org\/cocina\/wp-content\/uploads\/2017\/10\/IMG_0348-1.jpg\" data-orig-size=\"1280,854\" data-comments-opened=\"\" data-image-meta=\"{&quot;aperture&quot;:&quot;6.3&quot;,&quot;credit&quot;:&quot;Picasa&quot;,&quot;camera&quot;:&quot;Canon EOS REBEL SL1&quot;,&quot;caption&quot;:&quot;&quot;,&quot;created_timestamp&quot;:&quot;1508500737&quot;,&quot;copyright&quot;:&quot;Le-Fort.Org 2017&quot;,&quot;focal_length&quot;:&quot;147&quot;,&quot;iso&quot;:&quot;1600&quot;,&quot;shutter_speed&quot;:&quot;0.00625&quot;,&quot;title&quot;:&quot;&quot;,&quot;orientation&quot;:&quot;1&quot;}\" data-image-title=\"IMG_0348 1\" data-image-description=\"\" data-medium-file=\"https:\/\/i0.wp.com\/le-fort.org\/cocina\/wp-content\/uploads\/2017\/10\/IMG_0348-1.jpg?fit=600%2C400&#038;ssl=1\" data-large-file=\"https:\/\/i0.wp.com\/le-fort.org\/cocina\/wp-content\/uploads\/2017\/10\/IMG_0348-1.jpg?fit=1200%2C801&#038;ssl=1\" src=\"https:\/\/i0.wp.com\/le-fort.org\/cocina\/wp-content\/uploads\/2017\/10\/IMG_0348-1.jpg?w=395&#038;h=264&#038;ssl=1\" srcset=\"https:\/\/i0.wp.com\/le-fort.org\/cocina\/wp-content\/uploads\/2017\/10\/IMG_0348-1.jpg?w=1280&amp;ssl=1 1280w, https:\/\/i0.wp.com\/le-fort.org\/cocina\/wp-content\/uploads\/2017\/10\/IMG_0348-1.jpg?resize=600%2C400&amp;ssl=1 600w\" width=\"395\" height=\"264\" loading=\"lazy\" data-original-width=\"395\" data-original-height=\"264\" itemprop=\"http:\/\/schema.org\/image\" title=\"IMG_0348 1\" alt=\"D\u00eda del Chef 2017\" style=\"width: 395px; height: 264px;\" \/> <\/a> <div class=\"tiled-gallery-caption\" itemprop=\"caption description\"> D\u00eda del Chef 2017 <\/div> <\/div> <\/div> <!-- close group --> <\/div> <!-- close row --> <div class=\"gallery-row\" style=\"width: 1200px; height: 526px;\" data-original-width=\"1200\" data-original-height=\"526\" > <div class=\"gallery-group images-2\" style=\"width: 413px; height: 526px;\" data-original-width=\"413\" data-original-height=\"526\" > <div class=\"tiled-gallery-item tiled-gallery-item-large\" itemprop=\"associatedMedia\" itemscope itemtype=\"http:\/\/schema.org\/ImageObject\"> <a href=\"https:\/\/le-fort.org\/cocina\/dia-internacional-del-chef-2017\/img_9758\/\" border=\"0\" itemprop=\"url\"> <meta itemprop=\"width\" content=\"409\"> <meta itemprop=\"height\" content=\"273\"> <img decoding=\"async\" class=\"\" data-attachment-id=\"9898\" data-orig-file=\"https:\/\/le-fort.org\/cocina\/wp-content\/uploads\/2017\/10\/IMG_9758.jpg\" data-orig-size=\"1280,854\" data-comments-opened=\"\" data-image-meta=\"{&quot;aperture&quot;:&quot;7.1&quot;,&quot;credit&quot;:&quot;Picasa&quot;,&quot;camera&quot;:&quot;Canon EOS REBEL SL1&quot;,&quot;caption&quot;:&quot;&quot;,&quot;created_timestamp&quot;:&quot;1508489794&quot;,&quot;copyright&quot;:&quot;Le-Fort.Org 2017&quot;,&quot;focal_length&quot;:&quot;63&quot;,&quot;iso&quot;:&quot;100&quot;,&quot;shutter_speed&quot;:&quot;0.00625&quot;,&quot;title&quot;:&quot;&quot;,&quot;orientation&quot;:&quot;1&quot;}\" data-image-title=\"IMG_9758\" data-image-description=\"\" data-medium-file=\"https:\/\/i0.wp.com\/le-fort.org\/cocina\/wp-content\/uploads\/2017\/10\/IMG_9758.jpg?fit=600%2C400&#038;ssl=1\" data-large-file=\"https:\/\/i0.wp.com\/le-fort.org\/cocina\/wp-content\/uploads\/2017\/10\/IMG_9758.jpg?fit=1200%2C801&#038;ssl=1\" src=\"https:\/\/i0.wp.com\/le-fort.org\/cocina\/wp-content\/uploads\/2017\/10\/IMG_9758.jpg?w=409&#038;h=273&#038;ssl=1\" srcset=\"https:\/\/i0.wp.com\/le-fort.org\/cocina\/wp-content\/uploads\/2017\/10\/IMG_9758.jpg?w=1280&amp;ssl=1 1280w, https:\/\/i0.wp.com\/le-fort.org\/cocina\/wp-content\/uploads\/2017\/10\/IMG_9758.jpg?resize=600%2C400&amp;ssl=1 600w\" width=\"409\" height=\"273\" loading=\"lazy\" data-original-width=\"409\" data-original-height=\"273\" itemprop=\"http:\/\/schema.org\/image\" title=\"IMG_9758\" alt=\"D\u00eda del Chef 2017\" style=\"width: 409px; height: 273px;\" \/> <\/a> <div class=\"tiled-gallery-caption\" itemprop=\"caption description\"> D\u00eda del Chef 2017 <\/div> <\/div> <div class=\"tiled-gallery-item tiled-gallery-item-large\" itemprop=\"associatedMedia\" itemscope itemtype=\"http:\/\/schema.org\/ImageObject\"> <a href=\"https:\/\/le-fort.org\/cocina\/dia-internacional-del-chef-2017\/img_0054-1\/\" border=\"0\" itemprop=\"url\"> <meta itemprop=\"width\" content=\"409\"> <meta itemprop=\"height\" content=\"245\"> <img decoding=\"async\" class=\"\" data-attachment-id=\"9871\" data-orig-file=\"https:\/\/le-fort.org\/cocina\/wp-content\/uploads\/2017\/10\/IMG_0054-1.jpg\" data-orig-size=\"1280,769\" data-comments-opened=\"\" data-image-meta=\"{&quot;aperture&quot;:&quot;4&quot;,&quot;credit&quot;:&quot;Picasa&quot;,&quot;camera&quot;:&quot;Canon EOS REBEL SL1&quot;,&quot;caption&quot;:&quot;&quot;,&quot;created_timestamp&quot;:&quot;1508494649&quot;,&quot;copyright&quot;:&quot;Le-Fort.Org 2017&quot;,&quot;focal_length&quot;:&quot;18&quot;,&quot;iso&quot;:&quot;100&quot;,&quot;shutter_speed&quot;:&quot;0.02&quot;,&quot;title&quot;:&quot;&quot;,&quot;orientation&quot;:&quot;1&quot;}\" data-image-title=\"IMG_0054 1\" data-image-description=\"\" data-medium-file=\"https:\/\/i0.wp.com\/le-fort.org\/cocina\/wp-content\/uploads\/2017\/10\/IMG_0054-1.jpg?fit=600%2C360&#038;ssl=1\" data-large-file=\"https:\/\/i0.wp.com\/le-fort.org\/cocina\/wp-content\/uploads\/2017\/10\/IMG_0054-1.jpg?fit=1200%2C721&#038;ssl=1\" src=\"https:\/\/i0.wp.com\/le-fort.org\/cocina\/wp-content\/uploads\/2017\/10\/IMG_0054-1.jpg?w=409&#038;h=245&#038;ssl=1\" srcset=\"https:\/\/i0.wp.com\/le-fort.org\/cocina\/wp-content\/uploads\/2017\/10\/IMG_0054-1.jpg?w=1280&amp;ssl=1 1280w, https:\/\/i0.wp.com\/le-fort.org\/cocina\/wp-content\/uploads\/2017\/10\/IMG_0054-1.jpg?resize=600%2C360&amp;ssl=1 600w\" width=\"409\" height=\"245\" loading=\"lazy\" data-original-width=\"409\" data-original-height=\"245\" itemprop=\"http:\/\/schema.org\/image\" title=\"IMG_0054 1\" alt=\"D\u00eda del Chef 2017\" style=\"width: 409px; height: 245px;\" \/> <\/a> <div class=\"tiled-gallery-caption\" itemprop=\"caption description\"> D\u00eda del Chef 2017 <\/div> <\/div> <\/div> <!-- close group --> <div class=\"gallery-group images-1\" style=\"width: 787px; height: 526px;\" data-original-width=\"787\" data-original-height=\"526\" > <div class=\"tiled-gallery-item tiled-gallery-item-large\" itemprop=\"associatedMedia\" itemscope itemtype=\"http:\/\/schema.org\/ImageObject\"> <a href=\"https:\/\/le-fort.org\/cocina\/dia-internacional-del-chef-2017\/img_9756\/\" border=\"0\" itemprop=\"url\"> <meta itemprop=\"width\" content=\"783\"> <meta itemprop=\"height\" content=\"522\"> <img decoding=\"async\" class=\"\" data-attachment-id=\"9897\" data-orig-file=\"https:\/\/le-fort.org\/cocina\/wp-content\/uploads\/2017\/10\/IMG_9756.jpg\" data-orig-size=\"1280,854\" data-comments-opened=\"\" data-image-meta=\"{&quot;aperture&quot;:&quot;5&quot;,&quot;credit&quot;:&quot;Picasa&quot;,&quot;camera&quot;:&quot;Canon EOS REBEL SL1&quot;,&quot;caption&quot;:&quot;&quot;,&quot;created_timestamp&quot;:&quot;1508489742&quot;,&quot;copyright&quot;:&quot;Le-Fort.Org 2017&quot;,&quot;focal_length&quot;:&quot;35&quot;,&quot;iso&quot;:&quot;100&quot;,&quot;shutter_speed&quot;:&quot;0.0125&quot;,&quot;title&quot;:&quot;&quot;,&quot;orientation&quot;:&quot;1&quot;}\" data-image-title=\"IMG_9756\" data-image-description=\"\" data-medium-file=\"https:\/\/i0.wp.com\/le-fort.org\/cocina\/wp-content\/uploads\/2017\/10\/IMG_9756.jpg?fit=600%2C400&#038;ssl=1\" data-large-file=\"https:\/\/i0.wp.com\/le-fort.org\/cocina\/wp-content\/uploads\/2017\/10\/IMG_9756.jpg?fit=1200%2C801&#038;ssl=1\" src=\"https:\/\/i0.wp.com\/le-fort.org\/cocina\/wp-content\/uploads\/2017\/10\/IMG_9756.jpg?w=783&#038;h=522&#038;ssl=1\" srcset=\"https:\/\/i0.wp.com\/le-fort.org\/cocina\/wp-content\/uploads\/2017\/10\/IMG_9756.jpg?w=1280&amp;ssl=1 1280w, https:\/\/i0.wp.com\/le-fort.org\/cocina\/wp-content\/uploads\/2017\/10\/IMG_9756.jpg?resize=600%2C400&amp;ssl=1 600w\" width=\"783\" height=\"522\" loading=\"lazy\" data-original-width=\"783\" data-original-height=\"522\" itemprop=\"http:\/\/schema.org\/image\" title=\"IMG_9756\" alt=\"D\u00eda del Chef 2017\" style=\"width: 783px; height: 522px;\" \/> <\/a> <div class=\"tiled-gallery-caption\" itemprop=\"caption description\"> D\u00eda del Chef 2017 <\/div> <\/div> <\/div> <!-- close group --> <\/div> <!-- close row --> <div class=\"gallery-row\" style=\"width: 1200px; height: 554px;\" data-original-width=\"1200\" data-original-height=\"554\" > <div class=\"gallery-group images-1\" style=\"width: 829px; height: 554px;\" data-original-width=\"829\" data-original-height=\"554\" > <div class=\"tiled-gallery-item tiled-gallery-item-large\" itemprop=\"associatedMedia\" itemscope itemtype=\"http:\/\/schema.org\/ImageObject\"> <a href=\"https:\/\/le-fort.org\/cocina\/dia-internacional-del-chef-2017\/img_9734\/\" border=\"0\" itemprop=\"url\"> <meta itemprop=\"width\" content=\"825\"> <meta itemprop=\"height\" content=\"550\"> <img decoding=\"async\" class=\"\" data-attachment-id=\"9889\" data-orig-file=\"https:\/\/le-fort.org\/cocina\/wp-content\/uploads\/2017\/10\/IMG_9734.jpg\" data-orig-size=\"1280,854\" data-comments-opened=\"\" data-image-meta=\"{&quot;aperture&quot;:&quot;5.6&quot;,&quot;credit&quot;:&quot;Picasa&quot;,&quot;camera&quot;:&quot;Canon EOS REBEL SL1&quot;,&quot;caption&quot;:&quot;&quot;,&quot;created_timestamp&quot;:&quot;1508489150&quot;,&quot;copyright&quot;:&quot;Le-Fort.Org 2017&quot;,&quot;focal_length&quot;:&quot;35&quot;,&quot;iso&quot;:&quot;100&quot;,&quot;shutter_speed&quot;:&quot;0.0125&quot;,&quot;title&quot;:&quot;&quot;,&quot;orientation&quot;:&quot;1&quot;}\" data-image-title=\"IMG_9734\" data-image-description=\"\" data-medium-file=\"https:\/\/i0.wp.com\/le-fort.org\/cocina\/wp-content\/uploads\/2017\/10\/IMG_9734.jpg?fit=600%2C400&#038;ssl=1\" data-large-file=\"https:\/\/i0.wp.com\/le-fort.org\/cocina\/wp-content\/uploads\/2017\/10\/IMG_9734.jpg?fit=1200%2C801&#038;ssl=1\" src=\"https:\/\/i0.wp.com\/le-fort.org\/cocina\/wp-content\/uploads\/2017\/10\/IMG_9734.jpg?w=825&#038;h=550&#038;ssl=1\" srcset=\"https:\/\/i0.wp.com\/le-fort.org\/cocina\/wp-content\/uploads\/2017\/10\/IMG_9734.jpg?w=1280&amp;ssl=1 1280w, https:\/\/i0.wp.com\/le-fort.org\/cocina\/wp-content\/uploads\/2017\/10\/IMG_9734.jpg?resize=600%2C400&amp;ssl=1 600w\" width=\"825\" height=\"550\" loading=\"lazy\" data-original-width=\"825\" data-original-height=\"550\" itemprop=\"http:\/\/schema.org\/image\" title=\"IMG_9734\" alt=\"D\u00eda del Chef 2017\" style=\"width: 825px; height: 550px;\" \/> <\/a> <div class=\"tiled-gallery-caption\" itemprop=\"caption description\"> D\u00eda del Chef 2017 <\/div> <\/div> <\/div> <!-- close group --> <div class=\"gallery-group images-1\" style=\"width: 371px; height: 554px;\" data-original-width=\"371\" data-original-height=\"554\" > <div class=\"tiled-gallery-item tiled-gallery-item-large\" itemprop=\"associatedMedia\" itemscope itemtype=\"http:\/\/schema.org\/ImageObject\"> <a href=\"https:\/\/le-fort.org\/cocina\/dia-internacional-del-chef-2017\/img_9866-1\/\" border=\"0\" itemprop=\"url\"> <meta itemprop=\"width\" content=\"367\"> <meta itemprop=\"height\" content=\"550\"> <img decoding=\"async\" class=\"\" data-attachment-id=\"9909\" data-orig-file=\"https:\/\/le-fort.org\/cocina\/wp-content\/uploads\/2017\/10\/IMG_9866-1.jpg\" data-orig-size=\"854,1280\" data-comments-opened=\"\" data-image-meta=\"{&quot;aperture&quot;:&quot;5.6&quot;,&quot;credit&quot;:&quot;Picasa&quot;,&quot;camera&quot;:&quot;Canon EOS REBEL SL1&quot;,&quot;caption&quot;:&quot;&quot;,&quot;created_timestamp&quot;:&quot;1508491929&quot;,&quot;copyright&quot;:&quot;Le-Fort.Org 2017&quot;,&quot;focal_length&quot;:&quot;18&quot;,&quot;iso&quot;:&quot;100&quot;,&quot;shutter_speed&quot;:&quot;0.0125&quot;,&quot;title&quot;:&quot;&quot;,&quot;orientation&quot;:&quot;1&quot;}\" data-image-title=\"IMG_9866 1\" data-image-description=\"\" data-medium-file=\"https:\/\/i0.wp.com\/le-fort.org\/cocina\/wp-content\/uploads\/2017\/10\/IMG_9866-1.jpg?fit=400%2C600&#038;ssl=1\" data-large-file=\"https:\/\/i0.wp.com\/le-fort.org\/cocina\/wp-content\/uploads\/2017\/10\/IMG_9866-1.jpg?fit=641%2C960&#038;ssl=1\" src=\"https:\/\/i0.wp.com\/le-fort.org\/cocina\/wp-content\/uploads\/2017\/10\/IMG_9866-1.jpg?w=367&#038;h=550&#038;ssl=1\" srcset=\"https:\/\/i0.wp.com\/le-fort.org\/cocina\/wp-content\/uploads\/2017\/10\/IMG_9866-1.jpg?w=854&amp;ssl=1 854w, https:\/\/i0.wp.com\/le-fort.org\/cocina\/wp-content\/uploads\/2017\/10\/IMG_9866-1.jpg?resize=400%2C600&amp;ssl=1 400w, https:\/\/i0.wp.com\/le-fort.org\/cocina\/wp-content\/uploads\/2017\/10\/IMG_9866-1.jpg?resize=641%2C960&amp;ssl=1 641w\" width=\"367\" height=\"550\" loading=\"lazy\" data-original-width=\"367\" data-original-height=\"550\" itemprop=\"http:\/\/schema.org\/image\" title=\"IMG_9866 1\" alt=\"D\u00eda del Chef 2017\" style=\"width: 367px; height: 550px;\" \/> <\/a> <div class=\"tiled-gallery-caption\" itemprop=\"caption description\"> D\u00eda del Chef 2017 <\/div> <\/div> <\/div> <!-- close group --> <\/div> <!-- close row --> <div class=\"gallery-row\" style=\"width: 1200px; height: 1029px;\" data-original-width=\"1200\" data-original-height=\"1029\" > <div class=\"gallery-group images-1\" style=\"width: 688px; height: 1029px;\" data-original-width=\"688\" data-original-height=\"1029\" > <div class=\"tiled-gallery-item tiled-gallery-item-large\" itemprop=\"associatedMedia\" itemscope itemtype=\"http:\/\/schema.org\/ImageObject\"> <a href=\"https:\/\/le-fort.org\/cocina\/dia-internacional-del-chef-2017\/img_0215-1\/\" border=\"0\" itemprop=\"url\"> <meta itemprop=\"width\" content=\"684\"> <meta itemprop=\"height\" content=\"1025\"> <img decoding=\"async\" class=\"\" data-attachment-id=\"9877\" data-orig-file=\"https:\/\/le-fort.org\/cocina\/wp-content\/uploads\/2017\/10\/IMG_0215-1.jpg\" data-orig-size=\"854,1280\" data-comments-opened=\"\" data-image-meta=\"{&quot;aperture&quot;:&quot;5.6&quot;,&quot;credit&quot;:&quot;Picasa&quot;,&quot;camera&quot;:&quot;Canon EOS REBEL SL1&quot;,&quot;caption&quot;:&quot;&quot;,&quot;created_timestamp&quot;:&quot;1508496747&quot;,&quot;copyright&quot;:&quot;Le-Fort.Org 2017&quot;,&quot;focal_length&quot;:&quot;120&quot;,&quot;iso&quot;:&quot;1250&quot;,&quot;shutter_speed&quot;:&quot;0.005&quot;,&quot;title&quot;:&quot;&quot;,&quot;orientation&quot;:&quot;1&quot;}\" data-image-title=\"IMG_0215 1\" data-image-description=\"\" data-medium-file=\"https:\/\/i0.wp.com\/le-fort.org\/cocina\/wp-content\/uploads\/2017\/10\/IMG_0215-1.jpg?fit=400%2C600&#038;ssl=1\" data-large-file=\"https:\/\/i0.wp.com\/le-fort.org\/cocina\/wp-content\/uploads\/2017\/10\/IMG_0215-1.jpg?fit=641%2C960&#038;ssl=1\" src=\"https:\/\/i0.wp.com\/le-fort.org\/cocina\/wp-content\/uploads\/2017\/10\/IMG_0215-1.jpg?w=684&#038;h=1025&#038;ssl=1\" srcset=\"https:\/\/i0.wp.com\/le-fort.org\/cocina\/wp-content\/uploads\/2017\/10\/IMG_0215-1.jpg?w=854&amp;ssl=1 854w, https:\/\/i0.wp.com\/le-fort.org\/cocina\/wp-content\/uploads\/2017\/10\/IMG_0215-1.jpg?resize=400%2C600&amp;ssl=1 400w, https:\/\/i0.wp.com\/le-fort.org\/cocina\/wp-content\/uploads\/2017\/10\/IMG_0215-1.jpg?resize=641%2C960&amp;ssl=1 641w\" width=\"684\" height=\"1025\" loading=\"lazy\" data-original-width=\"684\" data-original-height=\"1025\" itemprop=\"http:\/\/schema.org\/image\" title=\"IMG_0215 1\" alt=\"D\u00eda del Chef 2017\" style=\"width: 684px; height: 1025px;\" \/> <\/a> <div class=\"tiled-gallery-caption\" itemprop=\"caption description\"> D\u00eda del Chef 2017 <\/div> <\/div> <\/div> <!-- close group --> <div class=\"gallery-group images-3\" style=\"width: 512px; height: 1029px;\" data-original-width=\"512\" data-original-height=\"1029\" > <div class=\"tiled-gallery-item tiled-gallery-item-large\" itemprop=\"associatedMedia\" itemscope itemtype=\"http:\/\/schema.org\/ImageObject\"> <a href=\"https:\/\/le-fort.org\/cocina\/dia-internacional-del-chef-2017\/img_9737\/\" border=\"0\" itemprop=\"url\"> <meta itemprop=\"width\" content=\"508\"> <meta itemprop=\"height\" content=\"339\"> <img decoding=\"async\" class=\"\" data-attachment-id=\"9891\" data-orig-file=\"https:\/\/le-fort.org\/cocina\/wp-content\/uploads\/2017\/10\/IMG_9737.jpg\" data-orig-size=\"1280,854\" data-comments-opened=\"\" data-image-meta=\"{&quot;aperture&quot;:&quot;5&quot;,&quot;credit&quot;:&quot;Picasa&quot;,&quot;camera&quot;:&quot;Canon EOS REBEL SL1&quot;,&quot;caption&quot;:&quot;&quot;,&quot;created_timestamp&quot;:&quot;1508489196&quot;,&quot;copyright&quot;:&quot;Le-Fort.Org 2017&quot;,&quot;focal_length&quot;:&quot;50&quot;,&quot;iso&quot;:&quot;200&quot;,&quot;shutter_speed&quot;:&quot;0.016666666666667&quot;,&quot;title&quot;:&quot;&quot;,&quot;orientation&quot;:&quot;1&quot;}\" data-image-title=\"IMG_9737\" data-image-description=\"\" data-medium-file=\"https:\/\/i0.wp.com\/le-fort.org\/cocina\/wp-content\/uploads\/2017\/10\/IMG_9737.jpg?fit=600%2C400&#038;ssl=1\" data-large-file=\"https:\/\/i0.wp.com\/le-fort.org\/cocina\/wp-content\/uploads\/2017\/10\/IMG_9737.jpg?fit=1200%2C801&#038;ssl=1\" src=\"https:\/\/i0.wp.com\/le-fort.org\/cocina\/wp-content\/uploads\/2017\/10\/IMG_9737.jpg?w=508&#038;h=339&#038;ssl=1\" srcset=\"https:\/\/i0.wp.com\/le-fort.org\/cocina\/wp-content\/uploads\/2017\/10\/IMG_9737.jpg?w=1280&amp;ssl=1 1280w, https:\/\/i0.wp.com\/le-fort.org\/cocina\/wp-content\/uploads\/2017\/10\/IMG_9737.jpg?resize=600%2C400&amp;ssl=1 600w\" width=\"508\" height=\"339\" loading=\"lazy\" data-original-width=\"508\" data-original-height=\"339\" itemprop=\"http:\/\/schema.org\/image\" title=\"IMG_9737\" alt=\"D\u00eda del Chef 2017\" style=\"width: 508px; height: 339px;\" \/> <\/a> <div class=\"tiled-gallery-caption\" itemprop=\"caption description\"> D\u00eda del Chef 2017 <\/div> <\/div> <div class=\"tiled-gallery-item tiled-gallery-item-large\" itemprop=\"associatedMedia\" itemscope itemtype=\"http:\/\/schema.org\/ImageObject\"> <a href=\"https:\/\/le-fort.org\/cocina\/dia-internacional-del-chef-2017\/img_9837-1\/\" border=\"0\" itemprop=\"url\"> <meta itemprop=\"width\" content=\"508\"> <meta itemprop=\"height\" content=\"339\"> <img decoding=\"async\" class=\"\" data-attachment-id=\"9906\" data-orig-file=\"https:\/\/le-fort.org\/cocina\/wp-content\/uploads\/2017\/10\/IMG_9837-1.jpg\" data-orig-size=\"1280,854\" data-comments-opened=\"\" data-image-meta=\"{&quot;aperture&quot;:&quot;6.3&quot;,&quot;credit&quot;:&quot;Picasa&quot;,&quot;camera&quot;:&quot;Canon EOS REBEL SL1&quot;,&quot;caption&quot;:&quot;&quot;,&quot;created_timestamp&quot;:&quot;1508491718&quot;,&quot;copyright&quot;:&quot;Le-Fort.Org 2017&quot;,&quot;focal_length&quot;:&quot;250&quot;,&quot;iso&quot;:&quot;1600&quot;,&quot;shutter_speed&quot;:&quot;0.008&quot;,&quot;title&quot;:&quot;&quot;,&quot;orientation&quot;:&quot;1&quot;}\" data-image-title=\"IMG_9837 1\" data-image-description=\"\" data-medium-file=\"https:\/\/i0.wp.com\/le-fort.org\/cocina\/wp-content\/uploads\/2017\/10\/IMG_9837-1.jpg?fit=600%2C400&#038;ssl=1\" data-large-file=\"https:\/\/i0.wp.com\/le-fort.org\/cocina\/wp-content\/uploads\/2017\/10\/IMG_9837-1.jpg?fit=1200%2C801&#038;ssl=1\" src=\"https:\/\/i0.wp.com\/le-fort.org\/cocina\/wp-content\/uploads\/2017\/10\/IMG_9837-1.jpg?w=508&#038;h=339&#038;ssl=1\" srcset=\"https:\/\/i0.wp.com\/le-fort.org\/cocina\/wp-content\/uploads\/2017\/10\/IMG_9837-1.jpg?w=1280&amp;ssl=1 1280w, https:\/\/i0.wp.com\/le-fort.org\/cocina\/wp-content\/uploads\/2017\/10\/IMG_9837-1.jpg?resize=600%2C400&amp;ssl=1 600w\" width=\"508\" height=\"339\" loading=\"lazy\" data-original-width=\"508\" data-original-height=\"339\" itemprop=\"http:\/\/schema.org\/image\" title=\"IMG_9837 1\" alt=\"D\u00eda del Chef 2017\" style=\"width: 508px; height: 339px;\" \/> <\/a> <div class=\"tiled-gallery-caption\" itemprop=\"caption description\"> D\u00eda del Chef 2017 <\/div> <\/div> <div class=\"tiled-gallery-item tiled-gallery-item-large\" itemprop=\"associatedMedia\" itemscope itemtype=\"http:\/\/schema.org\/ImageObject\"> <a href=\"https:\/\/le-fort.org\/cocina\/dia-internacional-del-chef-2017\/img_9900-1\/\" border=\"0\" itemprop=\"url\"> <meta itemprop=\"width\" content=\"508\"> <meta itemprop=\"height\" content=\"339\"> <img decoding=\"async\" class=\"\" data-attachment-id=\"9913\" data-orig-file=\"https:\/\/le-fort.org\/cocina\/wp-content\/uploads\/2017\/10\/IMG_9900-1.jpg\" data-orig-size=\"1280,854\" data-comments-opened=\"\" data-image-meta=\"{&quot;aperture&quot;:&quot;5.6&quot;,&quot;credit&quot;:&quot;Picasa&quot;,&quot;camera&quot;:&quot;Canon EOS REBEL SL1&quot;,&quot;caption&quot;:&quot;&quot;,&quot;created_timestamp&quot;:&quot;1508492419&quot;,&quot;copyright&quot;:&quot;Le-Fort.Org 2017&quot;,&quot;focal_length&quot;:&quot;120&quot;,&quot;iso&quot;:&quot;320&quot;,&quot;shutter_speed&quot;:&quot;0.00625&quot;,&quot;title&quot;:&quot;&quot;,&quot;orientation&quot;:&quot;1&quot;}\" data-image-title=\"IMG_9900 1\" data-image-description=\"\" data-medium-file=\"https:\/\/i0.wp.com\/le-fort.org\/cocina\/wp-content\/uploads\/2017\/10\/IMG_9900-1.jpg?fit=600%2C400&#038;ssl=1\" data-large-file=\"https:\/\/i0.wp.com\/le-fort.org\/cocina\/wp-content\/uploads\/2017\/10\/IMG_9900-1.jpg?fit=1200%2C801&#038;ssl=1\" src=\"https:\/\/i0.wp.com\/le-fort.org\/cocina\/wp-content\/uploads\/2017\/10\/IMG_9900-1.jpg?w=508&#038;h=339&#038;ssl=1\" srcset=\"https:\/\/i0.wp.com\/le-fort.org\/cocina\/wp-content\/uploads\/2017\/10\/IMG_9900-1.jpg?w=1280&amp;ssl=1 1280w, https:\/\/i0.wp.com\/le-fort.org\/cocina\/wp-content\/uploads\/2017\/10\/IMG_9900-1.jpg?resize=600%2C400&amp;ssl=1 600w\" width=\"508\" height=\"339\" loading=\"lazy\" data-original-width=\"508\" data-original-height=\"339\" itemprop=\"http:\/\/schema.org\/image\" title=\"IMG_9900 1\" alt=\"D\u00eda del Chef 2017\" style=\"width: 508px; height: 339px;\" \/> <\/a> <div class=\"tiled-gallery-caption\" itemprop=\"caption description\"> D\u00eda del Chef 2017 <\/div> <\/div> <\/div> <!-- close group --> <\/div> <!-- close row --> <div class=\"gallery-row\" style=\"width: 1200px; height: 536px;\" data-original-width=\"1200\" data-original-height=\"536\" > <div class=\"gallery-group images-1\" style=\"width: 801px; height: 536px;\" data-original-width=\"801\" data-original-height=\"536\" > <div class=\"tiled-gallery-item tiled-gallery-item-large\" itemprop=\"associatedMedia\" itemscope itemtype=\"http:\/\/schema.org\/ImageObject\"> <a href=\"https:\/\/le-fort.org\/cocina\/dia-internacional-del-chef-2017\/img_9933-1\/\" border=\"0\" itemprop=\"url\"> <meta itemprop=\"width\" content=\"797\"> <meta itemprop=\"height\" content=\"532\"> <img decoding=\"async\" class=\"\" data-attachment-id=\"9917\" data-orig-file=\"https:\/\/le-fort.org\/cocina\/wp-content\/uploads\/2017\/10\/IMG_9933-1.jpg\" data-orig-size=\"1280,854\" data-comments-opened=\"\" data-image-meta=\"{&quot;aperture&quot;:&quot;5.6&quot;,&quot;credit&quot;:&quot;Picasa&quot;,&quot;camera&quot;:&quot;Canon EOS REBEL SL1&quot;,&quot;caption&quot;:&quot;&quot;,&quot;created_timestamp&quot;:&quot;1508493272&quot;,&quot;copyright&quot;:&quot;Le-Fort.Org 2017&quot;,&quot;focal_length&quot;:&quot;63&quot;,&quot;iso&quot;:&quot;1600&quot;,&quot;shutter_speed&quot;:&quot;0.001&quot;,&quot;title&quot;:&quot;&quot;,&quot;orientation&quot;:&quot;1&quot;}\" data-image-title=\"IMG_9933 1\" data-image-description=\"\" data-medium-file=\"https:\/\/i0.wp.com\/le-fort.org\/cocina\/wp-content\/uploads\/2017\/10\/IMG_9933-1.jpg?fit=600%2C400&#038;ssl=1\" data-large-file=\"https:\/\/i0.wp.com\/le-fort.org\/cocina\/wp-content\/uploads\/2017\/10\/IMG_9933-1.jpg?fit=1200%2C801&#038;ssl=1\" src=\"https:\/\/i0.wp.com\/le-fort.org\/cocina\/wp-content\/uploads\/2017\/10\/IMG_9933-1.jpg?w=797&#038;h=532&#038;ssl=1\" srcset=\"https:\/\/i0.wp.com\/le-fort.org\/cocina\/wp-content\/uploads\/2017\/10\/IMG_9933-1.jpg?w=1280&amp;ssl=1 1280w, https:\/\/i0.wp.com\/le-fort.org\/cocina\/wp-content\/uploads\/2017\/10\/IMG_9933-1.jpg?resize=600%2C400&amp;ssl=1 600w\" width=\"797\" height=\"532\" loading=\"lazy\" data-original-width=\"797\" data-original-height=\"532\" itemprop=\"http:\/\/schema.org\/image\" title=\"IMG_9933 1\" alt=\"D\u00eda del Chef 2017\" style=\"width: 797px; height: 532px;\" \/> <\/a> <div class=\"tiled-gallery-caption\" itemprop=\"caption description\"> D\u00eda del Chef 2017 <\/div> <\/div> <\/div> <!-- close group --> <div class=\"gallery-group images-2\" style=\"width: 399px; height: 536px;\" data-original-width=\"399\" data-original-height=\"536\" > <div class=\"tiled-gallery-item tiled-gallery-item-large\" itemprop=\"associatedMedia\" itemscope itemtype=\"http:\/\/schema.org\/ImageObject\"> <a href=\"https:\/\/le-fort.org\/cocina\/dia-internacional-del-chef-2017\/img_0064-1\/\" border=\"0\" itemprop=\"url\"> <meta itemprop=\"width\" content=\"395\"> <meta itemprop=\"height\" content=\"264\"> <img decoding=\"async\" class=\"\" data-attachment-id=\"9872\" data-orig-file=\"https:\/\/le-fort.org\/cocina\/wp-content\/uploads\/2017\/10\/IMG_0064-1.jpg\" data-orig-size=\"1280,854\" data-comments-opened=\"\" data-image-meta=\"{&quot;aperture&quot;:&quot;4&quot;,&quot;credit&quot;:&quot;Picasa&quot;,&quot;camera&quot;:&quot;Canon EOS REBEL SL1&quot;,&quot;caption&quot;:&quot;&quot;,&quot;created_timestamp&quot;:&quot;1508494672&quot;,&quot;copyright&quot;:&quot;Le-Fort.Org 2017&quot;,&quot;focal_length&quot;:&quot;18&quot;,&quot;iso&quot;:&quot;100&quot;,&quot;shutter_speed&quot;:&quot;0.025&quot;,&quot;title&quot;:&quot;&quot;,&quot;orientation&quot;:&quot;1&quot;}\" data-image-title=\"IMG_0064 1\" data-image-description=\"\" data-medium-file=\"https:\/\/i0.wp.com\/le-fort.org\/cocina\/wp-content\/uploads\/2017\/10\/IMG_0064-1.jpg?fit=600%2C400&#038;ssl=1\" data-large-file=\"https:\/\/i0.wp.com\/le-fort.org\/cocina\/wp-content\/uploads\/2017\/10\/IMG_0064-1.jpg?fit=1200%2C801&#038;ssl=1\" src=\"https:\/\/i0.wp.com\/le-fort.org\/cocina\/wp-content\/uploads\/2017\/10\/IMG_0064-1.jpg?w=395&#038;h=264&#038;ssl=1\" srcset=\"https:\/\/i0.wp.com\/le-fort.org\/cocina\/wp-content\/uploads\/2017\/10\/IMG_0064-1.jpg?w=1280&amp;ssl=1 1280w, https:\/\/i0.wp.com\/le-fort.org\/cocina\/wp-content\/uploads\/2017\/10\/IMG_0064-1.jpg?resize=600%2C400&amp;ssl=1 600w\" width=\"395\" height=\"264\" loading=\"lazy\" data-original-width=\"395\" data-original-height=\"264\" itemprop=\"http:\/\/schema.org\/image\" title=\"IMG_0064 1\" alt=\"D\u00eda del Chef 2017\" style=\"width: 395px; height: 264px;\" \/> <\/a> <div class=\"tiled-gallery-caption\" itemprop=\"caption description\"> D\u00eda del Chef 2017 <\/div> <\/div> <div class=\"tiled-gallery-item tiled-gallery-item-large\" itemprop=\"associatedMedia\" itemscope itemtype=\"http:\/\/schema.org\/ImageObject\"> <a href=\"https:\/\/le-fort.org\/cocina\/dia-internacional-del-chef-2017\/img_9979-1\/\" border=\"0\" itemprop=\"url\"> <meta itemprop=\"width\" content=\"395\"> <meta itemprop=\"height\" content=\"264\"> <img decoding=\"async\" class=\"\" data-attachment-id=\"9918\" data-orig-file=\"https:\/\/le-fort.org\/cocina\/wp-content\/uploads\/2017\/10\/IMG_9979-1.jpg\" data-orig-size=\"1280,854\" data-comments-opened=\"\" data-image-meta=\"{&quot;aperture&quot;:&quot;5.6&quot;,&quot;credit&quot;:&quot;Picasa&quot;,&quot;camera&quot;:&quot;Canon EOS REBEL SL1&quot;,&quot;caption&quot;:&quot;&quot;,&quot;created_timestamp&quot;:&quot;1508493392&quot;,&quot;copyright&quot;:&quot;Le-Fort.Org 2017&quot;,&quot;focal_length&quot;:&quot;80&quot;,&quot;iso&quot;:&quot;320&quot;,&quot;shutter_speed&quot;:&quot;0.00625&quot;,&quot;title&quot;:&quot;&quot;,&quot;orientation&quot;:&quot;1&quot;}\" data-image-title=\"IMG_9979 1\" data-image-description=\"\" data-medium-file=\"https:\/\/i0.wp.com\/le-fort.org\/cocina\/wp-content\/uploads\/2017\/10\/IMG_9979-1.jpg?fit=600%2C400&#038;ssl=1\" data-large-file=\"https:\/\/i0.wp.com\/le-fort.org\/cocina\/wp-content\/uploads\/2017\/10\/IMG_9979-1.jpg?fit=1200%2C801&#038;ssl=1\" src=\"https:\/\/i0.wp.com\/le-fort.org\/cocina\/wp-content\/uploads\/2017\/10\/IMG_9979-1.jpg?w=395&#038;h=264&#038;ssl=1\" srcset=\"https:\/\/i0.wp.com\/le-fort.org\/cocina\/wp-content\/uploads\/2017\/10\/IMG_9979-1.jpg?w=1280&amp;ssl=1 1280w, https:\/\/i0.wp.com\/le-fort.org\/cocina\/wp-content\/uploads\/2017\/10\/IMG_9979-1.jpg?resize=600%2C400&amp;ssl=1 600w\" width=\"395\" height=\"264\" loading=\"lazy\" data-original-width=\"395\" data-original-height=\"264\" itemprop=\"http:\/\/schema.org\/image\" title=\"IMG_9979 1\" alt=\"D\u00eda del Chef 2017\" style=\"width: 395px; height: 264px;\" \/> <\/a> <div class=\"tiled-gallery-caption\" itemprop=\"caption description\"> D\u00eda del Chef 2017 <\/div> <\/div> <\/div> <!-- close group --> <\/div> <!-- close row --> <div class=\"gallery-row\" style=\"width: 1200px; height: 292px;\" data-original-width=\"1200\" data-original-height=\"292\" > <div class=\"gallery-group images-1\" style=\"width: 328px; height: 292px;\" data-original-width=\"328\" data-original-height=\"292\" > <div class=\"tiled-gallery-item tiled-gallery-item-large\" itemprop=\"associatedMedia\" itemscope itemtype=\"http:\/\/schema.org\/ImageObject\"> <a href=\"https:\/\/le-fort.org\/cocina\/dia-internacional-del-chef-2017\/img_0249-1\/\" border=\"0\" itemprop=\"url\"> <meta itemprop=\"width\" content=\"324\"> <meta itemprop=\"height\" content=\"288\"> <img decoding=\"async\" class=\"\" data-attachment-id=\"9880\" data-orig-file=\"https:\/\/le-fort.org\/cocina\/wp-content\/uploads\/2017\/10\/IMG_0249-1.jpg\" data-orig-size=\"1280,1138\" data-comments-opened=\"\" data-image-meta=\"{&quot;aperture&quot;:&quot;5&quot;,&quot;credit&quot;:&quot;Picasa&quot;,&quot;camera&quot;:&quot;Canon EOS REBEL SL1&quot;,&quot;caption&quot;:&quot;&quot;,&quot;created_timestamp&quot;:&quot;1508498258&quot;,&quot;copyright&quot;:&quot;Le-Fort.Org 2017&quot;,&quot;focal_length&quot;:&quot;50&quot;,&quot;iso&quot;:&quot;200&quot;,&quot;shutter_speed&quot;:&quot;0.016666666666667&quot;,&quot;title&quot;:&quot;&quot;,&quot;orientation&quot;:&quot;1&quot;}\" data-image-title=\"IMG_0249 1\" data-image-description=\"\" data-medium-file=\"https:\/\/i0.wp.com\/le-fort.org\/cocina\/wp-content\/uploads\/2017\/10\/IMG_0249-1.jpg?fit=600%2C533&#038;ssl=1\" data-large-file=\"https:\/\/i0.wp.com\/le-fort.org\/cocina\/wp-content\/uploads\/2017\/10\/IMG_0249-1.jpg?fit=1080%2C960&#038;ssl=1\" src=\"https:\/\/i0.wp.com\/le-fort.org\/cocina\/wp-content\/uploads\/2017\/10\/IMG_0249-1.jpg?w=324&#038;h=288&#038;ssl=1\" srcset=\"https:\/\/i0.wp.com\/le-fort.org\/cocina\/wp-content\/uploads\/2017\/10\/IMG_0249-1.jpg?w=1280&amp;ssl=1 1280w, https:\/\/i0.wp.com\/le-fort.org\/cocina\/wp-content\/uploads\/2017\/10\/IMG_0249-1.jpg?resize=600%2C533&amp;ssl=1 600w, https:\/\/i0.wp.com\/le-fort.org\/cocina\/wp-content\/uploads\/2017\/10\/IMG_0249-1.jpg?resize=1080%2C960&amp;ssl=1 1080w\" width=\"324\" height=\"288\" loading=\"lazy\" data-original-width=\"324\" data-original-height=\"288\" itemprop=\"http:\/\/schema.org\/image\" title=\"IMG_0249 1\" alt=\"D\u00eda del Chef 2017\" style=\"width: 324px; height: 288px;\" \/> <\/a> <div class=\"tiled-gallery-caption\" itemprop=\"caption description\"> D\u00eda del Chef 2017 <\/div> <\/div> <\/div> <!-- close group --> <div class=\"gallery-group images-1\" style=\"width: 436px; height: 292px;\" data-original-width=\"436\" data-original-height=\"292\" > <div class=\"tiled-gallery-item tiled-gallery-item-large\" itemprop=\"associatedMedia\" itemscope itemtype=\"http:\/\/schema.org\/ImageObject\"> <a href=\"https:\/\/le-fort.org\/cocina\/dia-internacional-del-chef-2017\/img_9752\/\" border=\"0\" itemprop=\"url\"> <meta itemprop=\"width\" content=\"432\"> <meta itemprop=\"height\" content=\"288\"> <img decoding=\"async\" class=\"\" data-attachment-id=\"9896\" data-orig-file=\"https:\/\/le-fort.org\/cocina\/wp-content\/uploads\/2017\/10\/IMG_9752.jpg\" data-orig-size=\"1280,854\" data-comments-opened=\"\" data-image-meta=\"{&quot;aperture&quot;:&quot;5&quot;,&quot;credit&quot;:&quot;Picasa&quot;,&quot;camera&quot;:&quot;Canon EOS REBEL SL1&quot;,&quot;caption&quot;:&quot;&quot;,&quot;created_timestamp&quot;:&quot;1508489654&quot;,&quot;copyright&quot;:&quot;Le-Fort.Org 2017&quot;,&quot;focal_length&quot;:&quot;43&quot;,&quot;iso&quot;:&quot;100&quot;,&quot;shutter_speed&quot;:&quot;0.016666666666667&quot;,&quot;title&quot;:&quot;&quot;,&quot;orientation&quot;:&quot;1&quot;}\" data-image-title=\"IMG_9752\" data-image-description=\"\" data-medium-file=\"https:\/\/i0.wp.com\/le-fort.org\/cocina\/wp-content\/uploads\/2017\/10\/IMG_9752.jpg?fit=600%2C400&#038;ssl=1\" data-large-file=\"https:\/\/i0.wp.com\/le-fort.org\/cocina\/wp-content\/uploads\/2017\/10\/IMG_9752.jpg?fit=1200%2C801&#038;ssl=1\" src=\"https:\/\/i0.wp.com\/le-fort.org\/cocina\/wp-content\/uploads\/2017\/10\/IMG_9752.jpg?w=432&#038;h=288&#038;ssl=1\" srcset=\"https:\/\/i0.wp.com\/le-fort.org\/cocina\/wp-content\/uploads\/2017\/10\/IMG_9752.jpg?w=1280&amp;ssl=1 1280w, https:\/\/i0.wp.com\/le-fort.org\/cocina\/wp-content\/uploads\/2017\/10\/IMG_9752.jpg?resize=600%2C400&amp;ssl=1 600w\" width=\"432\" height=\"288\" loading=\"lazy\" data-original-width=\"432\" data-original-height=\"288\" itemprop=\"http:\/\/schema.org\/image\" title=\"IMG_9752\" alt=\"D\u00eda del Chef 2017\" style=\"width: 432px; height: 288px;\" \/> <\/a> <div class=\"tiled-gallery-caption\" itemprop=\"caption description\"> D\u00eda del Chef 2017 <\/div> <\/div> <\/div> <!-- close group --> <div class=\"gallery-group images-1\" style=\"width: 436px; height: 292px;\" data-original-width=\"436\" data-original-height=\"292\" > <div class=\"tiled-gallery-item tiled-gallery-item-large\" itemprop=\"associatedMedia\" itemscope itemtype=\"http:\/\/schema.org\/ImageObject\"> <a href=\"https:\/\/le-fort.org\/cocina\/dia-internacional-del-chef-2017\/img_0252-1\/\" border=\"0\" itemprop=\"url\"> <meta itemprop=\"width\" content=\"432\"> <meta itemprop=\"height\" content=\"288\"> <img decoding=\"async\" class=\"\" data-attachment-id=\"9882\" data-orig-file=\"https:\/\/le-fort.org\/cocina\/wp-content\/uploads\/2017\/10\/IMG_0252-1.jpg\" data-orig-size=\"1280,854\" data-comments-opened=\"\" data-image-meta=\"{&quot;aperture&quot;:&quot;4.5&quot;,&quot;credit&quot;:&quot;Picasa&quot;,&quot;camera&quot;:&quot;Canon EOS REBEL SL1&quot;,&quot;caption&quot;:&quot;&quot;,&quot;created_timestamp&quot;:&quot;1508498287&quot;,&quot;copyright&quot;:&quot;Le-Fort.Org 2017&quot;,&quot;focal_length&quot;:&quot;18&quot;,&quot;iso&quot;:&quot;100&quot;,&quot;shutter_speed&quot;:&quot;0.016666666666667&quot;,&quot;title&quot;:&quot;&quot;,&quot;orientation&quot;:&quot;1&quot;}\" data-image-title=\"IMG_0252 1\" data-image-description=\"\" data-medium-file=\"https:\/\/i0.wp.com\/le-fort.org\/cocina\/wp-content\/uploads\/2017\/10\/IMG_0252-1.jpg?fit=600%2C400&#038;ssl=1\" data-large-file=\"https:\/\/i0.wp.com\/le-fort.org\/cocina\/wp-content\/uploads\/2017\/10\/IMG_0252-1.jpg?fit=1200%2C801&#038;ssl=1\" src=\"https:\/\/i0.wp.com\/le-fort.org\/cocina\/wp-content\/uploads\/2017\/10\/IMG_0252-1.jpg?w=432&#038;h=288&#038;ssl=1\" srcset=\"https:\/\/i0.wp.com\/le-fort.org\/cocina\/wp-content\/uploads\/2017\/10\/IMG_0252-1.jpg?w=1280&amp;ssl=1 1280w, https:\/\/i0.wp.com\/le-fort.org\/cocina\/wp-content\/uploads\/2017\/10\/IMG_0252-1.jpg?resize=600%2C400&amp;ssl=1 600w\" width=\"432\" height=\"288\" loading=\"lazy\" data-original-width=\"432\" data-original-height=\"288\" itemprop=\"http:\/\/schema.org\/image\" title=\"IMG_0252 1\" alt=\"D\u00eda del Chef 2017\" style=\"width: 432px; height: 288px;\" \/> <\/a> <div class=\"tiled-gallery-caption\" itemprop=\"caption description\"> D\u00eda del Chef 2017 <\/div> <\/div> <\/div> <!-- close group --> <\/div> <!-- close row --> <div class=\"gallery-row\" style=\"width: 1200px; height: 542px;\" data-original-width=\"1200\" data-original-height=\"542\" > <div class=\"gallery-group images-2\" style=\"width: 390px; height: 542px;\" data-original-width=\"390\" data-original-height=\"542\" > <div class=\"tiled-gallery-item tiled-gallery-item-large\" itemprop=\"associatedMedia\" itemscope itemtype=\"http:\/\/schema.org\/ImageObject\"> <a href=\"https:\/\/le-fort.org\/cocina\/dia-internacional-del-chef-2017\/img_9981-1\/\" border=\"0\" itemprop=\"url\"> <meta itemprop=\"width\" content=\"386\"> <meta itemprop=\"height\" content=\"276\"> <img decoding=\"async\" class=\"\" data-attachment-id=\"9919\" data-orig-file=\"https:\/\/le-fort.org\/cocina\/wp-content\/uploads\/2017\/10\/IMG_9981-1.jpg\" data-orig-size=\"1280,915\" data-comments-opened=\"\" data-image-meta=\"{&quot;aperture&quot;:&quot;5&quot;,&quot;credit&quot;:&quot;Picasa&quot;,&quot;camera&quot;:&quot;Canon EOS REBEL SL1&quot;,&quot;caption&quot;:&quot;&quot;,&quot;created_timestamp&quot;:&quot;1508493496&quot;,&quot;copyright&quot;:&quot;Le-Fort.Org 2017&quot;,&quot;focal_length&quot;:&quot;18&quot;,&quot;iso&quot;:&quot;100&quot;,&quot;shutter_speed&quot;:&quot;0.016666666666667&quot;,&quot;title&quot;:&quot;&quot;,&quot;orientation&quot;:&quot;1&quot;}\" data-image-title=\"IMG_9981 1\" data-image-description=\"\" data-medium-file=\"https:\/\/i0.wp.com\/le-fort.org\/cocina\/wp-content\/uploads\/2017\/10\/IMG_9981-1.jpg?fit=600%2C429&#038;ssl=1\" data-large-file=\"https:\/\/i0.wp.com\/le-fort.org\/cocina\/wp-content\/uploads\/2017\/10\/IMG_9981-1.jpg?fit=1200%2C858&#038;ssl=1\" src=\"https:\/\/i0.wp.com\/le-fort.org\/cocina\/wp-content\/uploads\/2017\/10\/IMG_9981-1.jpg?w=386&#038;h=276&#038;ssl=1\" srcset=\"https:\/\/i0.wp.com\/le-fort.org\/cocina\/wp-content\/uploads\/2017\/10\/IMG_9981-1.jpg?w=1280&amp;ssl=1 1280w, https:\/\/i0.wp.com\/le-fort.org\/cocina\/wp-content\/uploads\/2017\/10\/IMG_9981-1.jpg?resize=600%2C429&amp;ssl=1 600w\" width=\"386\" height=\"276\" loading=\"lazy\" data-original-width=\"386\" data-original-height=\"276\" itemprop=\"http:\/\/schema.org\/image\" title=\"IMG_9981 1\" alt=\"D\u00eda del Chef 2017\" style=\"width: 386px; height: 276px;\" \/> <\/a> <div class=\"tiled-gallery-caption\" itemprop=\"caption description\"> D\u00eda del Chef 2017 <\/div> <\/div> <div class=\"tiled-gallery-item tiled-gallery-item-large\" itemprop=\"associatedMedia\" itemscope itemtype=\"http:\/\/schema.org\/ImageObject\"> <a href=\"https:\/\/le-fort.org\/cocina\/dia-internacional-del-chef-2017\/img_9822-1\/\" border=\"0\" itemprop=\"url\"> <meta itemprop=\"width\" content=\"386\"> <meta itemprop=\"height\" content=\"258\"> <img decoding=\"async\" class=\"\" data-attachment-id=\"9903\" data-orig-file=\"https:\/\/le-fort.org\/cocina\/wp-content\/uploads\/2017\/10\/IMG_9822-1.jpg\" data-orig-size=\"1280,854\" data-comments-opened=\"\" data-image-meta=\"{&quot;aperture&quot;:&quot;5&quot;,&quot;credit&quot;:&quot;Picasa&quot;,&quot;camera&quot;:&quot;Canon EOS REBEL SL1&quot;,&quot;caption&quot;:&quot;&quot;,&quot;created_timestamp&quot;:&quot;1508490384&quot;,&quot;copyright&quot;:&quot;Le-Fort.Org 2017&quot;,&quot;focal_length&quot;:&quot;18&quot;,&quot;iso&quot;:&quot;100&quot;,&quot;shutter_speed&quot;:&quot;0.016666666666667&quot;,&quot;title&quot;:&quot;&quot;,&quot;orientation&quot;:&quot;1&quot;}\" data-image-title=\"IMG_9822 1\" data-image-description=\"\" data-medium-file=\"https:\/\/i0.wp.com\/le-fort.org\/cocina\/wp-content\/uploads\/2017\/10\/IMG_9822-1.jpg?fit=600%2C400&#038;ssl=1\" data-large-file=\"https:\/\/i0.wp.com\/le-fort.org\/cocina\/wp-content\/uploads\/2017\/10\/IMG_9822-1.jpg?fit=1200%2C801&#038;ssl=1\" src=\"https:\/\/i0.wp.com\/le-fort.org\/cocina\/wp-content\/uploads\/2017\/10\/IMG_9822-1.jpg?w=386&#038;h=258&#038;ssl=1\" srcset=\"https:\/\/i0.wp.com\/le-fort.org\/cocina\/wp-content\/uploads\/2017\/10\/IMG_9822-1.jpg?w=1280&amp;ssl=1 1280w, https:\/\/i0.wp.com\/le-fort.org\/cocina\/wp-content\/uploads\/2017\/10\/IMG_9822-1.jpg?resize=600%2C400&amp;ssl=1 600w\" width=\"386\" height=\"258\" loading=\"lazy\" data-original-width=\"386\" data-original-height=\"258\" itemprop=\"http:\/\/schema.org\/image\" title=\"IMG_9822 1\" alt=\"D\u00eda del Chef 2017\" style=\"width: 386px; height: 258px;\" \/> <\/a> <div class=\"tiled-gallery-caption\" itemprop=\"caption description\"> D\u00eda del Chef 2017 <\/div> <\/div> <\/div> <!-- close group --> <div class=\"gallery-group images-1\" style=\"width: 810px; height: 542px;\" data-original-width=\"810\" data-original-height=\"542\" > <div class=\"tiled-gallery-item tiled-gallery-item-large\" itemprop=\"associatedMedia\" itemscope itemtype=\"http:\/\/schema.org\/ImageObject\"> <a href=\"https:\/\/le-fort.org\/cocina\/dia-internacional-del-chef-2017\/img_9751\/\" border=\"0\" itemprop=\"url\"> <meta itemprop=\"width\" content=\"806\"> <meta itemprop=\"height\" content=\"538\"> <img decoding=\"async\" class=\"\" data-attachment-id=\"9895\" data-orig-file=\"https:\/\/le-fort.org\/cocina\/wp-content\/uploads\/2017\/10\/IMG_9751.jpg\" data-orig-size=\"1280,854\" data-comments-opened=\"\" data-image-meta=\"{&quot;aperture&quot;:&quot;5&quot;,&quot;credit&quot;:&quot;Picasa&quot;,&quot;camera&quot;:&quot;Canon EOS REBEL SL1&quot;,&quot;caption&quot;:&quot;&quot;,&quot;created_timestamp&quot;:&quot;1508489580&quot;,&quot;copyright&quot;:&quot;Le-Fort.Org 2017&quot;,&quot;focal_length&quot;:&quot;63&quot;,&quot;iso&quot;:&quot;200&quot;,&quot;shutter_speed&quot;:&quot;0.0125&quot;,&quot;title&quot;:&quot;&quot;,&quot;orientation&quot;:&quot;1&quot;}\" data-image-title=\"IMG_9751\" data-image-description=\"\" data-medium-file=\"https:\/\/i0.wp.com\/le-fort.org\/cocina\/wp-content\/uploads\/2017\/10\/IMG_9751.jpg?fit=600%2C400&#038;ssl=1\" data-large-file=\"https:\/\/i0.wp.com\/le-fort.org\/cocina\/wp-content\/uploads\/2017\/10\/IMG_9751.jpg?fit=1200%2C801&#038;ssl=1\" src=\"https:\/\/i0.wp.com\/le-fort.org\/cocina\/wp-content\/uploads\/2017\/10\/IMG_9751.jpg?w=806&#038;h=538&#038;ssl=1\" srcset=\"https:\/\/i0.wp.com\/le-fort.org\/cocina\/wp-content\/uploads\/2017\/10\/IMG_9751.jpg?w=1280&amp;ssl=1 1280w, https:\/\/i0.wp.com\/le-fort.org\/cocina\/wp-content\/uploads\/2017\/10\/IMG_9751.jpg?resize=600%2C400&amp;ssl=1 600w\" width=\"806\" height=\"538\" loading=\"lazy\" data-original-width=\"806\" data-original-height=\"538\" itemprop=\"http:\/\/schema.org\/image\" title=\"IMG_9751\" alt=\"D\u00eda del Chef 2017\" style=\"width: 806px; height: 538px;\" \/> <\/a> <div class=\"tiled-gallery-caption\" itemprop=\"caption description\"> D\u00eda del Chef 2017 <\/div> <\/div> <\/div> <!-- close group --> <\/div> <!-- close row --> <div class=\"gallery-row\" style=\"width: 1200px; height: 201px;\" data-original-width=\"1200\" data-original-height=\"201\" > <div class=\"gallery-group images-1\" style=\"width: 300px; height: 201px;\" data-original-width=\"300\" data-original-height=\"201\" > <div class=\"tiled-gallery-item tiled-gallery-item-large\" itemprop=\"associatedMedia\" itemscope itemtype=\"http:\/\/schema.org\/ImageObject\"> <a href=\"https:\/\/le-fort.org\/cocina\/dia-internacional-del-chef-2017\/img_9739\/\" border=\"0\" itemprop=\"url\"> <meta itemprop=\"width\" content=\"296\"> <meta itemprop=\"height\" content=\"197\"> <img decoding=\"async\" class=\"\" data-attachment-id=\"9892\" data-orig-file=\"https:\/\/le-fort.org\/cocina\/wp-content\/uploads\/2017\/10\/IMG_9739.jpg\" data-orig-size=\"1280,854\" data-comments-opened=\"\" data-image-meta=\"{&quot;aperture&quot;:&quot;5.6&quot;,&quot;credit&quot;:&quot;Picasa&quot;,&quot;camera&quot;:&quot;Canon EOS REBEL SL1&quot;,&quot;caption&quot;:&quot;&quot;,&quot;created_timestamp&quot;:&quot;1508489242&quot;,&quot;copyright&quot;:&quot;Le-Fort.Org 2017&quot;,&quot;focal_length&quot;:&quot;80&quot;,&quot;iso&quot;:&quot;320&quot;,&quot;shutter_speed&quot;:&quot;0.00625&quot;,&quot;title&quot;:&quot;&quot;,&quot;orientation&quot;:&quot;1&quot;}\" data-image-title=\"IMG_9739\" data-image-description=\"\" data-medium-file=\"https:\/\/i0.wp.com\/le-fort.org\/cocina\/wp-content\/uploads\/2017\/10\/IMG_9739.jpg?fit=600%2C400&#038;ssl=1\" data-large-file=\"https:\/\/i0.wp.com\/le-fort.org\/cocina\/wp-content\/uploads\/2017\/10\/IMG_9739.jpg?fit=1200%2C801&#038;ssl=1\" src=\"https:\/\/i0.wp.com\/le-fort.org\/cocina\/wp-content\/uploads\/2017\/10\/IMG_9739.jpg?w=296&#038;h=197&#038;ssl=1\" srcset=\"https:\/\/i0.wp.com\/le-fort.org\/cocina\/wp-content\/uploads\/2017\/10\/IMG_9739.jpg?w=1280&amp;ssl=1 1280w, https:\/\/i0.wp.com\/le-fort.org\/cocina\/wp-content\/uploads\/2017\/10\/IMG_9739.jpg?resize=600%2C400&amp;ssl=1 600w\" width=\"296\" height=\"197\" loading=\"lazy\" data-original-width=\"296\" data-original-height=\"197\" itemprop=\"http:\/\/schema.org\/image\" title=\"IMG_9739\" alt=\"D\u00eda del Chef 2017\" style=\"width: 296px; height: 197px;\" \/> <\/a> <div class=\"tiled-gallery-caption\" itemprop=\"caption description\"> D\u00eda del Chef 2017 <\/div> <\/div> <\/div> <!-- close group --> <div class=\"gallery-group images-1\" style=\"width: 300px; height: 201px;\" data-original-width=\"300\" data-original-height=\"201\" > <div class=\"tiled-gallery-item tiled-gallery-item-large\" itemprop=\"associatedMedia\" itemscope itemtype=\"http:\/\/schema.org\/ImageObject\"> <a href=\"https:\/\/le-fort.org\/cocina\/dia-internacional-del-chef-2017\/img_9994-1\/\" border=\"0\" itemprop=\"url\"> <meta itemprop=\"width\" content=\"296\"> <meta itemprop=\"height\" content=\"197\"> <img decoding=\"async\" class=\"\" data-attachment-id=\"9920\" data-orig-file=\"https:\/\/le-fort.org\/cocina\/wp-content\/uploads\/2017\/10\/IMG_9994-1.jpg\" data-orig-size=\"1280,854\" data-comments-opened=\"\" data-image-meta=\"{&quot;aperture&quot;:&quot;4&quot;,&quot;credit&quot;:&quot;Picasa&quot;,&quot;camera&quot;:&quot;Canon EOS REBEL SL1&quot;,&quot;caption&quot;:&quot;&quot;,&quot;created_timestamp&quot;:&quot;1508494444&quot;,&quot;copyright&quot;:&quot;Le-Fort.Org 2017&quot;,&quot;focal_length&quot;:&quot;18&quot;,&quot;iso&quot;:&quot;100&quot;,&quot;shutter_speed&quot;:&quot;0.02&quot;,&quot;title&quot;:&quot;&quot;,&quot;orientation&quot;:&quot;1&quot;}\" data-image-title=\"IMG_9994 1\" data-image-description=\"\" data-medium-file=\"https:\/\/i0.wp.com\/le-fort.org\/cocina\/wp-content\/uploads\/2017\/10\/IMG_9994-1.jpg?fit=600%2C400&#038;ssl=1\" data-large-file=\"https:\/\/i0.wp.com\/le-fort.org\/cocina\/wp-content\/uploads\/2017\/10\/IMG_9994-1.jpg?fit=1200%2C801&#038;ssl=1\" src=\"https:\/\/i0.wp.com\/le-fort.org\/cocina\/wp-content\/uploads\/2017\/10\/IMG_9994-1.jpg?w=296&#038;h=197&#038;ssl=1\" srcset=\"https:\/\/i0.wp.com\/le-fort.org\/cocina\/wp-content\/uploads\/2017\/10\/IMG_9994-1.jpg?w=1280&amp;ssl=1 1280w, https:\/\/i0.wp.com\/le-fort.org\/cocina\/wp-content\/uploads\/2017\/10\/IMG_9994-1.jpg?resize=600%2C400&amp;ssl=1 600w\" width=\"296\" height=\"197\" loading=\"lazy\" data-original-width=\"296\" data-original-height=\"197\" itemprop=\"http:\/\/schema.org\/image\" title=\"IMG_9994 1\" alt=\"D\u00eda del Chef 2017\" style=\"width: 296px; height: 197px;\" \/> <\/a> <div class=\"tiled-gallery-caption\" itemprop=\"caption description\"> D\u00eda del Chef 2017 <\/div> <\/div> <\/div> <!-- close group --> <div class=\"gallery-group images-1\" style=\"width: 300px; height: 201px;\" data-original-width=\"300\" data-original-height=\"201\" > <div class=\"tiled-gallery-item tiled-gallery-item-large\" itemprop=\"associatedMedia\" itemscope itemtype=\"http:\/\/schema.org\/ImageObject\"> <a href=\"https:\/\/le-fort.org\/cocina\/dia-internacional-del-chef-2017\/v\/\" border=\"0\" itemprop=\"url\"> <meta itemprop=\"width\" content=\"296\"> <meta itemprop=\"height\" content=\"197\"> <img decoding=\"async\" class=\"\" data-attachment-id=\"9883\" data-orig-file=\"https:\/\/le-fort.org\/cocina\/wp-content\/uploads\/2017\/10\/IMG_0325-1.jpg\" data-orig-size=\"1280,854\" data-comments-opened=\"\" data-image-meta=\"{&quot;aperture&quot;:&quot;3.5&quot;,&quot;credit&quot;:&quot;Picasa&quot;,&quot;camera&quot;:&quot;Canon EOS REBEL SL1&quot;,&quot;caption&quot;:&quot;v&quot;,&quot;created_timestamp&quot;:&quot;1508500604&quot;,&quot;copyright&quot;:&quot;Le-Fort.Org 2017&quot;,&quot;focal_length&quot;:&quot;18&quot;,&quot;iso&quot;:&quot;200&quot;,&quot;shutter_speed&quot;:&quot;0.033333333333333&quot;,&quot;title&quot;:&quot;v&quot;,&quot;orientation&quot;:&quot;1&quot;}\" data-image-title=\"v\" data-image-description=\"\" data-medium-file=\"https:\/\/i0.wp.com\/le-fort.org\/cocina\/wp-content\/uploads\/2017\/10\/IMG_0325-1.jpg?fit=600%2C400&#038;ssl=1\" data-large-file=\"https:\/\/i0.wp.com\/le-fort.org\/cocina\/wp-content\/uploads\/2017\/10\/IMG_0325-1.jpg?fit=1200%2C801&#038;ssl=1\" src=\"https:\/\/i0.wp.com\/le-fort.org\/cocina\/wp-content\/uploads\/2017\/10\/IMG_0325-1.jpg?w=296&#038;h=197&#038;ssl=1\" srcset=\"https:\/\/i0.wp.com\/le-fort.org\/cocina\/wp-content\/uploads\/2017\/10\/IMG_0325-1.jpg?w=1280&amp;ssl=1 1280w, https:\/\/i0.wp.com\/le-fort.org\/cocina\/wp-content\/uploads\/2017\/10\/IMG_0325-1.jpg?resize=600%2C400&amp;ssl=1 600w\" width=\"296\" height=\"197\" loading=\"lazy\" data-original-width=\"296\" data-original-height=\"197\" itemprop=\"http:\/\/schema.org\/image\" title=\"v\" alt=\"D\u00eda del Chef 2017\" style=\"width: 296px; height: 197px;\" \/> <\/a> <div class=\"tiled-gallery-caption\" itemprop=\"caption description\"> D\u00eda del Chef 2017 <\/div> <\/div> <\/div> <!-- close group --> <div class=\"gallery-group images-1\" style=\"width: 300px; height: 201px;\" data-original-width=\"300\" data-original-height=\"201\" > <div class=\"tiled-gallery-item tiled-gallery-item-large\" itemprop=\"associatedMedia\" itemscope itemtype=\"http:\/\/schema.org\/ImageObject\"> <a href=\"https:\/\/le-fort.org\/cocina\/dia-internacional-del-chef-2017\/img_9883-1\/\" border=\"0\" itemprop=\"url\"> <meta itemprop=\"width\" content=\"296\"> <meta itemprop=\"height\" content=\"197\"> <img decoding=\"async\" class=\"\" data-attachment-id=\"9911\" data-orig-file=\"https:\/\/le-fort.org\/cocina\/wp-content\/uploads\/2017\/10\/IMG_9883-1.jpg\" data-orig-size=\"1280,854\" data-comments-opened=\"\" data-image-meta=\"{&quot;aperture&quot;:&quot;6.3&quot;,&quot;credit&quot;:&quot;Picasa&quot;,&quot;camera&quot;:&quot;Canon EOS REBEL SL1&quot;,&quot;caption&quot;:&quot;&quot;,&quot;created_timestamp&quot;:&quot;1508492316&quot;,&quot;copyright&quot;:&quot;Le-Fort.Org 2017&quot;,&quot;focal_length&quot;:&quot;250&quot;,&quot;iso&quot;:&quot;1600&quot;,&quot;shutter_speed&quot;:&quot;0.004&quot;,&quot;title&quot;:&quot;&quot;,&quot;orientation&quot;:&quot;1&quot;}\" data-image-title=\"IMG_9883 1\" data-image-description=\"\" data-medium-file=\"https:\/\/i0.wp.com\/le-fort.org\/cocina\/wp-content\/uploads\/2017\/10\/IMG_9883-1.jpg?fit=600%2C400&#038;ssl=1\" data-large-file=\"https:\/\/i0.wp.com\/le-fort.org\/cocina\/wp-content\/uploads\/2017\/10\/IMG_9883-1.jpg?fit=1200%2C801&#038;ssl=1\" src=\"https:\/\/i0.wp.com\/le-fort.org\/cocina\/wp-content\/uploads\/2017\/10\/IMG_9883-1.jpg?w=296&#038;h=197&#038;ssl=1\" srcset=\"https:\/\/i0.wp.com\/le-fort.org\/cocina\/wp-content\/uploads\/2017\/10\/IMG_9883-1.jpg?w=1280&amp;ssl=1 1280w, https:\/\/i0.wp.com\/le-fort.org\/cocina\/wp-content\/uploads\/2017\/10\/IMG_9883-1.jpg?resize=600%2C400&amp;ssl=1 600w\" width=\"296\" height=\"197\" loading=\"lazy\" data-original-width=\"296\" data-original-height=\"197\" itemprop=\"http:\/\/schema.org\/image\" title=\"IMG_9883 1\" alt=\"D\u00eda del Chef 2017\" style=\"width: 296px; height: 197px;\" \/> <\/a> <div class=\"tiled-gallery-caption\" itemprop=\"caption description\"> D\u00eda del Chef 2017 <\/div> <\/div> <\/div> <!-- close group --> <\/div> <!-- close row --> <\/div>\n<p>Tuvimos ocasi\u00f3n de encontrarnos con amistades del rubro y de conocer personas nuevas e interesantes, como suele suceder en esta profesi\u00f3n.<\/p>\n<p>Excelente D\u00eda del Chef 2017.<\/p>\n<figure id=\"attachment_9787\" aria-describedby=\"caption-attachment-9787\" style=\"width: 874px\" class=\"wp-caption aligncenter\"><img data-recalc-dims=\"1\" loading=\"lazy\" decoding=\"async\" data-attachment-id=\"9787\" data-permalink=\"https:\/\/le-fort.org\/cocina\/dia-internacional-del-chef-2017\/chefs-day-2017\/\" data-orig-file=\"https:\/\/i0.wp.com\/le-fort.org\/cocina\/wp-content\/uploads\/2017\/10\/chefs-day-2017.jpg?fit=2000%2C1200&amp;ssl=1\" data-orig-size=\"2000,1200\" data-comments-opened=\"0\" data-image-meta=\"{&quot;aperture&quot;:&quot;0&quot;,&quot;credit&quot;:&quot;&quot;,&quot;camera&quot;:&quot;&quot;,&quot;caption&quot;:&quot;&quot;,&quot;created_timestamp&quot;:&quot;0&quot;,&quot;copyright&quot;:&quot;&quot;,&quot;focal_length&quot;:&quot;0&quot;,&quot;iso&quot;:&quot;0&quot;,&quot;shutter_speed&quot;:&quot;0&quot;,&quot;title&quot;:&quot;&quot;,&quot;orientation&quot;:&quot;0&quot;}\" data-image-title=\"chefs-day-2017\" data-image-description=\"\" data-image-caption=\"&lt;p&gt;Algunos de los cocineros presentes&lt;\/p&gt;\n\" data-large-file=\"https:\/\/i0.wp.com\/le-fort.org\/cocina\/wp-content\/uploads\/2017\/10\/chefs-day-2017.jpg?fit=1200%2C720&amp;ssl=1\" class=\"size-large wp-image-9787\" src=\"https:\/\/i0.wp.com\/le-fort.org\/wp-content\/uploads\/2017\/10\/chefs-day-2017-1280x768.jpg?resize=874%2C524&#038;ssl=1\" alt=\"D\u00eda Internacional del Chef 2017. Chefs\" width=\"874\" height=\"524\" srcset=\"https:\/\/i0.wp.com\/le-fort.org\/cocina\/wp-content\/uploads\/2017\/10\/chefs-day-2017.jpg?resize=1280%2C768&amp;ssl=1 1280w, https:\/\/i0.wp.com\/le-fort.org\/cocina\/wp-content\/uploads\/2017\/10\/chefs-day-2017.jpg?resize=600%2C360&amp;ssl=1 600w, https:\/\/i0.wp.com\/le-fort.org\/cocina\/wp-content\/uploads\/2017\/10\/chefs-day-2017.jpg?w=2000&amp;ssl=1 2000w\" sizes=\"auto, (max-width: 874px) 100vw, 874px\" \/><figcaption id=\"caption-attachment-9787\" class=\"wp-caption-text\">Algunos de los cocineros presentes<\/figcaption><\/figure>\n","protected":false},"excerpt":{"rendered":"<p>D\u00eda Internacional del Chef 2017. Fuimos invitados a colaborar en la celebraci\u00f3n del d\u00eda del Chef ense\u00f1ando nutrici\u00f3n a ni\u00f1os. Excelente experiencia. Gracias a la Asociaci\u00f3n de Chefs del Ecuador y a Nestl\u00e9 Professional.<\/p>\n","protected":false},"author":1,"featured_media":9924,"comment_status":"closed","ping_status":"closed","sticky":false,"template":"","format":"standard","meta":{"_jetpack_newsletter_access":"","_jetpack_dont_email_post_to_subs":false,"_jetpack_newsletter_tier_id":0,"_jetpack_memberships_contains_paywalled_content":false,"_jetpack_memberships_contains_paid_content":false,"footnotes":""},"categories":[1],"tags":[784,711,363,714,724],"class_list":["post-9780","post","type-post","status-publish","format-standard","has-post-thumbnail","hentry","category-general","tag-alianzas","tag-asociacion-de-chefs-del-ecuador","tag-eventos","tag-nestle","tag-top","entry","has-media"],"jetpack_featured_media_url":"https:\/\/i0.wp.com\/le-fort.org\/cocina\/wp-content\/uploads\/2017\/10\/dia-chef-hd.jpg?fit=1500%2C500&ssl=1","jetpack_shortlink":"https:\/\/wp.me\/pghKer-2xK","jetpack_sharing_enabled":true,"jetpack-related-posts":[{"id":10823,"url":"https:\/\/le-fort.org\/cocina\/resumen-del-2017\/","url_meta":{"origin":9780,"position":0},"title":"Resumen del 2017","author":"Le-Fort.org","date":"24 de Diciembre, 2017","format":false,"excerpt":"El 2017 fue un buen a\u00f1o en lo que se refiere al quehacer gastron\u00f3mico en la cocina, en el aula y en la mesa. Participamos en bellos proyectos y eventos, conocimos gente buena e interesante y fue un a\u00f1o de cambios y crecimiento, tambi\u00e9n de metas cumplidas. Algunos puntos altos\u2026","rel":"","context":"En &quot;Cavilaciones&quot;","block_context":{"text":"Cavilaciones","link":"https:\/\/le-fort.org\/cocina\/categoria\/cavilaciones\/"},"img":{"alt_text":"","src":"https:\/\/i0.wp.com\/le-fort.org\/cocina\/wp-content\/uploads\/2017\/07\/ambato-hd.jpg?fit=1200%2C400&ssl=1&resize=350%2C200","width":350,"height":200,"srcset":"https:\/\/i0.wp.com\/le-fort.org\/cocina\/wp-content\/uploads\/2017\/07\/ambato-hd.jpg?fit=1200%2C400&ssl=1&resize=350%2C200 1x, https:\/\/i0.wp.com\/le-fort.org\/cocina\/wp-content\/uploads\/2017\/07\/ambato-hd.jpg?fit=1200%2C400&ssl=1&resize=525%2C300 1.5x, https:\/\/i0.wp.com\/le-fort.org\/cocina\/wp-content\/uploads\/2017\/07\/ambato-hd.jpg?fit=1200%2C400&ssl=1&resize=700%2C400 2x, https:\/\/i0.wp.com\/le-fort.org\/cocina\/wp-content\/uploads\/2017\/07\/ambato-hd.jpg?fit=1200%2C400&ssl=1&resize=1050%2C600 3x"},"classes":[]},{"id":12631,"url":"https:\/\/le-fort.org\/cocina\/manipulacion-e-inocuidad-en-azogues\/","url_meta":{"origin":9780,"position":1},"title":"Nutrici\u00f3n e Inocuidad en Azogues","author":"Le-Fort.org","date":"9 de Junio, 2018","format":false,"excerpt":"Dictamos un curso de Manipulaci\u00f3n de Alimentos y de Introducci\u00f3n a la Nutrici\u00f3n en la C\u00e1mara de Comercio e Industrias de la ciudad de Azogues. Fue una muy buena experiencia. Fue un curso de dos sesiones: en la primera tratamos manipulaci\u00f3n de alimentos y en la segunda, nutrici\u00f3n. Fuimos como\u2026","rel":"","context":"En &quot;Educaci\u00f3n&quot;","block_context":{"text":"Educaci\u00f3n","link":"https:\/\/le-fort.org\/cocina\/categoria\/educacion\/"},"img":{"alt_text":"","src":"https:\/\/i0.wp.com\/le-fort.org\/cocina\/wp-content\/uploads\/2018\/06\/azogues-hd.jpg?fit=1200%2C400&ssl=1&resize=350%2C200","width":350,"height":200,"srcset":"https:\/\/i0.wp.com\/le-fort.org\/cocina\/wp-content\/uploads\/2018\/06\/azogues-hd.jpg?fit=1200%2C400&ssl=1&resize=350%2C200 1x, https:\/\/i0.wp.com\/le-fort.org\/cocina\/wp-content\/uploads\/2018\/06\/azogues-hd.jpg?fit=1200%2C400&ssl=1&resize=525%2C300 1.5x, https:\/\/i0.wp.com\/le-fort.org\/cocina\/wp-content\/uploads\/2018\/06\/azogues-hd.jpg?fit=1200%2C400&ssl=1&resize=700%2C400 2x, https:\/\/i0.wp.com\/le-fort.org\/cocina\/wp-content\/uploads\/2018\/06\/azogues-hd.jpg?fit=1200%2C400&ssl=1&resize=1050%2C600 3x"},"classes":[]},{"id":11355,"url":"https:\/\/le-fort.org\/cocina\/graduacion-chefs-santa-elena\/","url_meta":{"origin":9780,"position":2},"title":"Graduaci\u00f3n en Santa Elena","author":"Le-Fort.org","date":"13 de Enero, 2018","format":false,"excerpt":"Tuvimos la alegr\u00eda de representar a la Asociaci\u00f3n de Chefs del Ecuador en la graduaci\u00f3n de la cuarta generaci\u00f3n de Chefs de Partida de la Escuela de Alta Cocina Arte Chef\u00a0en Salinas, Santa Elena. Este evento fue particularmente significativo para nosotros, porque aqu\u00ed fue donde estudiamos y obtuvimos nuestras primeras\u2026","rel":"","context":"En &quot;Educaci\u00f3n&quot;","block_context":{"text":"Educaci\u00f3n","link":"https:\/\/le-fort.org\/cocina\/categoria\/educacion\/"},"img":{"alt_text":"","src":"https:\/\/i0.wp.com\/le-fort.org\/cocina\/wp-content\/uploads\/2018\/01\/graduacion-hd.jpg?fit=1200%2C400&ssl=1&resize=350%2C200","width":350,"height":200,"srcset":"https:\/\/i0.wp.com\/le-fort.org\/cocina\/wp-content\/uploads\/2018\/01\/graduacion-hd.jpg?fit=1200%2C400&ssl=1&resize=350%2C200 1x, https:\/\/i0.wp.com\/le-fort.org\/cocina\/wp-content\/uploads\/2018\/01\/graduacion-hd.jpg?fit=1200%2C400&ssl=1&resize=525%2C300 1.5x, https:\/\/i0.wp.com\/le-fort.org\/cocina\/wp-content\/uploads\/2018\/01\/graduacion-hd.jpg?fit=1200%2C400&ssl=1&resize=700%2C400 2x, https:\/\/i0.wp.com\/le-fort.org\/cocina\/wp-content\/uploads\/2018\/01\/graduacion-hd.jpg?fit=1200%2C400&ssl=1&resize=1050%2C600 3x"},"classes":[]},{"id":14468,"url":"https:\/\/le-fort.org\/cocina\/graduacion-de-chefs-panaderos-pasteleros\/","url_meta":{"origin":9780,"position":3},"title":"Graduaci\u00f3n de chefs panaderos pasteleros","author":"Le-Fort.org","date":"29 de Septiembre, 2019","format":false,"excerpt":"Graduaci\u00f3n de Emi Sweet Pastry Academy en Azuay.","rel":"","context":"En &quot;Educaci\u00f3n&quot;","block_context":{"text":"Educaci\u00f3n","link":"https:\/\/le-fort.org\/cocina\/categoria\/educacion\/"},"img":{"alt_text":"","src":"https:\/\/i0.wp.com\/le-fort.org\/cocina\/wp-content\/uploads\/2017\/03\/dobos-hd.jpg?fit=1200%2C400&ssl=1&resize=350%2C200","width":350,"height":200,"srcset":"https:\/\/i0.wp.com\/le-fort.org\/cocina\/wp-content\/uploads\/2017\/03\/dobos-hd.jpg?fit=1200%2C400&ssl=1&resize=350%2C200 1x, https:\/\/i0.wp.com\/le-fort.org\/cocina\/wp-content\/uploads\/2017\/03\/dobos-hd.jpg?fit=1200%2C400&ssl=1&resize=525%2C300 1.5x, https:\/\/i0.wp.com\/le-fort.org\/cocina\/wp-content\/uploads\/2017\/03\/dobos-hd.jpg?fit=1200%2C400&ssl=1&resize=700%2C400 2x, https:\/\/i0.wp.com\/le-fort.org\/cocina\/wp-content\/uploads\/2017\/03\/dobos-hd.jpg?fit=1200%2C400&ssl=1&resize=1050%2C600 3x"},"classes":[]},{"id":10234,"url":"https:\/\/le-fort.org\/cocina\/guia-de-tecnicas-culinarias-ecuador\/","url_meta":{"origin":9780,"position":4},"title":"Gu\u00eda de T\u00e9cnicas Culinarias","author":"Le-Fort.org","date":"25 de Noviembre, 2017","format":false,"excerpt":"La Gu\u00eda de T\u00e9cnicas Culinarias es un proyecto de World Chefs con apoyo de Nestl\u00e9 que persigue generar material educativo en gastronom\u00eda.","rel":"","context":"En &quot;Educaci\u00f3n&quot;","block_context":{"text":"Educaci\u00f3n","link":"https:\/\/le-fort.org\/cocina\/categoria\/educacion\/"},"img":{"alt_text":"","src":"https:\/\/i0.wp.com\/le-fort.org\/cocina\/wp-content\/uploads\/2017\/11\/gtc-hd.jpg?fit=1200%2C400&ssl=1&resize=350%2C200","width":350,"height":200,"srcset":"https:\/\/i0.wp.com\/le-fort.org\/cocina\/wp-content\/uploads\/2017\/11\/gtc-hd.jpg?fit=1200%2C400&ssl=1&resize=350%2C200 1x, https:\/\/i0.wp.com\/le-fort.org\/cocina\/wp-content\/uploads\/2017\/11\/gtc-hd.jpg?fit=1200%2C400&ssl=1&resize=525%2C300 1.5x, https:\/\/i0.wp.com\/le-fort.org\/cocina\/wp-content\/uploads\/2017\/11\/gtc-hd.jpg?fit=1200%2C400&ssl=1&resize=700%2C400 2x, https:\/\/i0.wp.com\/le-fort.org\/cocina\/wp-content\/uploads\/2017\/11\/gtc-hd.jpg?fit=1200%2C400&ssl=1&resize=1050%2C600 3x"},"classes":[]},{"id":9791,"url":"https:\/\/le-fort.org\/cocina\/dia-del-turismo-en-la-troncal\/","url_meta":{"origin":9780,"position":5},"title":"D\u00eda del Turismo en La Troncal","author":"Le-Fort.org","date":"30 de Septiembre, 2017","format":false,"excerpt":"Fuimos invitados por la Pre-C\u00e1mara Cantonal de Turismo Cap\u00edtulo La Troncal en representaci\u00f3n de la Asociaci\u00f3n de Chefs del Ecuador\u00a0a la conmemoraci\u00f3n del D\u00eda\u00a0 del Turismo, que se realiz\u00f3 el d\u00eda 30 de septiembre. Nos impresion\u00f3 muy positivamente La Troncal. Uno imagina Ca\u00f1ar como una provincia serrana, pero La Troncal\u2026","rel":"","context":"En &quot;Ecuador&quot;","block_context":{"text":"Ecuador","link":"https:\/\/le-fort.org\/cocina\/categoria\/ecuador\/"},"img":{"alt_text":"","src":"https:\/\/i0.wp.com\/le-fort.org\/cocina\/wp-content\/uploads\/2017\/09\/troncal-hd-1.jpg?fit=1200%2C400&ssl=1&resize=350%2C200","width":350,"height":200,"srcset":"https:\/\/i0.wp.com\/le-fort.org\/cocina\/wp-content\/uploads\/2017\/09\/troncal-hd-1.jpg?fit=1200%2C400&ssl=1&resize=350%2C200 1x, https:\/\/i0.wp.com\/le-fort.org\/cocina\/wp-content\/uploads\/2017\/09\/troncal-hd-1.jpg?fit=1200%2C400&ssl=1&resize=525%2C300 1.5x, https:\/\/i0.wp.com\/le-fort.org\/cocina\/wp-content\/uploads\/2017\/09\/troncal-hd-1.jpg?fit=1200%2C400&ssl=1&resize=700%2C400 2x, https:\/\/i0.wp.com\/le-fort.org\/cocina\/wp-content\/uploads\/2017\/09\/troncal-hd-1.jpg?fit=1200%2C400&ssl=1&resize=1050%2C600 3x"},"classes":[]}],"_links":{"self":[{"href":"https:\/\/le-fort.org\/cocina\/wp-json\/wp\/v2\/posts\/9780","targetHints":{"allow":["GET"]}}],"collection":[{"href":"https:\/\/le-fort.org\/cocina\/wp-json\/wp\/v2\/posts"}],"about":[{"href":"https:\/\/le-fort.org\/cocina\/wp-json\/wp\/v2\/types\/post"}],"author":[{"embeddable":true,"href":"https:\/\/le-fort.org\/cocina\/wp-json\/wp\/v2\/users\/1"}],"replies":[{"embeddable":true,"href":"https:\/\/le-fort.org\/cocina\/wp-json\/wp\/v2\/comments?post=9780"}],"version-history":[{"count":1,"href":"https:\/\/le-fort.org\/cocina\/wp-json\/wp\/v2\/posts\/9780\/revisions"}],"predecessor-version":[{"id":16273,"href":"https:\/\/le-fort.org\/cocina\/wp-json\/wp\/v2\/posts\/9780\/revisions\/16273"}],"wp:featuredmedia":[{"embeddable":true,"href":"https:\/\/le-fort.org\/cocina\/wp-json\/wp\/v2\/media\/9924"}],"wp:attachment":[{"href":"https:\/\/le-fort.org\/cocina\/wp-json\/wp\/v2\/media?parent=9780"}],"wp:term":[{"taxonomy":"category","embeddable":true,"href":"https:\/\/le-fort.org\/cocina\/wp-json\/wp\/v2\/categories?post=9780"},{"taxonomy":"post_tag","embeddable":true,"href":"https:\/\/le-fort.org\/cocina\/wp-json\/wp\/v2\/tags?post=9780"}],"curies":[{"name":"wp","href":"https:\/\/api.w.org\/{rel}","templated":true}]}}